{"id":1334,"date":"2017-02-17T16:07:58","date_gmt":"2017-02-17T15:07:58","guid":{"rendered":"http:\/\/www.viaggiculturalieuropa.it\/blog\/?p=1334"},"modified":"2024-04-09T16:37:19","modified_gmt":"2024-04-09T14:37:19","slug":"cosa-vedere-a-matera-e-dintorni","status":"publish","type":"post","link":"https:\/\/www.viaggiculturalieuropa.it\/blog\/cosa-vedere-a-matera-e-dintorni\/","title":{"rendered":"Cosa vedere a Matera e dintorni in tre giorni &#8211; un mini itinerario"},"content":{"rendered":"<p><strong>Cosa vedere a Matera dopo il 2019<\/strong>, anno in cui \u00e8 stata capitale europea della cultura? Quando visitare i Sassi di Matera, in quale periodo dell&#8217;anno?<\/p>\n<p>In questo articolo trovi tutte le risposte a queste domande.<\/p>\n<p>&nbsp;<\/p>\n<p><a title=\"Matera\" href=\"https:\/\/www.flickr.com\/photos\/emilianoll\/14955347486\/in\/photolist-oMy4LJ-73LVpJ-rgk3KY-pEzdeN-RWRDhN-dh1KCk-dRPyte-dkSWU9-8rBJ8k-djRzJV-aBvN6e-B7mNqq-2ZkqxJ-pqdq23-8F7ZHn-8wLWtn-bsLxkF-791aJ4-8wPXFj-5Rqj1V-oY1wfy-afqPL1-nTd8L1-s8V9cU-qpNfcz-bXmZ8f-gnuEh-2ZkhJ1-5RuBjC-8wLXJB-8wLW9X-eEsjNz-8wLYDz-ox66to-bXorhm-p9GiwL-8wPWgE-bXmQjW-6h21di-wqGC8-8wLVRn-pDjkRR-6yNxSR-4FjncM-qLyGc1-qmjJtR-5RuCRL-8wLXhP-5vWtwQ-aTjfAp\" target=\"_blank\" rel=\"noopener\" data-flickr-embed=\"true\"><img loading=\"lazy\" decoding=\"async\" class=\"alignnone\" title=\"Cosa vedere a Matera e dintorni\" src=\"https:\/\/c1.staticflickr.com\/6\/5564\/14955347486_de961b7f01_b.jpg\" alt=\"Cosa vedere a Matera e dintorni\" width=\"1024\" height=\"683\" \/><\/a><script async src=\"\/\/embedr.flickr.com\/assets\/client-code.js\" charset=\"utf-8\"><\/script><\/p>\n<p>&nbsp;<\/p>\n<p>&nbsp;<\/p>\n<h2>Itinerari di Matera e dintorni<\/h2>\n<p>&nbsp;<\/p>\n<p><iframe loading=\"lazy\" src=\"https:\/\/umap.openstreetmap.fr\/it\/map\/matera-e-dintorni_127586?scaleControl=false&amp;miniMap=false&amp;scrollWheelZoom=false&amp;zoomControl=true&amp;allowEdit=false&amp;moreControl=true&amp;searchControl=null&amp;tilelayersControl=null&amp;embedControl=null&amp;datalayersControl=true&amp;onLoadPanel=undefined&amp;captionBar=false\" width=\"100%\" height=\"550px\" frameborder=\"0\"><\/iframe><\/p>\n<p><a style=\"font-size: 12px;\" href=\"https:\/\/umap.openstreetmap.fr\/it\/map\/matera-e-dintorni_127586\">Visualizza la mappa di Matera a schermo intero<\/a><\/p>\n<p>&nbsp;<\/p>\n<p>Tutta la citt\u00e0 di Matera e i centri limitrofi hanno vissuto un&#8217;evoluzione significativa dopo il 2019, hanno in cui la citt\u00e0 lucana \u00e8 stata insignita Capitale Europea della Cultura. Dopo il fermento e l&#8217;importante cresita turistica della citt\u00e0, vediamo perch\u00e9 questo \u00e8 il miglior momento per <strong>visitare Matera e dintorni<\/strong>.<!--more--><\/p>\n<p>&nbsp;<\/p>\n<h2>Quando visitare Matera<\/h2>\n<p>Matera \u00e8 bella tutto l&#8217;anno, ma in alcuni periodi puoi apprezzarla in modo particolare. La primavera e l&#8217;autunno sono i periodi che pi\u00f9 apprezzo, perch\u00e9 non soffri troppo il caldo e l&#8217;affluenza di turisti non \u00e8 molta, a differenza del periodo estivo e delle feste natalizie.<\/p>\n<p>Tra le cose da vedere a Matera in estate la pi\u00f9 caratteristica si tiene il 2 luglio. Per la citt\u00e0 \u00e8 l&#8217;evento pi\u00f9 importante dell&#8217;anno: <strong>la festa della Madonna della Bruna<\/strong>, la santa patrona di Matera. Nel sito ufficiale trovi tutti i dettagli della Festa patronale. In questo video un piccolo assaggio di quello che succede la sera del 2 luglio:<\/p>\n<p>&nbsp;<\/p>\n<p><iframe loading=\"lazy\" src=\"https:\/\/player.vimeo.com\/video\/3037488\" width=\"640\" height=\"480\" frameborder=\"0\" allowfullscreen=\"allowfullscreen\"><\/iframe><\/p>\n<p><a style=\"font-size: 12px;\" href=\"https:\/\/vimeo.com\/3037488\" target=\"_blank\" rel=\"noopener\">Festa della Bruna 2008<\/a> <span style=\"font-size: 12px;\">da<\/span> <a style=\"font-size: 12px;\" href=\"https:\/\/vimeo.com\/user410330\">ilmiotg<\/a> <span style=\"font-size: 12px;\">su<\/span> <a style=\"font-size: 12px;\" href=\"https:\/\/vimeo.com\">Vimeo<\/a>.<\/p>\n<p>&nbsp;<\/p>\n<p>Nel 2024 ci saranno tanti eventi culturali interessanti. In <a href=\"https:\/\/events.materawelcome.it\/events\" target=\"_blank\" rel=\"noopener\">questo sito web<\/a> il calendario completo.<\/p>\n<p>&nbsp;<\/p>\n<p><a title=\"Matera.\" href=\"https:\/\/www.flickr.com\/photos\/36973806@N04\/9851821973\/in\/photolist-g1zarx-eeiWFv-eepFwy-fyL4Z2-5RqiWp-2ZfAoR-qvVbcg-fMjoPh-5RWRoX-mEvw3p-pGK32s-pqeprT-byWNpX-fCjcKt-6EJwpa-rZDG1q-578kGp-8zwjiY-pJrxJa-oMCSmr-aBbKes-oKP9Fd-oMy4LJ-RWRDhN-8wLWtn-8wPXFj-73LVpJ-rgk3KY-pEzdeN-dh1KCk-dRPyte-dkSWU9-8rBJ8k-djRzJV-aBvN6e-B7mNqq-2ZkqxJ-pqdq23-8F7ZHn-bsLxkF-791aJ4-5Rqj1V-oY1wfy-afqPL1-nTd8L1-s8V9cU-qpNfcz-bXmZ8f-8wLXJB-8wLW9X\" target=\"_blank\" rel=\"noopener\" data-flickr-embed=\"true\"><img loading=\"lazy\" decoding=\"async\" class=\"alignnone\" title=\"Visitare Matera\" src=\"https:\/\/c1.staticflickr.com\/6\/5470\/9851821973_4020fe1370_z.jpg\" alt=\"Visitare Matera\" width=\"640\" height=\"348\" \/><\/a><script async src=\"\/\/embedr.flickr.com\/assets\/client-code.js\" charset=\"utf-8\"><\/script><\/p>\n<p>&nbsp;<\/p>\n<h2>Quanti giorni per visitare Matera<\/h2>\n<p><strong>Ti consiglio di visitare Matera in 3 giorni<\/strong>. Uno per visitare i <strong>Sassi di Matera<\/strong> e gli altri due per visitare due centri storici molto molto belli che si trovano nei dintorni di Matera, nel <strong>Parco Nazionale dell&#8217;Alta Murgia: Altamura e Gravina in Puglia<\/strong>.<\/p>\n<p>La citt\u00e0 pullula di bellissimi b&amp;b, ma se viaggi in auto, ti consiglio di cercare una stanza comoda e confortevole nelle citt\u00e0 limitrofe. Ad esempio a Gravina in Puglia, a pochi km da Matera, ti consiglio Stanze Orsini: un favoloso B&amp;b, visitato di persona, in pieno centro storico, con parcheggio riservato e una location che lascio a te giudicare dalle foto nel loro <a href=\"https:\/\/www.stanzeorsini.it\/le-stanze\/\" target=\"_blank\" rel=\"noopener\">sito web<\/a>.<\/p>\n<p>Te l&#8217;ho consigliato per un altro motivo. I gestori di Stanze Orsini offrono il 10% di sconto tutto l&#8217;anno. Pu\u00f2 sembrare banale, ma ti assicuro che durante i periodi di alta stagione, fa una grande differenza.<\/p>\n<p>Se non viaggi in auto, ma vuoi ugualmente approfittare dell&#8217;occasione e prenotare una stanza nel B&amp;b Stanze Orsini, puoi raggiungere Matera in treno oppure in autobus. La fermata \u00e8 a pochissimi passi dall&#8217;ingresso della struttura.<br \/>\nSito Ferrovie Appulo Lucane: <a href=\"http:\/\/ferrovieappulolucane.it\/\" target=\"_blank\" rel=\"noopener\">http:\/\/ferrovieappulolucane.it\/<\/a><\/p>\n<p>&nbsp;<\/p>\n<p><a title=\"Matera\" href=\"https:\/\/www.flickr.com\/photos\/wesbran\/15370416897\/in\/photolist-pqeprT-byWNpX-fCjcKt-6EJwpa-rZDG1q-578kGp-8zwjiY-pJrxJa-oMCSmr-aBbKes-oKP9Fd-oMy4LJ-RWRDhN-8wLWtn-8wPXFj-73LVpJ-rgk3KY-pEzdeN-dh1KCk-dRPyte-dkSWU9-8rBJ8k-djRzJV-aBvN6e-B7mNqq-2ZkqxJ-pqdq23-8F7ZHn-bsLxkF-791aJ4-5Rqj1V-oY1wfy-afqPL1-nTd8L1-s8V9cU-qpNfcz-bXmZ8f-8wLXJB-8wLW9X-8wLYDz-8wPWgE-8wLVRn-8wLXhP-8wPYj5-gnuEh-2ZkhJ1-5RuBjC-eEsjNz-ox66to-bXorhm\" target=\"_blank\" rel=\"noopener\" data-flickr-embed=\"true\"><img loading=\"lazy\" decoding=\"async\" class=\"alignnone\" src=\"https:\/\/c1.staticflickr.com\/4\/3932\/15370416897_6b6e83209d_z.jpg\" alt=\"Matera\" width=\"640\" height=\"481\" \/><\/a><script async src=\"\/\/embedr.flickr.com\/assets\/client-code.js\" charset=\"utf-8\"><\/script><\/p>\n<p>&nbsp;<\/p>\n<h2>Cose da vedere a Matera<\/h2>\n<p><strong>Ti consiglio di visitare Matera a piedi<\/strong>. Il centro storico, i famosi Sassi di Matera, sono un reticolo di stretti vicoli davvero molto suggestivo. Nella mappa ho segnato i luoghi che ritengo pi\u00f9 caratteristici della cultura locale.<\/p>\n<p>Ci sono tantissimi percorsi che puoi seguire. <strong>Puoi anche decidere di visitare i Sassi di Matera senza guida turistica<\/strong>. Troverai tra i vicoli, nelle piazze e davanti a ogni monumento insegne che possono aiutarti a capire meglio la storia della citt\u00e0. Se invece desideri visitare i Sassi di Matera con una guida, prova a dare un&#8217;occhiata <a href=\"http:\/\/www.isassidimatera.com\/\" target=\"_blank\" rel=\"noopener\">qui<\/a>.<\/p>\n<p>Il panorama della Murgia materana non dimentichiamo che \u00e8 stato selezionato da diverse troup cinematografiche, tra cui forse la pi\u00f9 famosa \u00e8 quella che ha portato Mel Gibson a girare nel 2003 <em>La passione di Cristo<\/em>.<\/p>\n<p>Nel centro storico di Matera troverai tanti ristoranti tipici dove mangiare ottimi piatti. Non saprei consigliarti un posto su tutti <strong>dove mangiare a Matera<\/strong>. Personalmente un locale a cui non so rinunciare quando visito i Sassi di Matera \u00e8 la pizzaria Oi Mar\u00ec, in altri pochi posti ho mangiato una pizza cos\u00ec buona.<\/p>\n<blockquote class=\"instagram-media\" style=\"background: #FFF; border: 0; border-radius: 3px; box-shadow: 0 0 1px 0 rgba(0,0,0,0.5),0 1px 10px 0 rgba(0,0,0,0.15); margin: 1px; max-width: 658px; padding: 0; width: calc(100% - 2px);\" data-instgrm-version=\"7\">\n<div style=\"padding: 8px;\">\n<div style=\"background: #F8F8F8; line-height: 0; margin-top: 40px; padding: 37.5% 0; text-align: center; width: 100%;\"><\/div>\n<p style=\"color: #c9c8cd; font-family: Arial,sans-serif; font-size: 14px; line-height: 17px; margin-bottom: 0; margin-top: 8px; overflow: hidden; padding: 8px 0 7px; text-align: center; text-overflow: ellipsis; white-space: nowrap;\"><a style=\"color: #c9c8cd; font-family: Arial,sans-serif; font-size: 14px; font-style: normal; font-weight: normal; line-height: 17px; text-decoration: none;\" href=\"https:\/\/www.instagram.com\/p\/BPk_hAZB_Sk\/\" target=\"_blank\" rel=\"noopener\">Un post condiviso da Stanze Orsini (@stanzeorsini)<\/a> in data: <time style=\"font-family: Arial,sans-serif; font-size: 14px; line-height: 17px;\" datetime=\"2017-01-22T19:14:49+00:00\">22 Gen 2017 alle ore 11:14 PST<\/time><\/p>\n<\/div>\n<\/blockquote>\n<p><script async defer src=\"\/\/platform.instagram.com\/en_US\/embeds.js\"><\/script><\/p>\n<p>&nbsp;<\/p>\n<h2>Cosa vedere nei dintorni di Matera<\/h2>\n<p>Voglio segnalarti due paesi vicino a Matera, che puoi visitare in giornata.<\/p>\n<p>Entrambi si trovano subito dopo il confine pugliese, nel Parco Nazionale dell&#8217;Alta Murgia.<\/p>\n<p>La murgia materana e l&#8217;Alta Murgia barese hanno molti aspetti in comune di carattere storico-paesaggistico, per questo motivo di sicuro gradirai la visita di Gravina in Puglia e Altamura.<\/p>\n<p>&nbsp;<\/p>\n<h3>Gravina in Puglia<\/h3>\n<p><a title=\"Gravina in Puglia\" href=\"https:\/\/www.flickr.com\/photos\/albi_tai\/26460520804\/in\/photolist-Gje5XW-nwhdbG-nQywSK-ecZihq-fN7LJd-npfC3A-jKcqEG-af3dy3-BAg64d-pAsKBz-f64Np2-ehTYkA-7RBDuK-gpRtSx-RTYd5B-8HQ8oi-5KRGb2-oDS9FR-ba7evF-a6mwNd-8NkrDs-HuwA52-fNJ1dg-8ApMXL-8QSBPr-pPJXDe-eew1oH-7MmKea-f9JgU9-qhbMvi-oSGoJw-gpRuSZ-mfY9k-q1nVJk-7RAjM3-8yoQqj-7U3uja-qzyxbj-a6VGz1-nwhaLG-8VbTSp-9xMiJX-q51j5A-mPqFZH-93Bdo9-ePN9fp-fksFAJ-rny6n-4TXsab-nwhvjm\" target=\"_blank\" rel=\"noopener\" data-flickr-embed=\"true\"><img loading=\"lazy\" decoding=\"async\" class=\"alignnone\" src=\"https:\/\/c1.staticflickr.com\/8\/7187\/26460520804_30a514f224_z.jpg\" alt=\"Gravina in Puglia\" width=\"640\" height=\"265\" \/><\/a><script async src=\"\/\/embedr.flickr.com\/assets\/client-code.js\" charset=\"utf-8\"><\/script><\/p>\n<p>Onestamente non ho trovato molte informazioni su Gravina in Puglia. L&#8217;unico blog che posso consigliarti \u00e8 <a href=\"https:\/\/www.stanzeorsini.it\/blog\/\" target=\"_blank\" rel=\"noopener\">questo<\/a>. Per fortuna sono un archeologo e posso spiegarti in breve <strong>perch\u00e9 Gravina in Puglia lascia a bocca aperta i turisti che decidono di visitarla<\/strong>.<\/p>\n<p>Parliamo di un insediamento antichissimo costruito lungo la Gravina, il tipico paesaggio geologico carsico della Murgia.<\/p>\n<p>Molte delle tombe e delle rovine che puoi vedere nel Parco Archeologico, risalgono ai Peuceti, un&#8217;antica popolazione discendente dagli Iapigi.<\/p>\n<p><strong>Gravina in Puglia, detta Sib\u00econ, fu\u00a0uno dei maggiori insediamenti della Peucezia<\/strong>.<\/p>\n<p>Dopo la conquista romana, la citt\u00e0 venn\u00a0ribattezzata <em>Silvium<\/em> e divenne una delle stazioni della Via Appia, l&#8217;antica strada che collegava Roma al porto di Brindisi.<\/p>\n<p>Nel Medioevo la popolazione trov\u00f2 riparo prima nelle grotte della\u00a0Gravina e poi, pian piano, nei rioni Piaggio e Fondo Vico.<\/p>\n<p>Nel corso dei secoli gli abitanti di Gravina hanno saputo costruire\u00a0<strong>uno dei centri storici pi\u00f9 belli della Puglia<\/strong>.<\/p>\n<p>I monumenti di Gravina in Puglia pi\u00f9 belli da visitare sono: la cattedrale romanica, il castello di Federico II, il magnifico torrente, le antiche rovine rupestri e la suggestiva Grotta di San Michele.<\/p>\n<p>Molte altre informazioni sulle bellezze da vedere a Gravina in Puglia, le trovi in questo <a href=\"https:\/\/www.stanzeorsini.it\/blog\/\" target=\"_blank\" rel=\"noopener\">blog<\/a>.<\/p>\n<p>&nbsp;<\/p>\n<h3>Altamura<\/h3>\n<p><a title=\"Altamura\" href=\"https:\/\/www.flickr.com\/photos\/41383688@N04\/8683265457\/in\/photolist-eej1ip-eej1Qe-eepLEA-bLXbfg-ESbDos-by3uFG-by3uUu-8ZBxUT-bLXbwZ-pnEgcK-czX33G-8uwQiP-5ewX8U-6qem8T-9Spgnf-bXuD7y-7g27VF-7nwFRF-bXuTPS-bXuvR5-RSg3Ug-pbFnhr-ptZ9oZ-bXuLX7-bXuEh7-bXuAaW-bXux5o-bXuV91-bXuBr9-bXuW55-bXuy7Y-bXuNTu-bXuSt7-bXuGJy-bXuz4j-bXuNbJ-bXuHQ9-bXuQby-bXuKAf-7AEaSu-4MNbfx-bXuRnf-bXuJFj-bXuFky-pv434Z-S4g7vx-FG3qoE-8yo1L2-5zYoTV-aaueSQ\" target=\"_blank\" rel=\"noopener\" data-flickr-embed=\"true\"><img loading=\"lazy\" decoding=\"async\" class=\"alignnone\" src=\"https:\/\/c1.staticflickr.com\/9\/8389\/8683265457_a549fce841_z.jpg\" alt=\"Altamura\" width=\"640\" height=\"498\" \/><\/a><script async src=\"\/\/embedr.flickr.com\/assets\/client-code.js\" charset=\"utf-8\"><\/script><\/p>\n<p>Anche Altamura come Gravina in Puglia <strong>ha origini antichissime<\/strong>. <strong>La Cattedrale di Altamura<\/strong> \u00e8 di sicuro il monumento pi\u00f9 bello e rappresentativo. <strong>Un&#8217;opera d&#8217;arte medievale<\/strong> tra le pi\u00f9 belle d&#8217;Italia, imperdibile se decidi di visitare Matera e dintorni.<\/p>\n<p>Sin dal nome puoi capire che una delle caratteristiche di Altamura sono <strong>le alte mure che cingono il centro storico<\/strong>. Quando ho visitato l&#8217;ultima volta Altamura \u00e8 stato bello passeggiare seguendo le mura. Altamura \u00e8 uno dei pochi centri storici della Murgia a conservare ampi tratti di mura megalitiche, sfruttate da <strong>Federico II<\/strong> per costruire le imponenti mura medievali.<\/p>\n<p>Proprio Federico II ha avuto un ruolo determinante per la prosperit\u00e0 di Altamura e proprio per questo ogni anno viene ricordata la sua memoria con un evento a tema: <a href=\"http:\/\/www.federicus.it\/\" target=\"_blank\" rel=\"noopener\">Federicus<\/a>, una rievocazione storica medievale che da qualche tempo\u00a0attira migliaia di visitatori.<\/p>\n<p>Se hai altri giorni a disposizione puoi spingerti verso la costa per visitare la bellissima <a href=\"http:\/\/www.viaggiculturalieuropa.it\/blog\/cosa-vedere-a-bari-3-itinerari-medievali\/\" target=\"_blank\" rel=\"noopener\">Bari Vecchia<\/a> oppure nell&#8217;interno lucano fino agli spettacolari <a href=\"http:\/\/www.viaggiculturalieuropa.it\/blog\/viaggi-culturali-in-italia-borghi-abbandonati\/\" target=\"_blank\" rel=\"noopener\">borghi abbandonati<\/a> dell&#8217;entroterra.<\/p>\n","protected":false},"excerpt":{"rendered":"<p>Cosa vedere a Matera dopo il 2019, anno in cui \u00e8 stata capitale europea della cultura? Quando visitare i Sassi di Matera, in quale periodo dell&#8217;anno? In questo articolo trovi tutte le risposte a queste domande. &nbsp; &nbsp; &nbsp; Itinerari di Matera e dintorni &nbsp; Visualizza la mappa di Matera a schermo intero &nbsp; Tutta &#8230; <a title=\"Cosa vedere a Matera e dintorni in tre giorni &#8211; un mini itinerario\" class=\"read-more\" href=\"https:\/\/www.viaggiculturalieuropa.it\/blog\/cosa-vedere-a-matera-e-dintorni\/\">Leggi tutto<span class=\"screen-reader-text\">Cosa vedere a Matera e dintorni in tre giorni &#8211; un mini itinerario<\/span><\/a><\/p>\n","protected":false},"author":2,"featured_media":0,"comment_status":"open","ping_status":"open","sticky":false,"template":"","format":"standard","meta":{"telegram_tosend":false,"telegram_tosend_message":"","telegram_tosend_target":0,"_exactmetrics_skip_tracking":false,"_exactmetrics_sitenote_active":false,"_exactmetrics_sitenote_note":"","_exactmetrics_sitenote_category":0,"_bos_mb_destination":["Matera"],"footnotes":""},"categories":[8],"tags":[],"class_list":["post-1334","post","type-post","status-publish","format-standard","hentry","category-italia"],"yoast_head":"<!-- This site is optimized with the Yoast SEO plugin v27.4 - https:\/\/yoast.com\/product\/yoast-seo-wordpress\/ -->\n<title>Cosa vedere a Matera e dintorni in tre giorni - un mini itinerario<\/title>\n<meta name=\"description\" content=\"Cosa vedere a Matera dopo il 2019, anno in cui \u00e8 stata capitale europea della cultura? Quando visitare i Sassi di Matera, in quale periodo dell&#039;anno?\" \/>\n<meta name=\"robots\" content=\"index, follow, max-snippet:-1, max-image-preview:large, max-video-preview:-1\" \/>\n<link rel=\"canonical\" href=\"https:\/\/www.viaggiculturalieuropa.it\/blog\/cosa-vedere-a-matera-e-dintorni\/\" \/>\n<meta property=\"og:locale\" content=\"it_IT\" \/>\n<meta property=\"og:type\" content=\"article\" \/>\n<meta property=\"og:title\" content=\"Cosa vedere a Matera e dintorni in tre giorni - un mini itinerario\" \/>\n<meta property=\"og:description\" content=\"Cosa vedere a Matera dopo il 2019, anno in cui \u00e8 stata capitale europea della cultura? Quando visitare i Sassi di Matera, in quale periodo dell&#039;anno?\" \/>\n<meta property=\"og:url\" content=\"https:\/\/www.viaggiculturalieuropa.it\/blog\/cosa-vedere-a-matera-e-dintorni\/\" \/>\n<meta property=\"og:site_name\" content=\"Viaggi Culturali Europa\" \/>\n<meta property=\"article:published_time\" content=\"2017-02-17T15:07:58+00:00\" \/>\n<meta property=\"article:modified_time\" content=\"2024-04-09T14:37:19+00:00\" \/>\n<meta property=\"og:image\" content=\"https:\/\/c1.staticflickr.com\/6\/5564\/14955347486_de961b7f01_b.jpg\" \/>\n<meta name=\"author\" content=\"Alessandro Paoli\" \/>\n<meta name=\"twitter:card\" content=\"summary_large_image\" \/>\n<meta name=\"twitter:label1\" content=\"Scritto da\" \/>\n\t<meta name=\"twitter:data1\" content=\"Alessandro Paoli\" \/>\n\t<meta name=\"twitter:label2\" content=\"Tempo di lettura stimato\" \/>\n\t<meta name=\"twitter:data2\" content=\"7 minuti\" \/>\n<script type=\"application\/ld+json\" class=\"yoast-schema-graph\">{\"@context\":\"https:\\\/\\\/schema.org\",\"@graph\":[{\"@type\":\"Article\",\"@id\":\"https:\\\/\\\/www.viaggiculturalieuropa.it\\\/blog\\\/cosa-vedere-a-matera-e-dintorni\\\/#article\",\"isPartOf\":{\"@id\":\"https:\\\/\\\/www.viaggiculturalieuropa.it\\\/blog\\\/cosa-vedere-a-matera-e-dintorni\\\/\"},\"author\":{\"name\":\"Alessandro Paoli\",\"@id\":\"https:\\\/\\\/www.viaggiculturalieuropa.it\\\/blog\\\/#\\\/schema\\\/person\\\/c308935b9c5ce1c1f251a716046a5e77\"},\"headline\":\"Cosa vedere a Matera e dintorni in tre giorni &#8211; un mini itinerario\",\"datePublished\":\"2017-02-17T15:07:58+00:00\",\"dateModified\":\"2024-04-09T14:37:19+00:00\",\"mainEntityOfPage\":{\"@id\":\"https:\\\/\\\/www.viaggiculturalieuropa.it\\\/blog\\\/cosa-vedere-a-matera-e-dintorni\\\/\"},\"wordCount\":1070,\"commentCount\":0,\"publisher\":{\"@id\":\"https:\\\/\\\/www.viaggiculturalieuropa.it\\\/blog\\\/#organization\"},\"image\":{\"@id\":\"https:\\\/\\\/www.viaggiculturalieuropa.it\\\/blog\\\/cosa-vedere-a-matera-e-dintorni\\\/#primaryimage\"},\"thumbnailUrl\":\"https:\\\/\\\/c1.staticflickr.com\\\/6\\\/5564\\\/14955347486_de961b7f01_b.jpg\",\"articleSection\":[\"Italia\"],\"inLanguage\":\"it-IT\",\"potentialAction\":[{\"@type\":\"CommentAction\",\"name\":\"Comment\",\"target\":[\"https:\\\/\\\/www.viaggiculturalieuropa.it\\\/blog\\\/cosa-vedere-a-matera-e-dintorni\\\/#respond\"]}]},{\"@type\":\"WebPage\",\"@id\":\"https:\\\/\\\/www.viaggiculturalieuropa.it\\\/blog\\\/cosa-vedere-a-matera-e-dintorni\\\/\",\"url\":\"https:\\\/\\\/www.viaggiculturalieuropa.it\\\/blog\\\/cosa-vedere-a-matera-e-dintorni\\\/\",\"name\":\"Cosa vedere a Matera e dintorni in tre giorni - un mini itinerario\",\"isPartOf\":{\"@id\":\"https:\\\/\\\/www.viaggiculturalieuropa.it\\\/blog\\\/#website\"},\"primaryImageOfPage\":{\"@id\":\"https:\\\/\\\/www.viaggiculturalieuropa.it\\\/blog\\\/cosa-vedere-a-matera-e-dintorni\\\/#primaryimage\"},\"image\":{\"@id\":\"https:\\\/\\\/www.viaggiculturalieuropa.it\\\/blog\\\/cosa-vedere-a-matera-e-dintorni\\\/#primaryimage\"},\"thumbnailUrl\":\"https:\\\/\\\/c1.staticflickr.com\\\/6\\\/5564\\\/14955347486_de961b7f01_b.jpg\",\"datePublished\":\"2017-02-17T15:07:58+00:00\",\"dateModified\":\"2024-04-09T14:37:19+00:00\",\"description\":\"Cosa vedere a Matera dopo il 2019, anno in cui \u00e8 stata capitale europea della cultura? Quando visitare i Sassi di Matera, in quale periodo dell'anno?\",\"breadcrumb\":{\"@id\":\"https:\\\/\\\/www.viaggiculturalieuropa.it\\\/blog\\\/cosa-vedere-a-matera-e-dintorni\\\/#breadcrumb\"},\"inLanguage\":\"it-IT\",\"potentialAction\":[{\"@type\":\"ReadAction\",\"target\":[\"https:\\\/\\\/www.viaggiculturalieuropa.it\\\/blog\\\/cosa-vedere-a-matera-e-dintorni\\\/\"]}]},{\"@type\":\"ImageObject\",\"inLanguage\":\"it-IT\",\"@id\":\"https:\\\/\\\/www.viaggiculturalieuropa.it\\\/blog\\\/cosa-vedere-a-matera-e-dintorni\\\/#primaryimage\",\"url\":\"https:\\\/\\\/c1.staticflickr.com\\\/6\\\/5564\\\/14955347486_de961b7f01_b.jpg\",\"contentUrl\":\"https:\\\/\\\/c1.staticflickr.com\\\/6\\\/5564\\\/14955347486_de961b7f01_b.jpg\"},{\"@type\":\"BreadcrumbList\",\"@id\":\"https:\\\/\\\/www.viaggiculturalieuropa.it\\\/blog\\\/cosa-vedere-a-matera-e-dintorni\\\/#breadcrumb\",\"itemListElement\":[{\"@type\":\"ListItem\",\"position\":1,\"name\":\"Home\",\"item\":\"https:\\\/\\\/www.viaggiculturalieuropa.it\\\/blog\\\/\"},{\"@type\":\"ListItem\",\"position\":2,\"name\":\"Cosa vedere a Matera e dintorni in tre giorni &#8211; un mini itinerario\"}]},{\"@type\":\"WebSite\",\"@id\":\"https:\\\/\\\/www.viaggiculturalieuropa.it\\\/blog\\\/#website\",\"url\":\"https:\\\/\\\/www.viaggiculturalieuropa.it\\\/blog\\\/\",\"name\":\"Viaggi Culturali Europa\",\"description\":\"Scovo i luoghi culturali che hanno creato nel tempo le identit\u00e0 europee e li porto a conoscenza di chi ama viaggiare.\",\"publisher\":{\"@id\":\"https:\\\/\\\/www.viaggiculturalieuropa.it\\\/blog\\\/#organization\"},\"potentialAction\":[{\"@type\":\"SearchAction\",\"target\":{\"@type\":\"EntryPoint\",\"urlTemplate\":\"https:\\\/\\\/www.viaggiculturalieuropa.it\\\/blog\\\/?s={search_term_string}\"},\"query-input\":{\"@type\":\"PropertyValueSpecification\",\"valueRequired\":true,\"valueName\":\"search_term_string\"}}],\"inLanguage\":\"it-IT\"},{\"@type\":\"Organization\",\"@id\":\"https:\\\/\\\/www.viaggiculturalieuropa.it\\\/blog\\\/#organization\",\"name\":\"Viaggi Culturali Europa\",\"url\":\"https:\\\/\\\/www.viaggiculturalieuropa.it\\\/blog\\\/\",\"logo\":{\"@type\":\"ImageObject\",\"inLanguage\":\"it-IT\",\"@id\":\"https:\\\/\\\/www.viaggiculturalieuropa.it\\\/blog\\\/#\\\/schema\\\/logo\\\/image\\\/\",\"url\":\"https:\\\/\\\/www.viaggiculturalieuropa.it\\\/blog\\\/wp-content\\\/uploads\\\/2015\\\/08\\\/viaggi_culturali_europa.png\",\"contentUrl\":\"https:\\\/\\\/www.viaggiculturalieuropa.it\\\/blog\\\/wp-content\\\/uploads\\\/2015\\\/08\\\/viaggi_culturali_europa.png\",\"width\":300,\"height\":44,\"caption\":\"Viaggi Culturali Europa\"},\"image\":{\"@id\":\"https:\\\/\\\/www.viaggiculturalieuropa.it\\\/blog\\\/#\\\/schema\\\/logo\\\/image\\\/\"}},{\"@type\":\"Person\",\"@id\":\"https:\\\/\\\/www.viaggiculturalieuropa.it\\\/blog\\\/#\\\/schema\\\/person\\\/c308935b9c5ce1c1f251a716046a5e77\",\"name\":\"Alessandro Paoli\",\"image\":{\"@type\":\"ImageObject\",\"inLanguage\":\"it-IT\",\"@id\":\"https:\\\/\\\/secure.gravatar.com\\\/avatar\\\/a06e1e35af134cbabb249dd93e2e616241fa2788c42ccdd07d6cfa1217a89052?s=96&d=blank&r=g\",\"url\":\"https:\\\/\\\/secure.gravatar.com\\\/avatar\\\/a06e1e35af134cbabb249dd93e2e616241fa2788c42ccdd07d6cfa1217a89052?s=96&d=blank&r=g\",\"contentUrl\":\"https:\\\/\\\/secure.gravatar.com\\\/avatar\\\/a06e1e35af134cbabb249dd93e2e616241fa2788c42ccdd07d6cfa1217a89052?s=96&d=blank&r=g\",\"caption\":\"Alessandro Paoli\"},\"sameAs\":[\"http:\\\/\\\/www.viaggiculturalieuropa.it\"],\"url\":\"https:\\\/\\\/www.viaggiculturalieuropa.it\\\/blog\\\/author\\\/alessandro\\\/\"}]}<\/script>\n<!-- \/ Yoast SEO plugin. -->","yoast_head_json":{"title":"Cosa vedere a Matera e dintorni in tre giorni - un mini itinerario","description":"Cosa vedere a Matera dopo il 2019, anno in cui \u00e8 stata capitale europea della cultura? Quando visitare i Sassi di Matera, in quale periodo dell'anno?","robots":{"index":"index","follow":"follow","max-snippet":"max-snippet:-1","max-image-preview":"max-image-preview:large","max-video-preview":"max-video-preview:-1"},"canonical":"https:\/\/www.viaggiculturalieuropa.it\/blog\/cosa-vedere-a-matera-e-dintorni\/","og_locale":"it_IT","og_type":"article","og_title":"Cosa vedere a Matera e dintorni in tre giorni - un mini itinerario","og_description":"Cosa vedere a Matera dopo il 2019, anno in cui \u00e8 stata capitale europea della cultura? Quando visitare i Sassi di Matera, in quale periodo dell'anno?","og_url":"https:\/\/www.viaggiculturalieuropa.it\/blog\/cosa-vedere-a-matera-e-dintorni\/","og_site_name":"Viaggi Culturali Europa","article_published_time":"2017-02-17T15:07:58+00:00","article_modified_time":"2024-04-09T14:37:19+00:00","og_image":[{"url":"https:\/\/c1.staticflickr.com\/6\/5564\/14955347486_de961b7f01_b.jpg","type":"","width":"","height":""}],"author":"Alessandro Paoli","twitter_card":"summary_large_image","twitter_misc":{"Scritto da":"Alessandro Paoli","Tempo di lettura stimato":"7 minuti"},"schema":{"@context":"https:\/\/schema.org","@graph":[{"@type":"Article","@id":"https:\/\/www.viaggiculturalieuropa.it\/blog\/cosa-vedere-a-matera-e-dintorni\/#article","isPartOf":{"@id":"https:\/\/www.viaggiculturalieuropa.it\/blog\/cosa-vedere-a-matera-e-dintorni\/"},"author":{"name":"Alessandro Paoli","@id":"https:\/\/www.viaggiculturalieuropa.it\/blog\/#\/schema\/person\/c308935b9c5ce1c1f251a716046a5e77"},"headline":"Cosa vedere a Matera e dintorni in tre giorni &#8211; un mini itinerario","datePublished":"2017-02-17T15:07:58+00:00","dateModified":"2024-04-09T14:37:19+00:00","mainEntityOfPage":{"@id":"https:\/\/www.viaggiculturalieuropa.it\/blog\/cosa-vedere-a-matera-e-dintorni\/"},"wordCount":1070,"commentCount":0,"publisher":{"@id":"https:\/\/www.viaggiculturalieuropa.it\/blog\/#organization"},"image":{"@id":"https:\/\/www.viaggiculturalieuropa.it\/blog\/cosa-vedere-a-matera-e-dintorni\/#primaryimage"},"thumbnailUrl":"https:\/\/c1.staticflickr.com\/6\/5564\/14955347486_de961b7f01_b.jpg","articleSection":["Italia"],"inLanguage":"it-IT","potentialAction":[{"@type":"CommentAction","name":"Comment","target":["https:\/\/www.viaggiculturalieuropa.it\/blog\/cosa-vedere-a-matera-e-dintorni\/#respond"]}]},{"@type":"WebPage","@id":"https:\/\/www.viaggiculturalieuropa.it\/blog\/cosa-vedere-a-matera-e-dintorni\/","url":"https:\/\/www.viaggiculturalieuropa.it\/blog\/cosa-vedere-a-matera-e-dintorni\/","name":"Cosa vedere a Matera e dintorni in tre giorni - un mini itinerario","isPartOf":{"@id":"https:\/\/www.viaggiculturalieuropa.it\/blog\/#website"},"primaryImageOfPage":{"@id":"https:\/\/www.viaggiculturalieuropa.it\/blog\/cosa-vedere-a-matera-e-dintorni\/#primaryimage"},"image":{"@id":"https:\/\/www.viaggiculturalieuropa.it\/blog\/cosa-vedere-a-matera-e-dintorni\/#primaryimage"},"thumbnailUrl":"https:\/\/c1.staticflickr.com\/6\/5564\/14955347486_de961b7f01_b.jpg","datePublished":"2017-02-17T15:07:58+00:00","dateModified":"2024-04-09T14:37:19+00:00","description":"Cosa vedere a Matera dopo il 2019, anno in cui \u00e8 stata capitale europea della cultura? Quando visitare i Sassi di Matera, in quale periodo dell'anno?","breadcrumb":{"@id":"https:\/\/www.viaggiculturalieuropa.it\/blog\/cosa-vedere-a-matera-e-dintorni\/#breadcrumb"},"inLanguage":"it-IT","potentialAction":[{"@type":"ReadAction","target":["https:\/\/www.viaggiculturalieuropa.it\/blog\/cosa-vedere-a-matera-e-dintorni\/"]}]},{"@type":"ImageObject","inLanguage":"it-IT","@id":"https:\/\/www.viaggiculturalieuropa.it\/blog\/cosa-vedere-a-matera-e-dintorni\/#primaryimage","url":"https:\/\/c1.staticflickr.com\/6\/5564\/14955347486_de961b7f01_b.jpg","contentUrl":"https:\/\/c1.staticflickr.com\/6\/5564\/14955347486_de961b7f01_b.jpg"},{"@type":"BreadcrumbList","@id":"https:\/\/www.viaggiculturalieuropa.it\/blog\/cosa-vedere-a-matera-e-dintorni\/#breadcrumb","itemListElement":[{"@type":"ListItem","position":1,"name":"Home","item":"https:\/\/www.viaggiculturalieuropa.it\/blog\/"},{"@type":"ListItem","position":2,"name":"Cosa vedere a Matera e dintorni in tre giorni &#8211; un mini itinerario"}]},{"@type":"WebSite","@id":"https:\/\/www.viaggiculturalieuropa.it\/blog\/#website","url":"https:\/\/www.viaggiculturalieuropa.it\/blog\/","name":"Viaggi Culturali Europa","description":"Scovo i luoghi culturali che hanno creato nel tempo le identit\u00e0 europee e li porto a conoscenza di chi ama viaggiare.","publisher":{"@id":"https:\/\/www.viaggiculturalieuropa.it\/blog\/#organization"},"potentialAction":[{"@type":"SearchAction","target":{"@type":"EntryPoint","urlTemplate":"https:\/\/www.viaggiculturalieuropa.it\/blog\/?s={search_term_string}"},"query-input":{"@type":"PropertyValueSpecification","valueRequired":true,"valueName":"search_term_string"}}],"inLanguage":"it-IT"},{"@type":"Organization","@id":"https:\/\/www.viaggiculturalieuropa.it\/blog\/#organization","name":"Viaggi Culturali Europa","url":"https:\/\/www.viaggiculturalieuropa.it\/blog\/","logo":{"@type":"ImageObject","inLanguage":"it-IT","@id":"https:\/\/www.viaggiculturalieuropa.it\/blog\/#\/schema\/logo\/image\/","url":"https:\/\/www.viaggiculturalieuropa.it\/blog\/wp-content\/uploads\/2015\/08\/viaggi_culturali_europa.png","contentUrl":"https:\/\/www.viaggiculturalieuropa.it\/blog\/wp-content\/uploads\/2015\/08\/viaggi_culturali_europa.png","width":300,"height":44,"caption":"Viaggi Culturali Europa"},"image":{"@id":"https:\/\/www.viaggiculturalieuropa.it\/blog\/#\/schema\/logo\/image\/"}},{"@type":"Person","@id":"https:\/\/www.viaggiculturalieuropa.it\/blog\/#\/schema\/person\/c308935b9c5ce1c1f251a716046a5e77","name":"Alessandro Paoli","image":{"@type":"ImageObject","inLanguage":"it-IT","@id":"https:\/\/secure.gravatar.com\/avatar\/a06e1e35af134cbabb249dd93e2e616241fa2788c42ccdd07d6cfa1217a89052?s=96&d=blank&r=g","url":"https:\/\/secure.gravatar.com\/avatar\/a06e1e35af134cbabb249dd93e2e616241fa2788c42ccdd07d6cfa1217a89052?s=96&d=blank&r=g","contentUrl":"https:\/\/secure.gravatar.com\/avatar\/a06e1e35af134cbabb249dd93e2e616241fa2788c42ccdd07d6cfa1217a89052?s=96&d=blank&r=g","caption":"Alessandro Paoli"},"sameAs":["http:\/\/www.viaggiculturalieuropa.it"],"url":"https:\/\/www.viaggiculturalieuropa.it\/blog\/author\/alessandro\/"}]}},"_links":{"self":[{"href":"https:\/\/www.viaggiculturalieuropa.it\/blog\/wp-json\/wp\/v2\/posts\/1334","targetHints":{"allow":["GET"]}}],"collection":[{"href":"https:\/\/www.viaggiculturalieuropa.it\/blog\/wp-json\/wp\/v2\/posts"}],"about":[{"href":"https:\/\/www.viaggiculturalieuropa.it\/blog\/wp-json\/wp\/v2\/types\/post"}],"author":[{"embeddable":true,"href":"https:\/\/www.viaggiculturalieuropa.it\/blog\/wp-json\/wp\/v2\/users\/2"}],"replies":[{"embeddable":true,"href":"https:\/\/www.viaggiculturalieuropa.it\/blog\/wp-json\/wp\/v2\/comments?post=1334"}],"version-history":[{"count":4,"href":"https:\/\/www.viaggiculturalieuropa.it\/blog\/wp-json\/wp\/v2\/posts\/1334\/revisions"}],"predecessor-version":[{"id":2939,"href":"https:\/\/www.viaggiculturalieuropa.it\/blog\/wp-json\/wp\/v2\/posts\/1334\/revisions\/2939"}],"wp:attachment":[{"href":"https:\/\/www.viaggiculturalieuropa.it\/blog\/wp-json\/wp\/v2\/media?parent=1334"}],"wp:term":[{"taxonomy":"category","embeddable":true,"href":"https:\/\/www.viaggiculturalieuropa.it\/blog\/wp-json\/wp\/v2\/categories?post=1334"},{"taxonomy":"post_tag","embeddable":true,"href":"https:\/\/www.viaggiculturalieuropa.it\/blog\/wp-json\/wp\/v2\/tags?post=1334"}],"curies":[{"name":"wp","href":"https:\/\/api.w.org\/{rel}","templated":true}]}}