{"id":1348,"date":"2017-03-09T13:01:48","date_gmt":"2017-03-09T12:01:48","guid":{"rendered":"http:\/\/www.viaggiculturalieuropa.it\/blog\/?p=1348"},"modified":"2020-08-29T17:03:54","modified_gmt":"2020-08-29T15:03:54","slug":"cosa-vedere-a-sibiu-e-dintorni","status":"publish","type":"post","link":"https:\/\/www.viaggiculturalieuropa.it\/blog\/cosa-vedere-a-sibiu-e-dintorni\/","title":{"rendered":"Cosa vedere a Sibiu e dintorni: una guida di viaggio completa"},"content":{"rendered":"<p><strong>Immagino che tu stia per fare un viaggio in Transilvania e desideri sapere cosa vedere a Sibiu.<\/strong> Se \u00e8 cos\u00ec, sei nel posto giusto, perch\u00e9 in questa guida ho raccolto le migliori risorse online per conoscere la storia e le bellezze di questa citt\u00e0.<\/p>\n<p>&nbsp;<\/p>\n<p><a title=\"City Square, Sibiu, Romania\" href=\"https:\/\/www.flickr.com\/photos\/sangy23\/8103987689\/\" data-flickr-embed=\"true\"><img loading=\"lazy\" decoding=\"async\" class=\"alignnone\" title=\"Cosa vedere a Sibiu\" src=\"https:\/\/c1.staticflickr.com\/9\/8470\/8103987689_32592e569a_o.jpg\" alt=\"Cosa vedere a Sibiu\" width=\"900\" height=\"600\" \/><\/a><script async src=\"\/\/embedr.flickr.com\/assets\/client-code.js\" charset=\"utf-8\"><\/script><\/p>\n<p>Sibiu si trova in Transilvania, ed \u00e8 una delle pi\u00f9 belle citt\u00e0 della Romania. Venne fondata dai Sassoni nel 1191. Oggi, conserva splendide architetture storiche e primati che le hanno permesso, nel 2007, di diventare Capitale Europea della Cultura.<\/p>\n<p>Sibiu \u00e8 una meta obbligata per chiunque desideri fare un tour della Transilvania. Il motivo \u00e8 legato non solo alla sua bellezza, ma anche alla sua vicinanza alla <a href=\"http:\/\/www.viaggiculturalieuropa.it\/blog\/la-citta-medievale-di-brasov-nel-cuore-della-transilvania\/\" target=\"_blank\" rel=\"noopener noreferrer\">citt\u00e0 di Bra\u0219ov<\/a> e al famoso <a href=\"http:\/\/www.viaggiculturalieuropa.it\/blog\/il-castello-di-dracula-bran-romania\/\" target=\"_blank\" rel=\"noopener noreferrer\">Castello di Dracula, a Bran<\/a>.<\/p>\n<p>La citt\u00e0 \u00e8 piacevole e a misura d&#8217;uomo. Se il tuo hotel \u00e8 distante dal centro storico puoi usare uno dei tanti taxi che trovi in tutta la citt\u00e0 per raggiungerlo, e\u00a0visitare Sibiu a piedi.<\/p>\n<p>Scopriamo adesso cosa vedere a Sibiu e perch\u00e9 questa citt\u00e0 deve essere tra le mete da visitare\u00a0durante il tuo viaggio in Romania.<!--more--><\/p>\n<p>&nbsp;<\/p>\n<h2>Cosa vedere a Sibiu<\/h2>\n<h3>Storia di Sibiu in breve<\/h3>\n<p>La citt\u00e0 di Sibiu (<em>Hermannstadt<\/em> in tedesco) \u00e8 sempre stata il centro della minoranza\u00a0tedesca in Transilvania. Infatti, possiede il maggior numero di tedeschi di tutta la Romania. Molti sono anche gli ungheresi; tuttavia, la popolazione di origine rumena a Sibiu \u00e8 il 95%.<\/p>\n<p>Le rocche e i borghi fortificati della Transilvania sono stati fondati nel XII secolo da immigrati provenienti dalla valle della Mosella, conosciuti sotto il nome di Sassoni.<\/p>\n<p>Il primo documento\u00a0che fa riferimento alla zona di Sibiu risale al 1191, quando Papa Celestino III conferm\u00f2 l&#8217;esistenza della prepositura libera dei tedeschi in Transilvania. La prepositura aveva sede a Sibiu, che all&#8217;epoca si chiamava\u00a0<em>Cibinium<\/em>.<\/p>\n<p>I re ungheresi favorirono l&#8217;immigrazione dei sassoni, che ricevettero molti benefici e diritti, affinch\u00e9\u00a0difendessero il territorio dagli attacchi dei turchi e dei tartari.<\/p>\n<p>I sassoni crearono &#8220;la terra delle sette fortezze&#8221;: sette citt\u00e0 fortificate. Edificarono anche numerosi villaggi nei quali eressero chiese fortificate, che servivano come rifugio in caso di attacchi.<\/p>\n<p>Se desideri sapere di pi\u00f9 sulla storia di Sibiu, vai su <a href=\"http:\/\/patrimoniu.sibiu.ro\/en\" target=\"_blank\" rel=\"noopener noreferrer\">patrimoniu.sibiu.ro<\/a>. Il sito racconta in breve la storia della citt\u00e0, e presenta una tabella riassuntiva dei principali eventi accaduti\u00a0dalle origini di Sibiu fino ai giorni nostri.<\/p>\n<p>&nbsp;<\/p>\n<h3>Centro storico &#8211;\u00a0Ora\u015ful de Sus<\/h3>\n<p>Nella Citt\u00e0 Alta (<em>Ora\u015ful de Sus<\/em>) \u00e8 presente la maggior parte delle cose da vedere a Sibiu.\u00a0Ora\u015ful de Sus \u00e8 stato il\u00a0centro attorno al quale si \u00e8 sviluppata Sibiu.<\/p>\n<p>La prima piazza &#8211; <em>Pia\u021ba Mic\u0103<\/em> (Piazza Piccola) &#8211; venne costruita intorno a una chiesa romana del XII secolo, sulle cui rovine fu\u00a0eretta, nel XIV secolo, la\u00a0<em>Catedrala Evanghelic\u0103 C.A. Sf\u00e2nta Maria<\/em> (Cattedrale Evangelica), che possiede la torre campanaria pi\u00f9 alta della Transilvania.<\/p>\n<p>&nbsp;<\/p>\n<p><a title=\"Piata mica Sibiu\" href=\"https:\/\/www.flickr.com\/photos\/alexbalogh\/8915988562\/\" data-flickr-embed=\"true\"><img loading=\"lazy\" decoding=\"async\" class=\"alignnone\" title=\"Piata mica Sibiu\" src=\"https:\/\/c1.staticflickr.com\/4\/3687\/8915988562_3176f36026_o.jpg\" alt=\"Piata mica Sibiu\" width=\"1024\" height=\"679\" \/><\/a><script async src=\"\/\/embedr.flickr.com\/assets\/client-code.js\" charset=\"utf-8\"><\/script><\/p>\n<p>Pia\u021ba Mic\u0103 era l&#8217;unica area di Sibiu\u00a0cinta da mura. Solo nel\u00a01366 si concluse l&#8217;anello di fortificazione che delimitava l&#8217;intera Citt\u00e0 Alta.<\/p>\n<p>La\u00a0prima piazza di Sibiu\u00a0conserva\u00a0ancora edifici di epoca medievale, come\u00a0<em>Casa Artelor,<\/em>\u00a0costruita nel XIV secolo. Il piano terra della facciata principale dell&#8217;edificio \u00e8 composto da otto archi a tutto sesto, sovrastati da finestre che illuminano le\u00a0stanze del primo piano. Al centro della facciata c&#8217;\u00e8 un medaglione circolare.<\/p>\n<p>L&#8217;edificio in origine era la piazza dei macellai, pi\u00f9 tardi pass\u00f2 nelle mani di commercianti di stoffa e a partire dal XVIII secolo divenne un granaio.<\/p>\n<p>Oggi, Casa Artelor \u00e8 sede del Museo di Etnografia e di Arte Popolare &#8220;Emil Sigerus&#8221;\u00a0(<em>Muzeul de Etnografie S\u0103seasc\u0103 Emil Sigerus<\/em>). Trovi tutte le informazioni per visitarlo, le collezioni e le esposizioni su <a href=\"https:\/\/cultura.sibiu.ro\/index.php\/repere_culturale\/muzeu\/4559\" target=\"_blank\" rel=\"noopener noreferrer\">questo sito<\/a> dedicato al patrimonio culturale di Sibiu.<\/p>\n<p>Nella Piazza Piccola c&#8217;\u00e8 un altro bel museo che ti consiglio di visitare:\u00a0<em>Muzeul de Farmacie<\/em> (il <a href=\"https:\/\/web.archive.org\/web\/20170517153600\/http:\/\/brukenthalmuseum.ro:80\/farmacie\/index.html\" target=\"_blank\" rel=\"noopener noreferrer\">Museo della Farmacia<\/a>), inaugurato nel 1972 in un edificio del 1568. La farmacia di Sibiu \u00e8 la pi\u00f9 antica di tutta la Romania:\u00a0risale al 1494. Nel museo ci sono\u00a0pi\u00f9 di 6.600 pezzi che mostrano lo sviluppo di farmaci e di tecniche farmaceutiche nel corso del tempo.<\/p>\n<p>Prima di lasciare Pia\u021ba Mic\u0103, visita <em>Sala Fresca<\/em>, un edificio costruito nel XV secolo, che conserva, al piano terra, i pi\u00f9 antichi affreschi a tema laico scoperti in\u00a0Transilvania. Gli affreschi risalgono al XVII secolo. A quel tempo, il piano terra dell&#8217;edificio ospitava un negozio di alimentari.<\/p>\n<p>Pia\u021ba Mic\u0103 si \u00e8 evoluta molto nei secoli, infatti presenta anche strutture architettoniche pi\u00f9 recenti, come <em>Podul Minciunilor<\/em> (il Ponte dei Bugiardi), oggi anche una delle principali attrazioni di Sibiu. Questo ponte venne inaugurato il 17 dicembre 1860, e collega la Citt\u00e0 Alta con la Citt\u00e0 Bassa (<em>Ora\u015ful de Jos<\/em>).\u00a0Non dire bugie mentre passeggi su questo ponte, potrebbe crollare!<\/p>\n<p>A nord di Pia\u021ba Mic\u0103, e adiacente a essa, c&#8217;\u00e8 <em>Pia\u021ba Albert Huet<\/em>,\u00a0che ospita<\/p>\n<ul>\n<li>le rovine della Cappella di San Ladislao (<em>Ruinele Capelei Sf. Ladislau<\/em>);<\/li>\n<li>la casa ottocentesca costruita sui resti della cappella di San Iacob (<em>Fosta Capel\u0103 Sf\u00e2ntul Iacob<\/em>), dove puoi ammirare\u00a0affreschi\u00a0del XV secolo;<\/li>\n<li>e la\u00a0<em>Casa Parohial\u0103 a Bisericii Evanghelice<\/em> (Casa Parrocchiale della Chiesa Evangelica), un complesso di quattro edifici\u00a0del XIV secolo.<\/li>\n<\/ul>\n<p>&nbsp;<\/p>\n<p><a title=\"turnul sfatului, sibiu\" href=\"https:\/\/www.flickr.com\/photos\/10680257@N04\/1181142466\/in\/photolist-2NnEvh-aZHKoz-7K7v39-oErvRz-6PpSvL-2zbPVS-ouSarA-XnqYH-NRtUg-acgVk8-geMRUV-6xyRX-oECzkR-rk5pZ1-akTHde-5uTKuW-iUSiv7-56pCys-561Wec-gudBe-CevsGx-hCP59-aotYuE-6DwXBg-99ANeV-5KtyLR-g5S3M-9A8kX8-8vYDY6-8BQ2Tg-KLA94-auMZfN-6foejR-4PqKLA-kbxeAY-359ono-4ktnT4-qrfJuV-iUTZkh-7nHoyX-p6j6a7-76XqG8-9weRf5-3njduz-7zWvQ9-6FzrPU-aivEeB-8yfYqc-uKSMfR-8vYE2e\" data-flickr-embed=\"true\"><img loading=\"lazy\" decoding=\"async\" class=\"alignnone\" title=\"turnul sfatului, sibiu\" src=\"https:\/\/c1.staticflickr.com\/2\/1374\/1181142466_d9da65fe80_b.jpg\" alt=\"turnul sfatului, sibiu\" width=\"1024\" height=\"768\" \/><\/a><script async src=\"\/\/embedr.flickr.com\/assets\/client-code.js\" charset=\"utf-8\"><\/script><\/p>\n<p>Lungo il perimetro del centro storico sono ancora presenti le torri di difesa della citt\u00e0.\u00a0<em>Turnul Sfatului<\/em> (la Torre del Municipio) \u00e8 la pi\u00f9 rappresentativa; viene considerata il simbolo di Sibiu. Si trova in prossimit\u00e0 del Palazzo del Comune e\u00a0risale al 1324, come dimostra un antico documento.<\/p>\n<p>Le altre torri presenti Nella Citt\u00e0 Alta sono<\/p>\n<ul>\n<li><em>Turnul Archebuzierilor<\/em> (la Torre degli Archibugieri), costruita nel XIV secolo con base\u00a0ottagonale, \u00e8 la pi\u00f9 a sud della citt\u00e0;<\/li>\n<li><em>Turnul Olarilor<\/em> (la Torre dei Ceramisti), di base rettangolare, risale al XV secolo;<\/li>\n<li><em>Turnul Dulgherilor<\/em> (la Torre dei Carpentieri), del XV secolo, ha una base circolare, che diventa ottagonale a partire dalla prima cornice;<\/li>\n<li><em>Turnul Sc\u0103rii Aurarilor<\/em> (la Torre della Scala degli Orafi), costruita tra i secoli\u00a0XIII e XIV, possiede\u00a0base\u00a0rettangolare ed \u00e8 composta da due piani, dei quali, il piano terra \u00e8 attraversato da una scala, che collega la Citt\u00e0 Alta alla Citt\u00e0 Bassa attraversando\u00a0<em>Pia\u021ba Aurarilor<\/em>;<\/li>\n<li><em>Turnul Sc\u0103rilor<\/em> (la Torre delle Scale) \u00e8 uno degli edifici pi\u00f9 antichi di Sibiu, la sua forma attuale risale al 1542 e, come\u00a0Turnul Sc\u0103rii Aurarilor, collega le due aree che compongono il centro storico;<\/li>\n<li><em>Turnul Gros<\/em> (la Torre di Spessore) \u00e8 un edificio massiccio di forma semicircolare, in cui vennero disposti dei cannoni, che lo resero\u00a0una potente macchina di difesa, utilizzata a partire dal 1788.<\/li>\n<li style=\"list-style-type: none;\"><\/li>\n<\/ul>\n<p>&nbsp;<\/p>\n<p><a title=\"Pia\u021ba Mare\" href=\"https:\/\/www.flickr.com\/photos\/askjellr\/49781054826\/\" target=\"_blank\" rel=\"noopener noreferrer\" data-flickr-embed=\"true\"><img loading=\"lazy\" decoding=\"async\" class=\"alignnone\" title=\"Pia\u021ba Mare Sibiu\" src=\"https:\/\/live.staticflickr.com\/65535\/49781054826_3b9afa48d6_b.jpg\" alt=\"Pia\u021ba Mare Sibiu\" width=\"1024\" height=\"576\" \/><\/a><script async src=\"\/\/embedr.flickr.com\/assets\/client-code.js\" charset=\"utf-8\"><\/script><\/p>\n<p>La piazza principale della citt\u00e0, la bellissima\u00a0<em>Pia\u021ba Mare<\/em> (Piazza Grande) venne realizzata nel 1366, dopo la costruzione\u00a0della terza cinta muraria della citt\u00e0. Questa piazza \u00e8 stata molto utilizzata durante il Medioevo, soprattutto in occasione delle principali manifestazioni pubbliche, come gli incontri politici o le esecuzioni.<\/p>\n<p>Pia\u021ba Mare era attraversata da un corso d&#8217;acqua che proveniva dall&#8217;attuale\u00a0<em>Strad\u0103 Nicolae B\u0103lcescu<\/em> e divergeva\u00a0in direzione di <em>Casa Haller<\/em>, un edificio del XV secolo, composto da\u00a0un cortile e una torre, posseduto\u00a0nei secoli da politici\u00a0di rilievo e da ricchi commercianti.<\/p>\n<p>Pia\u021ba Mare ospita\u00a0gran parte delle\u00a0cose da vedere a Sibiu. Le pi\u00f9 belle dimore storiche del XV secolo della citt\u00e0 circondano\u00a0questa piazza:<\/p>\n<ul>\n<li>la gi\u00e0 citata Casa Haller;<\/li>\n<li><em>Casa Lutsch<\/em>, possiede un cortile che integra\u00a0una cappella dedicata a <em>San Ladislau<\/em>;<\/li>\n<li><em>Casa Hans Wal<\/em>,\u00a0costituita da un piano interrato, un piano terra e due piani, \u00e8 caratterizzata dal\u00a0suo prospetto anteriore stretto, che si affaccia sulla piazza;<\/li>\n<li><em>Casa Oswald Wenzel<\/em>,\u00a0presenta, sul suo prospetto anteriore, lucernari semicircolari con decorazioni floreali, e bassorilievi, posti sulle\u00a0finestre, che rappresentano personaggi\u00a0dalla mitologia romana;<\/li>\n<li><em>Casa Hecht<\/em>\u00a0\u00e8 costituita da un piano terra e due piani, e la sua facciata anteriore \u00e8 scandita da capitelli dorici;<\/li>\n<li><em>Casa Generalului<\/em>\u00a0\u00e8 composta\u00a0dall&#8217;unione di due case, separate, inizialmente, da un percorso\u00a0di archi che si dirige verso <em>Strada Arhivelor<\/em>;<\/li>\n<li><em>Casa Weidner-Reussner-Czekelius<\/em>, costituita da sette corpi e due cortili interni di forma rettangolare.<\/li>\n<\/ul>\n<p>Le altre principali abitazioni di particolare interesse storico, situate nella Citt\u00e0 Alta:<\/p>\n<ul>\n<li><em>Casa M\u00f6vert<\/em>, ubicata su <em>Strada Samuel Von Brukenthal<\/em> nr. 1, appena fuori da\u00a0Pia\u021ba Mare;<\/li>\n<li><em>Casa Michael Brukenthal<\/em> e <em>Casa Bielz<\/em>, si trovano su <em>Strada Nicolae B\u0103lcescu<\/em>, una delle vie pi\u00f9 importanti di Sibiu, che parte dall&#8217;estremit\u00e0 ovest\u00a0della Citt\u00e0 Alta e termina in\u00a0Pia\u021ba Mare;<\/li>\n<li><em>Cas\u0103 Istoric\u0103 cu Stema Breslei Croitorilor <\/em>e<em>\u00a0Casa cu Cariatide<\/em>\u00a0si trovano su\u00a0<em>Strada Mitropoliei<\/em>. La facciata principale del primo edificio, composta da tredici assi e da capitelli in stucco, \u00e8 caratterizzata da\u00a0un emblema formato\u00a0dalle lettere MS e dall&#8217;anno 1574.\u00a0Il secondo edificio \u00e8 stato costruito nel 1786 e presenta, davanti al portale d&#8217;ingresso, due statue femminili che sorreggono il balcone del primo piano.<\/li>\n<\/ul>\n<p>In\u00a0Pia\u021ba Mare trovi anche un\u00a0importante edificio di culto: la\u00a0<em>Biserica Sf\u00e2nta Treime<\/em> (Chiesa della Santissima Trinit\u00e0) e\u00a0la\u00a0<em>Casa Parohial\u0103 Romano-Catolic\u0103<\/em> (Casa Parrocchiale Romano Cattolica).<\/p>\n<p>La\u00a0Chiesa della Santissima Trinit\u00e0 \u00e8 in stile Barocco viennese, ed \u00e8 stata inaugurata nel 1739 come convento dei gesuiti. Oggi, \u00e8 una casa canonica. L&#8217;interno della chiesa \u00e8 spettacolare e ricco di elementi decorativi; molto bello \u00e8 l&#8217;affresco che riempie la parete di fondo, dietro all&#8217;altare.<\/p>\n<p>&nbsp;<\/p>\n<p><a title=\"Hermannstadt\" href=\"https:\/\/www.flickr.com\/photos\/adcolin\/21385962780\/\" data-flickr-embed=\"true\"><img loading=\"lazy\" decoding=\"async\" src=\"https:\/\/c1.staticflickr.com\/6\/5753\/21385962780_86dd07f5d0_b.jpg\" alt=\"Hermannstadt\" width=\"1024\" height=\"596\" \/><\/a><script async src=\"\/\/embedr.flickr.com\/assets\/client-code.js\" charset=\"utf-8\"><\/script><\/p>\n<p>Nella Citt\u00e0 Alta ti consiglio di visitare altre tre\u00a0splendide chiese:<\/p>\n<ul>\n<li>la\u00a0<em>Biserica Greco-Catolic\u0103 Ursuline<\/em> (Chiesa greco-cattolica delle Orsoline), si trova su\u00a0<em>Strada General Gheorghe Magheru<\/em> ai numeri 34 e 36, ed \u00e8 stata\u00a0completata nel 1479 dai frati domenicani. Nei secoli ha subito rimaneggiamenti che ne hanno\u00a0cambiato lo stile da Gotico a Barocco. Sempre su Strada General Gheorghe Magheru trovi un bel edificio costruito nel 1802 da Anton Filek, un commerciante di pelli. Dal 1868 l&#8217;edificio \u00e8 diventato di propriet\u00e0 della chiesa evangelica. Il palazzo \u00e8 <em>Palatul Filek<\/em>, ed \u00e8 visibile anche da\u00a0Pia\u021ba Mare.<\/li>\n<li>Su Strada Mitropoliei si trovano le altre due chiese di cui ti parlavo: la\u00a0<em>Biserica Reformat\u0103<\/em> (Chiesa Riformata), realizzata in stile Barocco e inaugurata il 26 novembre 1786, e la\u00a0<em>Catedrala Sf\u00e2nta Treime<\/em> (Cattedrale della Santa Trinit\u00e0), un&#8217;imponente cattedrale ortodossa, i cui lavori iniziarono nel 1902 e furono completati nel 1904.<\/li>\n<\/ul>\n<p>&nbsp;<\/p>\n<p><a title=\"muzeul Brukenthal\" href=\"https:\/\/www.flickr.com\/photos\/87031965@N00\/671427504\/\" data-flickr-embed=\"true\"><img loading=\"lazy\" decoding=\"async\" class=\"alignnone\" src=\"https:\/\/c1.staticflickr.com\/2\/1021\/671427504_9792ab6d28_b.jpg\" alt=\"muzeul Brukenthal\" width=\"1024\" height=\"768\" \/><\/a><script async src=\"\/\/embedr.flickr.com\/assets\/client-code.js\" charset=\"utf-8\"><\/script><\/p>\n<p>Se desideri conoscere l&#8217;arte rumena e alcune collezioni artistiche europee inedite, Piazza Grande permette l&#8217;accesso a\u00a0due gallerie d&#8217;arte molto interessanti: <i>Muzeul Na\u0163ional Brukenthal<\/i> (il Museo Nazionale Brukenthal) e la <i>Galeria de Art\u0103 Rom\u00e2neasc\u0103<\/i> (Galleria di Arte Rumena).<\/p>\n<p>Il Museo Nazionale Brukenthal \u00e8 un palazzo di quattro livelli, che conserva collezioni di dipinti, sculture e oggetti d&#8217;arte provenienti dalla Romania a da varie nazioni\u00a0d&#8217;Europa.<\/p>\n<p>Nel\u00a0Brukenthal trovi affascinanti esposizioni e collezioni come quelle sull&#8217;<i>esperienza e rinascita gotica contro il modello dell&#8217;Illuminismo<\/i>, in cui sono presenti studi scientifici che spiegano come la cultura gotica ha influenzato l&#8217;arte visiva, soprattutto quella dei secoli XVIII e XIX.<\/p>\n<p>Sul <a href=\"http:\/\/www.brukenthalmuseum.ro\/index_en.html\" target=\"_blank\" rel=\"noopener noreferrer\">sito ufficiale del Brukenthal<\/a> trovi tutte le informazioni sugli orari di visita e sulle collezioni.<\/p>\n<p>A fianco al Museo Nazionale Brukenthal c\u2019\u00e8 la Galleria di Arte Rumena, dove le opere d\u2019arte sono organizzate in ordine cronologico.<\/p>\n<p>Le esposizioni partono dai pi\u00f9 antichi dipinti della Transilvania del XVII secolo e arrivano fino alle opere degli artisti rumeni del XX secolo.<\/p>\n<p>Se vuoi visitare la Galleria di Arte Rumena visita <a href=\"http:\/\/www.brukenthalmuseum.ro\/romaneasca\/index.html\" target=\"_blank\" rel=\"noopener noreferrer\">questa pagina<\/a>: puoi conoscere tutto sulle esposizioni e sugli orari di visita.<\/p>\n<p>Su Strada Tribunei nr. 6 trovi la <em>Galeria de Art\u0103 Contemporan\u0103<\/em> (Galleria di Arte Contemporanea). Nel 2014, quando \u00e8 stata inaugurata, le esposizioni occupavano solo il piano terra, oggi, riempiono anche il primo e il secondo piano.<\/p>\n<p>La\u00a0Galleria di Arte Contemporanea \u00e8 ospitata in un importante edificio del 1901 e si pone come alternativa\u00a0al Museo di Arte Contemporanea di Bucarest. Si rivolge\u00a0al grande pubblico ed espone una selezione di lavori liberi e innovativi. Visita\u00a0la <a href=\"http:\/\/brukenthalmuseum.ro\/contemporana_en\/index.html\" target=\"_blank\" rel=\"noopener noreferrer\">pagina web dedicata alla Galleria di Arte Contemporanea di Sibiu<\/a> se desideri\u00a0conoscere gli orari e le esposizioni.<\/p>\n<p>Poco distante dal\u00a0Museo Nazionale Brukenthal, su Strada Mitropoliei, c&#8217;\u00e8\u00a0<em>Casa Altemberger &#8211; Muzeul de Istorie<\/em> (il Museo di Storia). L&#8217;edificio che ospita il museo \u00e8 del XV secolo ed \u00e8 composto da dieci unit\u00e0 architettoniche, compresa una torre di difesa.<\/p>\n<p>Nel cortile del museo, i visitatori vengono accolti da alcune\u00a0statue\u00a0chiamate\u00a0<em>Hermanns<\/em>, che raffigurano alcune\u00a0tipologie di cittadini del XVII secolo: il guaritore, il cavaliere, il banchiere, il macellaio, il birraio, il fante, lo studente, il sindaco e il menestrello. Scopri di pi\u00f9 sul Museo di Storia di Sibiu visitando <a href=\"http:\/\/www.brukenthalmuseum.ro\/istorie_en\/index.html\" target=\"_blank\" rel=\"noopener noreferrer\">questa pagina<\/a>.<\/p>\n<p>L&#8217;ultimo museo del centro storico di Sibiu che ti consiglio di visitare \u00e8 <em>Muzeul de Istorie Natural\u0103<\/em> (il <a href=\"http:\/\/brukenthalmuseum.ro\/naturale\/\" target=\"_blank\" rel=\"noopener noreferrer\">Museo di Storia Naturale<\/a>), situato su\u00a0<em>Strada Cet\u0103\u021bii<\/em> nr. 1, a\u00a0sud della Citt\u00e0 Alta, nei pressi di <em>Poarta Le\u015furilor\u00a0<\/em>(la Porta di ingresso nelle mura della Citt\u00e0 Alta). L&#8217;edificio che conserva i reperti\u00a0del museo venne realizzato alla fine del XIX secolo in stile Rinascimentale italiano. Al suo interno trovi specie vegetali\u00a0comuni\u00a0e rare.<\/p>\n<p>Come avrai capito,\u00a0Ora\u015ful de Sus\u00a0\u00e8 piena\u00a0di importanti edifici storici. Se passeggi per le sue vie potrai godere delle sue splendide architetture.<\/p>\n<p>&nbsp;<\/p>\n<p><a title=\"Roofs of Sibiu\" href=\"https:\/\/www.flickr.com\/photos\/bhaktapur\/14464831232\/\" data-flickr-embed=\"true\"><img loading=\"lazy\" decoding=\"async\" src=\"https:\/\/c1.staticflickr.com\/3\/2912\/14464831232_b150ed7e98_b.jpg\" alt=\"Roofs of Sibiu\" width=\"1024\" height=\"683\" \/><\/a><script async src=\"\/\/embedr.flickr.com\/assets\/client-code.js\" charset=\"utf-8\"><\/script><\/p>\n<p>Percio, prima di dirigerti a\u00a0Ora\u015ful de\u00a0Jos, non perderti\u00a0Strada Nicolae B\u0103lcescu, una via ricca di storia, sempre piena di gente, sede anche del <em>Fostul Palat al Comandamentului Militar<\/em> (Ex Palazzo del Comando Militare), che ha operato a Sibiu tra il 1892 e il 1918; oppure,\u00a0<em>Bulevardul Corneliu Coposu<\/em>, nei pressi delle mura a sud della Citt\u00e0 Alta, dove trovi\u00a0<em>Zidul Cet\u0103\u0163ii<\/em> (Mura\u00a0della Fortezza), di epoca medievale, e <em>Bastionul Haller<\/em> (il Bastione Haller), costruito nella seconda met\u00e0 del XVI secolo.<\/p>\n<p>&nbsp;<\/p>\n<h3>Centro storico &#8211;\u00a0Ora\u015ful de\u00a0Jos<\/h3>\n<p>Raggiungi\u00a0la Citt\u00e0 Bassa attraverso\u00a0<em>Pasajul Sc\u0103rilor<\/em> (il Passaggio di Scale), un caratteristico percorso storico che permette di raggiungere la parte pi\u00f9 antica del villaggio.<\/p>\n<p>&nbsp;<\/p>\n<p><a title=\"Ora\u015ful de jos, Sibiu 3\" href=\"https:\/\/www.flickr.com\/photos\/mijawara\/259840240\/\" data-flickr-embed=\"true\"><img loading=\"lazy\" decoding=\"async\" src=\"https:\/\/c1.staticflickr.com\/1\/88\/259840240_726675830b_b.jpg\" alt=\"Ora\u015ful de jos, Sibiu 3\" width=\"1024\" height=\"768\" \/><\/a><script async src=\"\/\/embedr.flickr.com\/assets\/client-code.js\" charset=\"utf-8\"><\/script><\/p>\n<p>Le prime costruzioni nella Citt\u00e0 Bassa apparvero intorno al 1150 sul lato nord della <em>Strada 9 Mai<\/em> (Strada 9 Maggio), insieme\u00a0a un cimitero e a una chiesa.\u00a0Ora\u015ful de\u00a0Jos si svilupp\u00f2 su segmenti concentrici, a partire dalla collina\u00a0che in seguito divent\u00f2 la\u00a0Citt\u00e0 Alta.<\/p>\n<p>Di seguito ti indico gli\u00a0edifici di pregio\u00a0che ti consiglio di visitare nella Citt\u00e0 Bassa.<\/p>\n<ul>\n<li>la <em>Biserica Azilului<\/em> (Chiesa dell&#8217;Asilo), citata per la prima volta nel 1292.\u00a0Ha operato per quasi settecento anni come chiesa-ospedale. In origine era di propriet\u00e0 della chiesa romano cattolica; in seguito \u00e8 passata nelle mani della comunit\u00e0 protestante; a partire dal ventesimo secolo \u00e8 tornata di propriet\u00e0 della chiesa ortodossa. Nei secoli XV e XVI la chiesa-ospedale ha subito notevoli trasformazioni. Venne restaurato il tetto e furono aggiunti corpi che comunicano con lo spazio centrale. Nel XVIII secolo, lo stile \u00e8 stato modificato in modo radicale, passando da Gotico a Barocco.<\/li>\n<li><em>Turnul Pulber\u0103riei<\/em> (la Torre della Polvere da Sparo), del XV secolo, e\u00a0<em>Turnul Pielarilor<\/em> (la Torre dei Conciatori), del XVI secolo. Turnul Pulber\u0103riei \u00e8 servita come magazzino per la polvere da sparo. La sua forma massiccia, con\u00a0base circolare, le permetteva di resistere agli assedi dei nemici. Turnul Pielarilor\u00a0ha base ottagonale, ed \u00e8 composta da quattro livelli, dei quali, l&#8217;ultimo possiede tre bocche che servivano per versare l&#8217;olio bollente, e su di esse, una finestra per gli arcieri. La torre, nei secoli, ha subito tre incendi, che ne hanno causato il crollo. In tutti e tre i casi, la torre \u00e8 stata ricostruita integralmente.<\/li>\n<li><em>Strada Turnului<\/em> (Via della Torre) era una delle vie pi\u00f9 importanti\u00a0della citt\u00e0 nel Medioevo. Le facciate degli edifici sono state modificate nel corso dei secoli, ma hanno mantenuto la volumetria acquisita nel XIX secolo. Lungo la strada si trova <em>Pia\u0163a Coroana<\/em> (Piazza Corona), che era il luogo in cui si commerciavano bevande, soprattutto vini. Nel 1747 su questa strada venne edificato un carcere, attualmente al numero 17.<\/li>\n<\/ul>\n<p>In tutta\u00a0Ora\u015ful de\u00a0Jos troverai splendidi edifici storici inediti, come\u00a0<em>Hanul La Mielul Alb<\/em> (la Locanda dell&#8217;Agnello Bianco), costruita nei primi anni del XVI secolo, oggi sede di diversi negozi; oppure,\u00a0<em>Cl\u0103direa Heinrich Rieger<\/em> (il Palazzo\u00a0Heinrich Rieger), costruito durante il secondo decennio del &#8216;900 da\u00a0Heinrich Rieger, un fabbricante e commerciante di liquori, che us\u00f2 il palazzo come fabbrica e negozio per la sua merce.<\/p>\n<p>&nbsp;<\/p>\n<h2>Cosa visitare\u00a0a Sibiu &#8211; fuori dal centro storico<\/h2>\n<p>Ci sono anche altre cose da vedere a Sibiu, oltre al centro storico. In particolare, ti consiglio di visitare tre musei e tre chiese.<\/p>\n<p>&nbsp;<\/p>\n<p><a title=\"sibiu_20100925_118\" href=\"https:\/\/www.flickr.com\/photos\/phespirit\/5030162777\/in\/photolist-4kVUv4-8EuT92-8EuU9r-8Ey6EL-8Ey2fS-57rgjG-w8ZmPJ\" data-flickr-embed=\"true\"><img loading=\"lazy\" decoding=\"async\" src=\"https:\/\/c1.staticflickr.com\/5\/4087\/5030162777_775278e83b_b.jpg\" alt=\"sibiu_20100925_118\" width=\"1024\" height=\"768\" \/><\/a><script async src=\"\/\/embedr.flickr.com\/assets\/client-code.js\" charset=\"utf-8\"><\/script><\/p>\n<p><em>Muzeul De V\u00e2n\u0103toare &#8220;August Von Spiess&#8221;<\/em> (il Museo della Caccia &#8220;August Von Spiess&#8221;), lontano circa 900 metri dal centro storico, conserva circa 1500 reperti, alcuni pi\u00f9 vecchi di cento anni, tra i quali, ci sono armi, trofei da caccia locali ed esotici, e trappole.<\/p>\n<p>Il museo \u00e8 stato fondato nel 1966, e riorganizzato nel 1981, dal Ministero della Cultura della Romania. Il museo \u00e8 stato ospitato\u00a0nella casa del colonnello August von Spiess, amante della caccia e dei safari. Le collezioni presenti nel museo appartenevano al colonnello.<\/p>\n<p>La mostra\u00a0\u00e8 organizzata in cinque\u00a0sale e inizia con una breve storia di armi e strumenti da caccia dell&#8217;Et\u00e0 della Pietra.<\/p>\n<p>La seconda sala fa conoscere al visitatore la caccia dell&#8217;avifauna: volpi, lupi, gatti selvatici, uccelli.<\/p>\n<p>La terza sala \u00e8 dedicata ad\u00a0August von Spiess, e trovi foto biografiche, trofei e letteratura dedicata al colonnello.<\/p>\n<p>La quarta sala \u00e8 riservata ai grandi trofei da caccia che provengono dai Carpazi:\u00a0cervi, orsi, cinghiali, camosci.<\/p>\n<p>L&#8217;ultima sala espone trofei africani e descrive due spedizioni in Africa intraprese da Von Spiess all&#8217;et\u00e0 di 72 e 74 anni: ci sono antilopi (gnu, impala, ecc.) bufali, rinoceronti, zebre e molte altre specie.<\/p>\n<p>Se desideri maggiori informazioni sul Museo della Caccia &#8220;August Von Spiess&#8221;\u00a0visita la pagina <a href=\"http:\/\/www.welcometoromania.ro\/Sibiu\/Sibiu_Muzeul_de_arme_r.htm\" target=\"_blank\" rel=\"noopener noreferrer\">http:\/\/www.welcometoromania.ro\/Sibiu\/Sibiu_Muzeul_de_arme_r.htm<\/a>.<\/p>\n<p>&nbsp;<\/p>\n<p><a title=\"CFR Romania 620\" href=\"https:\/\/www.flickr.com\/photos\/erwinalexander\/29161959820\/in\/photolist-LqWEEG-KVup64-LKmG62-LGSoHf-LGSpQf-KVh9fC-LGStro-LSry6B-LqWRdL-LGSM85-LGSLpS-KVuszt-KVunEP-KVubct-LSrLfX-KVhAw5-LPoJXm-LSrc9M-LSrmDt-LSrusz-KVh2eo-KVupY6-LqWTfG-KVhwmm-KVunak-LKna1V-KVtN76-LKmMva-LqX1Fd-LKmKEr-KVudU2-LqWmA5-LPpgU1-LKnoUg-LSrsXv-LSrA8c-LqWV6W-LqXaty-KVhyEE-LSr9pt-KVhCF5-LPoUWj-LKneFB-LqWZg9-KVum9n-LKnhUv-LSrqqX-KVu1PF-KVtRp8-LqWQ7N\" data-flickr-embed=\"true\"><img loading=\"lazy\" decoding=\"async\" src=\"https:\/\/c1.staticflickr.com\/9\/8181\/29161959820_9d523b00c3_b.jpg\" alt=\"CFR Romania 620\" width=\"1024\" height=\"576\" \/><\/a><script async src=\"\/\/embedr.flickr.com\/assets\/client-code.js\" charset=\"utf-8\"><\/script><\/p>\n<p><em>Muzeul Locomotivelor cu Abur<\/em> (il Museo della Locomotiva a Vapore), si trova a 750 metri a est del centro storico, nei pressi della stazione ferroviaria di Sibiu.<\/p>\n<p>I reperti sono collocati sui binari della ferrovia e mostrano una bella patina che hanno acquisito nel tempo a causa della loro esposizione all&#8217;aria aperta: l&#8217;atmosfera <em>vintage<\/em> che si respira \u00e8 affascinante.<\/p>\n<p>La mostra \u00e8 stata inaugurata nel 1994 e presenta 35 locomotive a vapore, 2 gru a vapore e 2 aratri a vapore costruiti tra il 1885 e il 1958.<\/p>\n<p>Scopri di pi\u00f9 sul Museo della Locomotiva su\u00a0<a href=\"https:\/\/web.archive.org\/web\/20160304074315\/http:\/\/www.cultura.sibiu.ro\/muzee\/locomotive\" target=\"_blank\" rel=\"noopener noreferrer\">http:\/\/www.cultura.sibiu.ro\/muzee\/locomotive<\/a>.<\/p>\n<p><i>Muzeul Civiliza\u021biei Populare Tradi\u021bionale ASTRA<\/i> (Museo della Civilt\u00e0 Popolare Tradizionale ASTRA), \u00e8 vicino al\u00a0Lago Dumbrava, a 1,9 km a sud-ovest del centro abitato di Sibiu.<\/p>\n<p>Questo museo \u00e8 simile al Museo Etnografico della Transilvania di <a href=\"http:\/\/www.viaggiculturalieuropa.it\/blog\/cosa-vedere-a-cluj-napoca\/\" target=\"_blank\" rel=\"noopener noreferrer\">Cluj Napoca<\/a> e al <i>Banat Village Museum<\/i> di <a href=\"http:\/\/www.viaggiculturalieuropa.it\/blog\/cosa-vedere-timisoara\/\" target=\"_blank\" rel=\"noopener noreferrer\">Timisoara<\/a>: \u00e8 il luogo ideale per scoprire la vita rurale tradizionale rumena attraverso una passeggiata nella natura.<\/p>\n<p>Potremmo definirlo un museo a cielo aperto, con 10 km di piste che attraversano fattorie, laboratori, chiese di legno, croci, greggi di pecore, cantine, mulini a vento e ad acqua.<\/p>\n<p>Gli interni degli edifici sono originali e ben conservati. Raccontano la vita semplice dei contadini rumeni, le loro occupazioni e tradizioni.<\/p>\n<p>Il museo offre anche altre attivit\u00e0: gite in barca, in carrozza e in slitta trainata da cavalli, un ristorante, un alloggio, un centro di informazioni turistiche e campi da gioco.\u00a0In estate, il museo \u00e8 animato da numerosi eventi con frequenza settimanale.<\/p>\n<p>Ti invito a visitare il suo <a href=\"http:\/\/www.muzeulastra.ro\/\" target=\"_blank\" rel=\"noopener noreferrer\">sito ufficiale<\/a>, che \u00e8 ricco di contenuti e disponibile in diverse lingue, tra le quali anche l\u2019inglese (purtroppo non c\u2019\u00e8 la versione italiana).<\/p>\n<p>Le tre importanti chiese situate fuori dal centro storico di Sibiu:<\/p>\n<ul>\n<li><em>Biserica din Groap\u0103<\/em> (Chiesa dell&#8217;Annunciazione),\u00a0\u00e8 una chiesa ortodossa costruita tra 1788 e il 1789 dalla vedova\u00a0Stana Hagi Petru Luca, e ricostruita dal genero tra il 1802 e il 1803 dopo che la chiesa croll\u00f2 a causa di un terremoto avvanuto nel 1802;<\/li>\n<li><em>Biserica Sfin\u0163ii Apostoli Petru \u015fi Pavel<\/em> (Chiesa dei Santi Apostoli Pietro e Paolo) \u00e8 un&#8217;altra chiesa del XVIII secolo di origine greco-cattolica, circondata da un piccolo cimitero che conserva i resti di molti personaggi importanti\u00a0della Transilvania (uomini di affari, avvocati, militari, ecc.);<\/li>\n<li>la <em>Sinagoga Mare<\/em> (Sinagoga Grande) \u00e8 stata inaugurata il 3 settembre 1899 dalla Comunit\u00e0 Ebraica di Sibiu. La sinagoga \u00e8 costituita da un unico corpo rettangolare. La facciata anteriore \u00e8 in mattoni e in stile neogotico. L&#8217;interno presenta\u00a0una basilica a tre navate; il soffitto \u00e8 a cassettoni, di spirito neo-rinascimentale.<\/li>\n<\/ul>\n<p>&nbsp;<\/p>\n<h2>Cosa vedere nei dintorni di Sibiu<\/h2>\n<p>Adesso che sai cosa vedere a Sibiu, voglio consigliarti due\u00a0mete interessanti che si trovano nei dintorni della citt\u00e0. Se hai ancora tempo, vai a visitarle, ti aiuteranno a comprendere meglio la cultura e la storia della Transilvania e di Sibiu.<\/p>\n<p>&nbsp;<\/p>\n<p><a title=\"Romania i Bulg\u00e0ria 2012\" href=\"https:\/\/www.flickr.com\/photos\/jordillar\/7908048126\/in\/photolist-d3NPcm-8s3Yuj-ou2tQG-cq9bfs-d3NQYo-d3NPWs-d3NRaq-d3NPB7-d3NPsE-d3NPMj-d3NQM5-d3NQeA-d3NQw5-d3NPkw-dwp1Ym-dwoYyd-dwoWkW-dwivzx-dwoU9o-dwijuF-d3NQDy-d3NQ7L-d3NQoU-oLu67u-oLf8YD-cq9bhG-cq9bc3-cqtYRS-cquqZy-6sLjbq-6sLjbA-6tyQAk-6tyNL4-6tyNKP-6tyNKv-6tyQAa-6tyNKH-6tyQAe-6sLjbL-6sLjb5-6tyNKT-6tyNL2-6sLjbb-6tyQAM-6tyQAz-6sLjbW-2oUqiK-7hj1Fq-2oYK3Y-9YNxur\" data-flickr-embed=\"true\"><img loading=\"lazy\" decoding=\"async\" src=\"https:\/\/c1.staticflickr.com\/9\/8310\/7908048126_5cf518a554_b.jpg\" alt=\"Romania i Bulg\u00e0ria 2012\" width=\"1024\" height=\"683\" \/><\/a><script async src=\"\/\/embedr.flickr.com\/assets\/client-code.js\" charset=\"utf-8\"><\/script><\/p>\n<p>La prima di queste due mete\u00a0si trova a 40 chilometri a nord di Sibiu, nel piccolo comune di Axente Sever, ed \u00e8 la <em>Biserica Evanghelic\u0103<\/em>\u00a0(Chiesa Evangelica), una chiesa sassone\u00a0fortificata, costruita nel XIII secolo.<\/p>\n<p>La chiesa \u00e8 cinta da mura, ha un coro poligonale e una torre centrale. \u00c8 uno dei tanti esempi del suo genere che rendono unica la\u00a0Transilvania.<\/p>\n<p>Infine, se desideri conoscere la tipica cultura rurale della Transilvania, oltre al Museo della Civilt\u00e0 Popolare Tradizionale ASTRA, ti consiglio di spostarti a 44 chilometri a ovest di Sibiu, per raggiungere <em>Muzeul Pastoritului Jina<\/em> (il Museo Pastorale Jina), situato sul punto pi\u00f9 alto dei monti Cibin.<\/p>\n<p>Vale la pena visitarlo non solo per la bellezza del luogo che lo ospita, ma anche per conoscere l&#8217;affascinante storia di questa comunit\u00e0 di pastori laboriosi, che hanno trasformato un&#8217;attivit\u00e0 superata dai tempi, secondo il luogo comune, in un business redditizio: i loro prodotti caseari sono famosi per la loro bont\u00e0\u00a0e vengono venduti\u00a0in tutta la nazione.<\/p>\n<p>Inoltre, questa comunit\u00e0, ha pensato bene di rendere memorabile la propria storia, raccontandola con un museo. Una strategia di promozione del territorio eccezionale.<\/p>\n","protected":false},"excerpt":{"rendered":"<p>Immagino che tu stia per fare un viaggio in Transilvania e desideri sapere cosa vedere a Sibiu. Se \u00e8 cos\u00ec, sei nel posto giusto, perch\u00e9 in questa guida ho raccolto le migliori risorse online per conoscere la storia e le bellezze di questa citt\u00e0. &nbsp; Sibiu si trova in Transilvania, ed \u00e8 una delle pi\u00f9 &#8230; <a title=\"Cosa vedere a Sibiu e dintorni: una guida di viaggio completa\" class=\"read-more\" href=\"https:\/\/www.viaggiculturalieuropa.it\/blog\/cosa-vedere-a-sibiu-e-dintorni\/\">Leggi tutto<span class=\"screen-reader-text\">Cosa vedere a Sibiu e dintorni: una guida di viaggio completa<\/span><\/a><\/p>\n","protected":false},"author":3,"featured_media":0,"comment_status":"open","ping_status":"open","sticky":false,"template":"","format":"standard","meta":{"telegram_tosend":false,"telegram_tosend_message":"","telegram_tosend_target":0,"_exactmetrics_skip_tracking":false,"_exactmetrics_sitenote_active":false,"_exactmetrics_sitenote_note":"","_exactmetrics_sitenote_category":0,"_bos_mb_destination":["Sibiu"],"footnotes":""},"categories":[23],"tags":[],"class_list":["post-1348","post","type-post","status-publish","format-standard","hentry","category-romania"],"yoast_head":"<!-- This site is optimized with the Yoast SEO plugin v27.4 - https:\/\/yoast.com\/product\/yoast-seo-wordpress\/ -->\n<title>Cosa vedere a Sibiu e dintorni: una guida di viaggio completa<\/title>\n<meta name=\"description\" content=\"Desideri sapere cosa vedere a Sibiu e dintorni? Qui trovi le migliori risorse online per conoscere la storia e le bellezze di questa citt\u00e0.\" \/>\n<meta name=\"robots\" content=\"index, follow, max-snippet:-1, max-image-preview:large, max-video-preview:-1\" \/>\n<link rel=\"canonical\" href=\"https:\/\/www.viaggiculturalieuropa.it\/blog\/cosa-vedere-a-sibiu-e-dintorni\/\" \/>\n<meta property=\"og:locale\" content=\"it_IT\" \/>\n<meta property=\"og:type\" content=\"article\" \/>\n<meta property=\"og:title\" content=\"Cosa vedere a Sibiu e dintorni: una guida di viaggio completa\" \/>\n<meta property=\"og:description\" content=\"Desideri sapere cosa vedere a Sibiu e dintorni? Qui trovi le migliori risorse online per conoscere la storia e le bellezze di questa citt\u00e0.\" \/>\n<meta property=\"og:url\" content=\"https:\/\/www.viaggiculturalieuropa.it\/blog\/cosa-vedere-a-sibiu-e-dintorni\/\" \/>\n<meta property=\"og:site_name\" content=\"Viaggi Culturali Europa\" \/>\n<meta property=\"article:published_time\" content=\"2017-03-09T12:01:48+00:00\" \/>\n<meta property=\"article:modified_time\" content=\"2020-08-29T15:03:54+00:00\" \/>\n<meta property=\"og:image\" content=\"https:\/\/c1.staticflickr.com\/9\/8470\/8103987689_32592e569a_o.jpg\" \/>\n<meta name=\"author\" content=\"Antonio Saruzzi\" \/>\n<meta name=\"twitter:card\" content=\"summary_large_image\" \/>\n<meta name=\"twitter:label1\" content=\"Scritto da\" \/>\n\t<meta name=\"twitter:data1\" content=\"Antonio Saruzzi\" \/>\n\t<meta name=\"twitter:label2\" content=\"Tempo di lettura stimato\" \/>\n\t<meta name=\"twitter:data2\" content=\"18 minuti\" \/>\n<script type=\"application\/ld+json\" class=\"yoast-schema-graph\">{\"@context\":\"https:\\\/\\\/schema.org\",\"@graph\":[{\"@type\":\"Article\",\"@id\":\"https:\\\/\\\/www.viaggiculturalieuropa.it\\\/blog\\\/cosa-vedere-a-sibiu-e-dintorni\\\/#article\",\"isPartOf\":{\"@id\":\"https:\\\/\\\/www.viaggiculturalieuropa.it\\\/blog\\\/cosa-vedere-a-sibiu-e-dintorni\\\/\"},\"author\":{\"name\":\"Antonio Saruzzi\",\"@id\":\"https:\\\/\\\/www.viaggiculturalieuropa.it\\\/blog\\\/#\\\/schema\\\/person\\\/2aaa09858e5f9fd1695878f0cf0c1a2b\"},\"headline\":\"Cosa vedere a Sibiu e dintorni: una guida di viaggio completa\",\"datePublished\":\"2017-03-09T12:01:48+00:00\",\"dateModified\":\"2020-08-29T15:03:54+00:00\",\"mainEntityOfPage\":{\"@id\":\"https:\\\/\\\/www.viaggiculturalieuropa.it\\\/blog\\\/cosa-vedere-a-sibiu-e-dintorni\\\/\"},\"wordCount\":3511,\"commentCount\":0,\"publisher\":{\"@id\":\"https:\\\/\\\/www.viaggiculturalieuropa.it\\\/blog\\\/#organization\"},\"image\":{\"@id\":\"https:\\\/\\\/www.viaggiculturalieuropa.it\\\/blog\\\/cosa-vedere-a-sibiu-e-dintorni\\\/#primaryimage\"},\"thumbnailUrl\":\"https:\\\/\\\/c1.staticflickr.com\\\/9\\\/8470\\\/8103987689_32592e569a_o.jpg\",\"articleSection\":[\"Romania\"],\"inLanguage\":\"it-IT\",\"potentialAction\":[{\"@type\":\"CommentAction\",\"name\":\"Comment\",\"target\":[\"https:\\\/\\\/www.viaggiculturalieuropa.it\\\/blog\\\/cosa-vedere-a-sibiu-e-dintorni\\\/#respond\"]}]},{\"@type\":\"WebPage\",\"@id\":\"https:\\\/\\\/www.viaggiculturalieuropa.it\\\/blog\\\/cosa-vedere-a-sibiu-e-dintorni\\\/\",\"url\":\"https:\\\/\\\/www.viaggiculturalieuropa.it\\\/blog\\\/cosa-vedere-a-sibiu-e-dintorni\\\/\",\"name\":\"Cosa vedere a Sibiu e dintorni: una guida di viaggio completa\",\"isPartOf\":{\"@id\":\"https:\\\/\\\/www.viaggiculturalieuropa.it\\\/blog\\\/#website\"},\"primaryImageOfPage\":{\"@id\":\"https:\\\/\\\/www.viaggiculturalieuropa.it\\\/blog\\\/cosa-vedere-a-sibiu-e-dintorni\\\/#primaryimage\"},\"image\":{\"@id\":\"https:\\\/\\\/www.viaggiculturalieuropa.it\\\/blog\\\/cosa-vedere-a-sibiu-e-dintorni\\\/#primaryimage\"},\"thumbnailUrl\":\"https:\\\/\\\/c1.staticflickr.com\\\/9\\\/8470\\\/8103987689_32592e569a_o.jpg\",\"datePublished\":\"2017-03-09T12:01:48+00:00\",\"dateModified\":\"2020-08-29T15:03:54+00:00\",\"description\":\"Desideri sapere cosa vedere a Sibiu e dintorni? Qui trovi le migliori risorse online per conoscere la storia e le bellezze di questa citt\u00e0.\",\"breadcrumb\":{\"@id\":\"https:\\\/\\\/www.viaggiculturalieuropa.it\\\/blog\\\/cosa-vedere-a-sibiu-e-dintorni\\\/#breadcrumb\"},\"inLanguage\":\"it-IT\",\"potentialAction\":[{\"@type\":\"ReadAction\",\"target\":[\"https:\\\/\\\/www.viaggiculturalieuropa.it\\\/blog\\\/cosa-vedere-a-sibiu-e-dintorni\\\/\"]}]},{\"@type\":\"ImageObject\",\"inLanguage\":\"it-IT\",\"@id\":\"https:\\\/\\\/www.viaggiculturalieuropa.it\\\/blog\\\/cosa-vedere-a-sibiu-e-dintorni\\\/#primaryimage\",\"url\":\"https:\\\/\\\/c1.staticflickr.com\\\/9\\\/8470\\\/8103987689_32592e569a_o.jpg\",\"contentUrl\":\"https:\\\/\\\/c1.staticflickr.com\\\/9\\\/8470\\\/8103987689_32592e569a_o.jpg\"},{\"@type\":\"BreadcrumbList\",\"@id\":\"https:\\\/\\\/www.viaggiculturalieuropa.it\\\/blog\\\/cosa-vedere-a-sibiu-e-dintorni\\\/#breadcrumb\",\"itemListElement\":[{\"@type\":\"ListItem\",\"position\":1,\"name\":\"Home\",\"item\":\"https:\\\/\\\/www.viaggiculturalieuropa.it\\\/blog\\\/\"},{\"@type\":\"ListItem\",\"position\":2,\"name\":\"Cosa vedere a Sibiu e dintorni: una guida di viaggio completa\"}]},{\"@type\":\"WebSite\",\"@id\":\"https:\\\/\\\/www.viaggiculturalieuropa.it\\\/blog\\\/#website\",\"url\":\"https:\\\/\\\/www.viaggiculturalieuropa.it\\\/blog\\\/\",\"name\":\"Viaggi Culturali Europa\",\"description\":\"Scovo i luoghi culturali che hanno creato nel tempo le identit\u00e0 europee e li porto a conoscenza di chi ama viaggiare.\",\"publisher\":{\"@id\":\"https:\\\/\\\/www.viaggiculturalieuropa.it\\\/blog\\\/#organization\"},\"potentialAction\":[{\"@type\":\"SearchAction\",\"target\":{\"@type\":\"EntryPoint\",\"urlTemplate\":\"https:\\\/\\\/www.viaggiculturalieuropa.it\\\/blog\\\/?s={search_term_string}\"},\"query-input\":{\"@type\":\"PropertyValueSpecification\",\"valueRequired\":true,\"valueName\":\"search_term_string\"}}],\"inLanguage\":\"it-IT\"},{\"@type\":\"Organization\",\"@id\":\"https:\\\/\\\/www.viaggiculturalieuropa.it\\\/blog\\\/#organization\",\"name\":\"Viaggi Culturali Europa\",\"url\":\"https:\\\/\\\/www.viaggiculturalieuropa.it\\\/blog\\\/\",\"logo\":{\"@type\":\"ImageObject\",\"inLanguage\":\"it-IT\",\"@id\":\"https:\\\/\\\/www.viaggiculturalieuropa.it\\\/blog\\\/#\\\/schema\\\/logo\\\/image\\\/\",\"url\":\"https:\\\/\\\/www.viaggiculturalieuropa.it\\\/blog\\\/wp-content\\\/uploads\\\/2015\\\/08\\\/viaggi_culturali_europa.png\",\"contentUrl\":\"https:\\\/\\\/www.viaggiculturalieuropa.it\\\/blog\\\/wp-content\\\/uploads\\\/2015\\\/08\\\/viaggi_culturali_europa.png\",\"width\":300,\"height\":44,\"caption\":\"Viaggi Culturali Europa\"},\"image\":{\"@id\":\"https:\\\/\\\/www.viaggiculturalieuropa.it\\\/blog\\\/#\\\/schema\\\/logo\\\/image\\\/\"}},{\"@type\":\"Person\",\"@id\":\"https:\\\/\\\/www.viaggiculturalieuropa.it\\\/blog\\\/#\\\/schema\\\/person\\\/2aaa09858e5f9fd1695878f0cf0c1a2b\",\"name\":\"Antonio Saruzzi\",\"image\":{\"@type\":\"ImageObject\",\"inLanguage\":\"it-IT\",\"@id\":\"https:\\\/\\\/secure.gravatar.com\\\/avatar\\\/47b3ad7cfb4379fdf52b67869416ed8f38dede3281a89e15b9e78a882304fb2e?s=96&d=blank&r=g\",\"url\":\"https:\\\/\\\/secure.gravatar.com\\\/avatar\\\/47b3ad7cfb4379fdf52b67869416ed8f38dede3281a89e15b9e78a882304fb2e?s=96&d=blank&r=g\",\"contentUrl\":\"https:\\\/\\\/secure.gravatar.com\\\/avatar\\\/47b3ad7cfb4379fdf52b67869416ed8f38dede3281a89e15b9e78a882304fb2e?s=96&d=blank&r=g\",\"caption\":\"Antonio Saruzzi\"},\"url\":\"https:\\\/\\\/www.viaggiculturalieuropa.it\\\/blog\\\/author\\\/antonio\\\/\"}]}<\/script>\n<!-- \/ Yoast SEO plugin. -->","yoast_head_json":{"title":"Cosa vedere a Sibiu e dintorni: una guida di viaggio completa","description":"Desideri sapere cosa vedere a Sibiu e dintorni? Qui trovi le migliori risorse online per conoscere la storia e le bellezze di questa citt\u00e0.","robots":{"index":"index","follow":"follow","max-snippet":"max-snippet:-1","max-image-preview":"max-image-preview:large","max-video-preview":"max-video-preview:-1"},"canonical":"https:\/\/www.viaggiculturalieuropa.it\/blog\/cosa-vedere-a-sibiu-e-dintorni\/","og_locale":"it_IT","og_type":"article","og_title":"Cosa vedere a Sibiu e dintorni: una guida di viaggio completa","og_description":"Desideri sapere cosa vedere a Sibiu e dintorni? Qui trovi le migliori risorse online per conoscere la storia e le bellezze di questa citt\u00e0.","og_url":"https:\/\/www.viaggiculturalieuropa.it\/blog\/cosa-vedere-a-sibiu-e-dintorni\/","og_site_name":"Viaggi Culturali Europa","article_published_time":"2017-03-09T12:01:48+00:00","article_modified_time":"2020-08-29T15:03:54+00:00","og_image":[{"url":"https:\/\/c1.staticflickr.com\/9\/8470\/8103987689_32592e569a_o.jpg","type":"","width":"","height":""}],"author":"Antonio Saruzzi","twitter_card":"summary_large_image","twitter_misc":{"Scritto da":"Antonio Saruzzi","Tempo di lettura stimato":"18 minuti"},"schema":{"@context":"https:\/\/schema.org","@graph":[{"@type":"Article","@id":"https:\/\/www.viaggiculturalieuropa.it\/blog\/cosa-vedere-a-sibiu-e-dintorni\/#article","isPartOf":{"@id":"https:\/\/www.viaggiculturalieuropa.it\/blog\/cosa-vedere-a-sibiu-e-dintorni\/"},"author":{"name":"Antonio Saruzzi","@id":"https:\/\/www.viaggiculturalieuropa.it\/blog\/#\/schema\/person\/2aaa09858e5f9fd1695878f0cf0c1a2b"},"headline":"Cosa vedere a Sibiu e dintorni: una guida di viaggio completa","datePublished":"2017-03-09T12:01:48+00:00","dateModified":"2020-08-29T15:03:54+00:00","mainEntityOfPage":{"@id":"https:\/\/www.viaggiculturalieuropa.it\/blog\/cosa-vedere-a-sibiu-e-dintorni\/"},"wordCount":3511,"commentCount":0,"publisher":{"@id":"https:\/\/www.viaggiculturalieuropa.it\/blog\/#organization"},"image":{"@id":"https:\/\/www.viaggiculturalieuropa.it\/blog\/cosa-vedere-a-sibiu-e-dintorni\/#primaryimage"},"thumbnailUrl":"https:\/\/c1.staticflickr.com\/9\/8470\/8103987689_32592e569a_o.jpg","articleSection":["Romania"],"inLanguage":"it-IT","potentialAction":[{"@type":"CommentAction","name":"Comment","target":["https:\/\/www.viaggiculturalieuropa.it\/blog\/cosa-vedere-a-sibiu-e-dintorni\/#respond"]}]},{"@type":"WebPage","@id":"https:\/\/www.viaggiculturalieuropa.it\/blog\/cosa-vedere-a-sibiu-e-dintorni\/","url":"https:\/\/www.viaggiculturalieuropa.it\/blog\/cosa-vedere-a-sibiu-e-dintorni\/","name":"Cosa vedere a Sibiu e dintorni: una guida di viaggio completa","isPartOf":{"@id":"https:\/\/www.viaggiculturalieuropa.it\/blog\/#website"},"primaryImageOfPage":{"@id":"https:\/\/www.viaggiculturalieuropa.it\/blog\/cosa-vedere-a-sibiu-e-dintorni\/#primaryimage"},"image":{"@id":"https:\/\/www.viaggiculturalieuropa.it\/blog\/cosa-vedere-a-sibiu-e-dintorni\/#primaryimage"},"thumbnailUrl":"https:\/\/c1.staticflickr.com\/9\/8470\/8103987689_32592e569a_o.jpg","datePublished":"2017-03-09T12:01:48+00:00","dateModified":"2020-08-29T15:03:54+00:00","description":"Desideri sapere cosa vedere a Sibiu e dintorni? Qui trovi le migliori risorse online per conoscere la storia e le bellezze di questa citt\u00e0.","breadcrumb":{"@id":"https:\/\/www.viaggiculturalieuropa.it\/blog\/cosa-vedere-a-sibiu-e-dintorni\/#breadcrumb"},"inLanguage":"it-IT","potentialAction":[{"@type":"ReadAction","target":["https:\/\/www.viaggiculturalieuropa.it\/blog\/cosa-vedere-a-sibiu-e-dintorni\/"]}]},{"@type":"ImageObject","inLanguage":"it-IT","@id":"https:\/\/www.viaggiculturalieuropa.it\/blog\/cosa-vedere-a-sibiu-e-dintorni\/#primaryimage","url":"https:\/\/c1.staticflickr.com\/9\/8470\/8103987689_32592e569a_o.jpg","contentUrl":"https:\/\/c1.staticflickr.com\/9\/8470\/8103987689_32592e569a_o.jpg"},{"@type":"BreadcrumbList","@id":"https:\/\/www.viaggiculturalieuropa.it\/blog\/cosa-vedere-a-sibiu-e-dintorni\/#breadcrumb","itemListElement":[{"@type":"ListItem","position":1,"name":"Home","item":"https:\/\/www.viaggiculturalieuropa.it\/blog\/"},{"@type":"ListItem","position":2,"name":"Cosa vedere a Sibiu e dintorni: una guida di viaggio completa"}]},{"@type":"WebSite","@id":"https:\/\/www.viaggiculturalieuropa.it\/blog\/#website","url":"https:\/\/www.viaggiculturalieuropa.it\/blog\/","name":"Viaggi Culturali Europa","description":"Scovo i luoghi culturali che hanno creato nel tempo le identit\u00e0 europee e li porto a conoscenza di chi ama viaggiare.","publisher":{"@id":"https:\/\/www.viaggiculturalieuropa.it\/blog\/#organization"},"potentialAction":[{"@type":"SearchAction","target":{"@type":"EntryPoint","urlTemplate":"https:\/\/www.viaggiculturalieuropa.it\/blog\/?s={search_term_string}"},"query-input":{"@type":"PropertyValueSpecification","valueRequired":true,"valueName":"search_term_string"}}],"inLanguage":"it-IT"},{"@type":"Organization","@id":"https:\/\/www.viaggiculturalieuropa.it\/blog\/#organization","name":"Viaggi Culturali Europa","url":"https:\/\/www.viaggiculturalieuropa.it\/blog\/","logo":{"@type":"ImageObject","inLanguage":"it-IT","@id":"https:\/\/www.viaggiculturalieuropa.it\/blog\/#\/schema\/logo\/image\/","url":"https:\/\/www.viaggiculturalieuropa.it\/blog\/wp-content\/uploads\/2015\/08\/viaggi_culturali_europa.png","contentUrl":"https:\/\/www.viaggiculturalieuropa.it\/blog\/wp-content\/uploads\/2015\/08\/viaggi_culturali_europa.png","width":300,"height":44,"caption":"Viaggi Culturali Europa"},"image":{"@id":"https:\/\/www.viaggiculturalieuropa.it\/blog\/#\/schema\/logo\/image\/"}},{"@type":"Person","@id":"https:\/\/www.viaggiculturalieuropa.it\/blog\/#\/schema\/person\/2aaa09858e5f9fd1695878f0cf0c1a2b","name":"Antonio Saruzzi","image":{"@type":"ImageObject","inLanguage":"it-IT","@id":"https:\/\/secure.gravatar.com\/avatar\/47b3ad7cfb4379fdf52b67869416ed8f38dede3281a89e15b9e78a882304fb2e?s=96&d=blank&r=g","url":"https:\/\/secure.gravatar.com\/avatar\/47b3ad7cfb4379fdf52b67869416ed8f38dede3281a89e15b9e78a882304fb2e?s=96&d=blank&r=g","contentUrl":"https:\/\/secure.gravatar.com\/avatar\/47b3ad7cfb4379fdf52b67869416ed8f38dede3281a89e15b9e78a882304fb2e?s=96&d=blank&r=g","caption":"Antonio Saruzzi"},"url":"https:\/\/www.viaggiculturalieuropa.it\/blog\/author\/antonio\/"}]}},"_links":{"self":[{"href":"https:\/\/www.viaggiculturalieuropa.it\/blog\/wp-json\/wp\/v2\/posts\/1348","targetHints":{"allow":["GET"]}}],"collection":[{"href":"https:\/\/www.viaggiculturalieuropa.it\/blog\/wp-json\/wp\/v2\/posts"}],"about":[{"href":"https:\/\/www.viaggiculturalieuropa.it\/blog\/wp-json\/wp\/v2\/types\/post"}],"author":[{"embeddable":true,"href":"https:\/\/www.viaggiculturalieuropa.it\/blog\/wp-json\/wp\/v2\/users\/3"}],"replies":[{"embeddable":true,"href":"https:\/\/www.viaggiculturalieuropa.it\/blog\/wp-json\/wp\/v2\/comments?post=1348"}],"version-history":[{"count":3,"href":"https:\/\/www.viaggiculturalieuropa.it\/blog\/wp-json\/wp\/v2\/posts\/1348\/revisions"}],"predecessor-version":[{"id":2720,"href":"https:\/\/www.viaggiculturalieuropa.it\/blog\/wp-json\/wp\/v2\/posts\/1348\/revisions\/2720"}],"wp:attachment":[{"href":"https:\/\/www.viaggiculturalieuropa.it\/blog\/wp-json\/wp\/v2\/media?parent=1348"}],"wp:term":[{"taxonomy":"category","embeddable":true,"href":"https:\/\/www.viaggiculturalieuropa.it\/blog\/wp-json\/wp\/v2\/categories?post=1348"},{"taxonomy":"post_tag","embeddable":true,"href":"https:\/\/www.viaggiculturalieuropa.it\/blog\/wp-json\/wp\/v2\/tags?post=1348"}],"curies":[{"name":"wp","href":"https:\/\/api.w.org\/{rel}","templated":true}]}}