{"id":2108,"date":"2018-03-16T13:17:02","date_gmt":"2018-03-16T12:17:02","guid":{"rendered":"https:\/\/www.viaggiculturalieuropa.it\/blog\/?p=2108"},"modified":"2018-03-27T15:22:01","modified_gmt":"2018-03-27T13:22:01","slug":"cosa-vedere-a-parma","status":"publish","type":"post","link":"https:\/\/www.viaggiculturalieuropa.it\/blog\/cosa-vedere-a-parma\/","title":{"rendered":"Cosa vedere a Parma e dintorni in un giorno tra buon cibo e arte medievale"},"content":{"rendered":"<p><span style=\"font-weight: 400;\">Parma \u00e8 capitale della cultura italiana 2020 e una citt\u00e0 ricca di storia, culla dell\u2019arte medievale e Citt\u00e0 creativa UNESCO per la sua tradizione enogastronomica. Come vedi ci sono mille motivi per <\/span><span style=\"font-weight: 400;\">visitare Parma<\/span><span style=\"font-weight: 400;\"> e <strong>in questa guida scoprirai esattamente <\/strong><\/span><strong>cosa vedere a Parma<\/strong><span style=\"font-weight: 400;\"><strong> e dintorni in un giorno solo<\/strong>. Ti indicher\u00f2 un tour culturale spettacolare per tutta la famiglia.<\/span><\/p>\n<p>&nbsp;<\/p>\n<p><a title=\"Battistero di Parma\" href=\"https:\/\/www.flickr.com\/photos\/25017031@N03\/26239275039\/in\/photolist-FYF9iM-pxiSaj-5EhB6h-5LNTAi-E7s9w7-MT1Vs8-rQcNb8-MY1uzU-9RkD3m-kd2u3v-Mgp1wM-5Vghjz-BN5QAB-24DeYUB-WtMULF-VDih4p-rhVS1J-QimWr5-N7ffYZ-NZhdN8-9H6MnU-9MnuAv-dbCLCe-WauV3q-TpAEbL-QVDjzE-Rnp1Rr-atGvtr-RwaDnm-pPvBPS-qha5kr-Nnz6Z5-9Dv2nZ-R9Qu9F-pxxpa8-TZBFLt-py9VRR-7Ce7nx-Mb9Byw-7tXGam-7ekXBP-9C1MqU-CCa6pM-C8sgXA-4Q7E1Z-rhhpBp-eZGuJr-SNsPdx-RydFRv-LUfN6A\" target=\"_blank\" rel=\"noopener\" data-flickr-embed=\"true\"><img loading=\"lazy\" decoding=\"async\" class=\"alignnone\" title=\"Cosa vedere a Parma\" src=\"https:\/\/farm5.staticflickr.com\/4445\/26239275039_50889cc69c_b.jpg\" alt=\"Cosa vedere a Parma\" width=\"1024\" height=\"683\" \/><\/a><script async src=\"\/\/embedr.flickr.com\/assets\/client-code.js\" charset=\"utf-8\"><\/script><!--more--><\/p>\n<p>&nbsp;<\/p>\n<h1><span style=\"font-weight: 400;\">Cosa vedere a Parma<\/span><span style=\"font-weight: 400;\">: culla dell\u2019arte medievale e del rinascimento<\/span><\/h1>\n<p><span style=\"font-weight: 400;\">Tra poco ti indicher\u00f2 esattamente <\/span><span style=\"font-weight: 400;\">cosa vedere a Parma<\/span><span style=\"font-weight: 400;\">. Esploreremo il suo patrimonio storico, unico nel suo genere, attraverso un tour adatto a singoli esploratori, ma anche a viaggiatori con bambini.<\/span><\/p>\n<p><span style=\"font-weight: 400;\">Visitare Parma di sera<\/span><span style=\"font-weight: 400;\"> e di giorno \u00e8 una bella esperienza, tutto il centro storico merita davvero un\u2019intera giornata di esplorazione.<\/span><\/p>\n<p><span style=\"font-weight: 400;\">Se ti sar\u00e0 capitato di sfogliare un libro di storia dell\u2019arte, avrai notato che la citt\u00e0 di Parma \u00e8 citata quasi sempre nei capitoli che riguardano l\u2019arte medievale e primo rinascimentale. Ora scoprirai perch\u00e9.<\/span><\/p>\n<p>&nbsp;<\/p>\n<p><iframe loading=\"lazy\" src=\"https:\/\/umap.openstreetmap.fr\/it\/map\/cosa-vedere-a-parma_204441?scaleControl=false&amp;miniMap=false&amp;scrollWheelZoom=false&amp;zoomControl=true&amp;allowEdit=false&amp;moreControl=true&amp;searchControl=null&amp;tilelayersControl=null&amp;embedControl=null&amp;datalayersControl=true&amp;onLoadPanel=undefined&amp;captionBar=false\" width=\"100%\" height=\"550px\" frameborder=\"0\"><span data-mce-type=\"bookmark\" style=\"display: inline-block; width: 0px; overflow: hidden; line-height: 0;\" class=\"mce_SELRES_start\">\ufeff<\/span><\/iframe><\/p>\n<p><a style=\"font-size: 12px;\" href=\"https:\/\/umap.openstreetmap.fr\/it\/map\/cosa-vedere-a-parma_204441\">Visualizza a schermo intero la Mappa turistica di Parma<\/a><\/p>\n<p>&nbsp;<\/p>\n<p><span style=\"font-weight: 400;\">Visitare <\/span><span style=\"font-weight: 400;\">Parma in un giorno<\/span><span style=\"font-weight: 400;\"> \u00e8 semplicissimo e a mio parere \u00e8 ideale anche per assaporare i piatti della tradizione. Parma ha una storia importante, che continua ancora oggi. Nel Medioevo \u00e8 stata una delle primissime citt\u00e0 della penisola ha essere dotata di una architettura in stile romanico, mentre nel Cinquecento ha avuto la possibilit\u00e0 di portare in citt\u00e0 importanti artisti per le decorazioni dei suoi pi\u00f9 importanti edifici religiosi, che tra poco vedremo uno a uno.<\/span><\/p>\n<p>&nbsp;<\/p>\n<h2>#1 Duomo di Parma<\/h2>\n<p><a title=\"Parma - Piazza Duomo\" href=\"https:\/\/www.flickr.com\/photos\/48568322@N00\/30631718280\/in\/photolist-NEPyDN-4Sqekq-apJKsG-YBNe4g-nwNetF-KDNcFP-f7NuLr-quijWt-azUs1e-nYkky3-CnSHKv-dqmFCG-NFDBjc-7AY9Z-pnDypF-pMT9fj-r6m7te-BRDqsD-9u8eMJ-erVT3E-NmCoDi-qyi5je-NpDjrw-8u7a6r-bkkTLs-pYQZuk-dsp2aC-R5kCuz-piuc6D-okpwdb-23h5TXP-DW7DNC-Z3Buhq-vPeRg-qkqSzA-LsJmqb-NDEhVQ-Uj2vmF-GxDTVm-PdRcb7-LYoCcH-Nwnf9S-23AANdd-Naj4x4-8MW2Wj-LmDexq-M1mgKN-dbCM4S-6ANdTK-N3nFge\" target=\"_blank\" rel=\"noopener\" data-flickr-embed=\"true\"><img loading=\"lazy\" decoding=\"async\" class=\"alignnone\" title=\"Parma - Piazza Duomo\" src=\"https:\/\/farm6.staticflickr.com\/5793\/30631718280_100cc761f9_b.jpg\" alt=\"Parma - Piazza Duomo\" width=\"1024\" height=\"555\" \/><\/a><script async src=\"\/\/embedr.flickr.com\/assets\/client-code.js\" charset=\"utf-8\"><\/script><\/p>\n<p>&nbsp;<\/p>\n<p><span style=\"font-weight: 400;\">Tra le <\/span><span style=\"font-weight: 400;\">cose da vedere a Parma<\/span><span style=\"font-weight: 400;\">, la prima \u00e8 di sicuro il suo bellissimo Duomo: il principale monumento della citt\u00e0, uno dei capolavori dell\u2019arte medievale italiana.<\/span><\/p>\n<p><span style=\"font-weight: 400;\">La Cattedrale di Parma \u00e8 stata consacrata nel 1106, siamo in pieno Medioevo, e ancora oggi \u00e8 considerata una delle opere architettoniche in stile romanico pi\u00f9 belle d\u2019Italia.<\/span><\/p>\n<p><span style=\"font-weight: 400;\">All\u2019interno \u00e8 conservata la Deposizione dalla croce, celebre opera scultorea medievale di Benedetto Antelami, e gli affreschi interni firmati dal pittore Correggio nel primo Rinascimento.<\/span><\/p>\n<p><span style=\"font-weight: 400;\">Nell\u2019Ottocento il Duomo di Parma ha ottenuto il riconoscimento pontificio di Basilica minore.<\/span><\/p>\n<p>&nbsp;<\/p>\n<h2>#2 Battistero di Parma<\/h2>\n<p><a title=\"Baptisterio de Parma: joya matem\u00e1tica del Medievo\" href=\"https:\/\/www.flickr.com\/photos\/112365209@N03\/29476278781\/in\/photolist-LUHCK8-DqxC3C-nHgZDf-nDUmHV-58MHD8-jaKTS8-iEuKXx-9P1JNp-r2Mzwy-sSMUh-iTL1Uu-quijH2-e78snV-EkKqaD-84uJVV-64m5yt-4Sm6CW-iV35TA-pxxoUD-iFGBY6-62aY5r-5HgyEN-22H1LQ7-tPcKpq-QsCL5h-9MeYjt-FBkXjE-FKt8mK-BSkJmy-pkyhCZ-kj5ct8-rMV7JH-eaC1K4-pipwnD-rfdWx6-bSVd5t-9LKt5B-tcJ6dy-iWj1Rg-9Nvv4t-Z6EW6q-NEPyDN-4Sqekq-apJKsG-YBNe4g-nwNetF-KDNcFP-f7NuLr-quijWt-azUs1e\" target=\"_blank\" rel=\"noopener\" data-flickr-embed=\"true\"><img loading=\"lazy\" decoding=\"async\" class=\"alignnone\" title=\"Battistero di Parma\" src=\"https:\/\/farm9.staticflickr.com\/8542\/29476278781_b2895c6ca8_b.jpg\" alt=\"Battistero di Parma\" width=\"1024\" height=\"683\" \/><\/a><script async src=\"\/\/embedr.flickr.com\/assets\/client-code.js\" charset=\"utf-8\"><\/script><\/p>\n<p>&nbsp;<\/p>\n<p><span style=\"font-weight: 400;\">Il Duomo di Parma non \u00e8 l\u2019unico monumento medievale presente nella piazza, perch\u00e9 accanto puoi ammirare il Battistero, altra importantissima opera d\u2019arte medievale. Molti lo considerano l\u2019anello di congiunzione tra l\u2019arte romanica e quella gotica.<\/span><\/p>\n<p><span style=\"font-weight: 400;\">Tra i <\/span><span style=\"font-weight: 400;\">luoghi d\u2019interesse<\/span><span style=\"font-weight: 400;\"> della citt\u00e0 emiliana, questi due sono davvero imperdibili.<\/span><\/p>\n<p><span style=\"font-weight: 400;\">L\u2019architettura del Battistero \u00e8 a base ottagonale. Non \u00e8 un caso, l\u2019ottagono \u00e8 il simbolo dell\u2019eternit\u00e0 e lo ritroviamo anche in un altro celebre monumento medievale: Castel del Monte, in Puglia.<\/span><\/p>\n<p><span style=\"font-weight: 400;\">La costruzione del Battistero di Parma fu pianificata e realizzata da Benedetto Antelami. Molto suggestive sono le decorazioni interne ed esterne, ma in particolare mi hanno colpito le opere scultoree, come il Zooforo, una serie di settantacinque formelle scolpite nel marmo e raffiguranti animali, e il ciclo dei mesi, una serie di sculture medievali a rilievo che raffigura i mesi dell\u2019anno e i lavori contadini corrispondenti.<\/span><\/p>\n<p><span style=\"font-weight: 400;\">L\u2019architettura all\u2019esterno \u00e8 realizzata in marmo rosa di Verona, il quale raggiungeva Parma attraverso i corsi d\u2019acqua. La Storia narra che per un certo periodo la citt\u00e0 di Parma entr\u00f2 in combutta con il governo veronese, che per prima cosa viet\u00f2 il trasporto di marmo verso Parma, consapevole di quanto fosse importante la costruzione del Battistero per la citt\u00e0 emiliana.<\/span><\/p>\n<p><span style=\"font-weight: 400;\">L\u2019interno del Battistero, invece, \u00e8 decorato con affreschi nelle nicchie laterali e sul soffitto della cupola. Sono unici nel loro genere e di sicuro da tenere a mente quando rifletti su <\/span><span style=\"font-weight: 400;\">cosa vedere a Parma<\/span><span style=\"font-weight: 400;\">.<\/span><\/p>\n<p><span style=\"font-weight: 400;\">Il Battistero di Parma rappresenta un monumento particolare anche per la sua altezza, pi\u00f9 simile a quella di una torre fortificata, che a un\u2019architettura religiosa. Il gioco di luci e ombre creato delle aperture esterne ti regaler\u00e0 grandi emozioni, per apprezzarlo a pieno ti consiglio di visitarlo di mattina, prima che arrivi mezzogiorno, o di pomeriggio, prima che faccia sera.<\/span><\/p>\n<p>&nbsp;<\/p>\n<h2>#3 Abbazia di San Giovanni Evangelista<\/h2>\n<p><span style=\"font-weight: 400;\">Proseguiamo il nostro tour tra le bellezze della citt\u00e0 e vediamo <\/span><span style=\"font-weight: 400;\">cosa visitare a Parma<\/span><span style=\"font-weight: 400;\"> in una giornata intera. Dopo aver visitato i due monumenti pi\u00f9 rappresentativi dell\u2019arte medievale parmense, facciamo un salto in avanti nella linea del tempo.<\/span><\/p>\n<p><span style=\"font-weight: 400;\">L\u2019Abbazia di San Giovanni Evangelista \u00e8 un complesso architettonico che racchiude tre edifici: la Chiesa, il complesso abbaziale e l\u2019antica spezieria, che un tempo custodiva le erbe curative.<\/span><\/p>\n<p><span style=\"font-weight: 400;\">La struttura \u00e8 di origine medievale, ma \u00e8 stata terminata nel Rinascimento. La facciata della Chiesa, in marmo, ha un aspetto inconfondibile, che ti dar\u00e0 l\u2019opportunit\u00e0 di cogliere tutte le particolarit\u00e0 dello stile artistico rinascimentale emiliano.<\/span><\/p>\n<p><span style=\"font-weight: 400;\">Il particolare che devi conoscere \u00e8 che questa Chiesa \u00e8 diversa dalle altre e per questo ho deciso di inserirla in questo itinerario culturale su <\/span><span style=\"font-weight: 400;\">cosa vedere a Parma<\/span><span style=\"font-weight: 400;\">. La Chiesa \u00e8 stata realizzata in uno stile particolare che si chiama Manierista e il suo progettista fu il famoso Simone Moschino.<\/span><\/p>\n<p><span style=\"font-weight: 400;\">Questo particolare stile artistico non \u00e8 facile da trovare in giro, perch\u00e9 \u00e8 quel particolare stile che si svilupp\u00f2 in Europa tra il Rinascimento e il Barocco, quindi tra il Cinquecento e il primissimo Seicento.<\/span><\/p>\n<p><span style=\"font-weight: 400;\">Spesso le ristrutturazioni delle chiese ci propongono la versione cinquecentesca o barocca di una chiesa, mentre l\u2019Abbazia di San Giovanni che trovi a Parma conserva ancora questo particolare stile di transizione.<\/span><\/p>\n<p>&nbsp;<\/p>\n<p><a title=\"Parma.\" href=\"https:\/\/www.flickr.com\/photos\/100908538@N05\/20765478164\/in\/photolist-xCYvcA-P4k1qD-HRGxD5-qcJGib-GYUyeU-qcRAfr-uTxiu3-bVzBpG-4Sm1je-CnuBuw-4SgTNR-SVfdx5-97qik2-9JFpyS-GzzgCD-TX2jEF-LXfeL8-dMckyA-LUHCK8-DqxC3C-nHgZDf-nDUmHV-58MHD8-jaKTS8-iEuKXx-9P1JNp-r2Mzwy-sSMUh-iTL1Uu-quijH2-e78snV-EkKqaD-84uJVV-64m5yt-4Sm6CW-iV35TA-pxxoUD-iFGBY6-62aY5r-5HgyEN-22H1LQ7-tPcKpq-QsCL5h-9MeYjt-FBkXjE-FKt8mK-BSkJmy-pkyhCZ-kj5ct8-rMV7JH\" target=\"_blank\" rel=\"noopener\" data-flickr-embed=\"true\"><img loading=\"lazy\" decoding=\"async\" class=\"alignnone\" title=\"Centro storico di Parma\" src=\"https:\/\/farm1.staticflickr.com\/573\/20765478164_2584a4e09b_b.jpg\" alt=\"Centro storico di Parma\" width=\"1024\" height=\"768\" \/><\/a><script async src=\"\/\/embedr.flickr.com\/assets\/client-code.js\" charset=\"utf-8\"><\/script><\/p>\n<p>&nbsp;<\/p>\n<h2>#4 Basilica di Santa Maria della Steccata<\/h2>\n<p><span style=\"font-weight: 400;\">La Basilica di Santa Maria della Steccata \u00e8 un monumento religioso importantissimo per la citt\u00e0 di Parma.<\/span><\/p>\n<p><span style=\"font-weight: 400;\">La Basilica di Santa Maria della Steccata \u00e8 stata terminata agli inizi del Cinquecento ed \u00e8 uno dei santuari mariani italiani pi\u00f9 visitati dai pellegrini cristiani.<\/span><\/p>\n<p><span style=\"font-weight: 400;\">L\u2019edificio presenta una pianta a croce greca, personalmente adoro le chiese a croce greca, quindi potrai vedere che ha i lati absidati della Chiesa della stessa lunghezza con un cupolone che sovrasta la parte centrale.<\/span><\/p>\n<p><span style=\"font-weight: 400;\">L&#8217;interno della Chiesa \u00e8 ornato da eleganti affreschi della scuola di Parma del Seicento. L&#8217;intera decorazione pittorica fu commissionata prima al Parmigianino (pseudonimo di Girolamo Francesco Maria Mazzola) tra i pi\u00f9 importanti artisti di scuola manierista e in generale uno dei pi\u00f9 famosi dell\u2019arte emiliana, e al duo composto da Michelangelo Anselmi, che realizz\u00f2 gli affreschi con la bellissima <\/span><i><span style=\"font-weight: 400;\">Incoronazione della Vergine<\/span><\/i><span style=\"font-weight: 400;\">, e da Bernardino Gatti, a cui si devono le decorazioni della cupola.<\/span><\/p>\n<p>&nbsp;<\/p>\n<h2>#5 ex Monastero di San Paolo<\/h2>\n<p><span style=\"font-weight: 400;\">Il nostro tour culturale tra le vie di Parma prosegue nell\u2019antico Monastero di San Paolo.<\/span><\/p>\n<p><span style=\"font-weight: 400;\">Il complesso religioso \u00e8 molto noto per la presenza della Camera della Badessa, affrescata dal pittore Correggio nel primo Cinquecento (1518-1519), su commissione della Madre badessa Giovanna da Piacenza.<\/span><\/p>\n<p><span style=\"font-weight: 400;\">L\u2019aspetto abbagliante della stanza ti regaler\u00e0 l\u2019opportunit\u00e0 di conoscere da vicino l\u2019arte del Correggio. Questo artista ha un aspetto importante del suo stile che io apprezzo molto: riprende il meglio della cultura artistica del Quattrocento e in particolare dei grandi maestri del tardo Medioevo e del primo Rinascimento, come Leonardo, Raffaello, Michelangelo e Mantegna.<\/span><\/p>\n<p><span style=\"font-weight: 400;\">Correggio \u00e8 uno dei grandi pittori italiani del Cinquecento e Parma \u00e8 una delle citt\u00e0 pi\u00f9 rappresentative per conoscere il suo stile.<\/span><\/p>\n<p><span style=\"font-weight: 400;\">La Camera della Badessa espone dei grandi capolavori della sua arte, come gli affreschi della volta, e perderli sarebbe una vera follia.<\/span><\/p>\n<p><span style=\"font-weight: 400;\">Abbiamo terminato le tappe che ti permettono di conoscere l\u2019arte medievale e rinascimentale tipica di Parma e se vogliamo dell\u2019Emilia in generale.<\/span><\/p>\n<p><span style=\"font-weight: 400;\">Le chiese sono spesso sottovalutate dai viaggiatori culturali, in realt\u00e0 sono dei grandissimi musei, dove puoi ritrovare le opere d\u2019arte nel luogo originario per il quale sono state pensate. Vederle in un museo non fa lo stesso effetto, perch\u00e9 sono fuori contesto. Parma \u00e8 una di quelle citt\u00e0, dove l\u2019arte puoi ammirarla in posto e non all\u2019interno di fredde teche museali.<\/span><\/p>\n<p>&nbsp;<\/p>\n<h2>#6 Il castello dei burattini<\/h2>\n<p><span style=\"font-weight: 400;\">Il Castello dei burattini si trova nel Museo Giordano Ferrari.<\/span><\/p>\n<p>Il museo prende il nome dal pi\u00f9 famoso burattinaio di Parma e rappresenta una delle collezioni di burattini pi\u00f9 importanti d\u2019Italia.<\/p>\n<p><span style=\"font-weight: 400;\">All\u2019interno del Museo potrai vedere sia la collezione della famiglia Ferrari, sia altre collezioni di burattini, quasi tutti intagliati in legno, che rappresentano a mio avviso vere e proprie esposizioni di arte contemporanea.<\/span><\/p>\n<p><span style=\"font-weight: 400;\">Il Museo \u00e8 aperto tutti i giorni dalle 10 alle 17.<\/span><\/p>\n<p><span style=\"font-weight: 400;\">L\u2019ingresso al Museo \u00e8 gratuito.<\/span><\/p>\n<p><span style=\"font-weight: 400;\">N<\/span><span style=\"font-weight: 400;\">el sito web ufficiale trovi maggiori informazioni sul Castello dei burattini: <\/span><a href=\"http:\/\/www.castellodeiburattini.it\"><span style=\"font-weight: 400;\">http:\/\/www.castellodeiburattini.it<\/span><\/a><\/p>\n<p>&nbsp;<\/p>\n<p><a title=\"Parma\" href=\"https:\/\/www.flickr.com\/photos\/paulsmeets\/37670129394\/in\/photolist-ZoMg4y-21qu85x-CwPUJb-8K4xBS-5XgkMP-9f17HZ-pmqLst-ajWwcQ-qs27Jh-ZtnrRU-ay98bu-xCYvcA-P4k1qD-HRGxD5-qcJGib-GYUyeU-qcRAfr-uTxiu3-bVzBpG-4Sm1je-CnuBuw-4SgTNR-SVfdx5-97qik2-9JFpyS-GzzgCD-TX2jEF-LXfeL8-dMckyA-LUHCK8-DqxC3C-nHgZDf-nDUmHV-58MHD8-jaKTS8-iEuKXx-9P1JNp-r2Mzwy-sSMUh-iTL1Uu-quijH2-e78snV-EkKqaD-84uJVV-64m5yt-4Sm6CW-iV35TA-pxxoUD-iFGBY6-62aY5r\" target=\"_blank\" rel=\"noopener\" data-flickr-embed=\"true\"><img loading=\"lazy\" decoding=\"async\" class=\"alignnone\" title=\"Visitare Parma\" src=\"https:\/\/farm5.staticflickr.com\/4559\/37670129394_8d1cf176be_b.jpg\" alt=\"Visitare Parma\" width=\"1024\" height=\"682\" \/><\/a><script async src=\"\/\/embedr.flickr.com\/assets\/client-code.js\" charset=\"utf-8\"><\/script><\/p>\n<p>&nbsp;<\/p>\n<h2>#7 Palazzo della Pilotta<\/h2>\n<p><span style=\"font-weight: 400;\">Nel nostro itinerario culturale su <\/span><span style=\"font-weight: 400;\">cosa vedere a Parma<\/span><span style=\"font-weight: 400;\">, non potevamo dimenticare il Palazzo della Pilotta, noto anche solamente come <\/span><i><span style=\"font-weight: 400;\">Pilotta<\/span><\/i><span style=\"font-weight: 400;\">, uno dei monumenti pi\u00f9 importanti di Parma.<\/span><\/p>\n<p><span style=\"font-weight: 400;\">\u00c8 un complesso architettonico, che si trova nel centro storico di Parma tra Piazza della Pace e il Lungoparma, la riva del torrente Parma.<\/span><\/p>\n<p><span style=\"font-weight: 400;\">Il nome la Pilotta deriva da un gioco molto antico, il cosiddetto gioco della <\/span><i><span style=\"font-weight: 400;\">pelota basca<\/span><\/i><span style=\"font-weight: 400;\">.<\/span><\/p>\n<p><span style=\"font-weight: 400;\">Un gioco che purtroppo oggi \u00e8 andato perso. Nel Cinquecento, invece, era uno dei giochi pi\u00f9 praticati in Italia e in Spagna. Arriv\u00f2 a Parma importato dai soldati spagnoli, che lo praticavano nel cortile del Guazzatoio, chiamato anticamente <\/span><i><span style=\"font-weight: 400;\">Della pelota<\/span><\/i><span style=\"font-weight: 400;\">.<\/span><\/p>\n<p><span style=\"font-weight: 400;\">Attualmente il Palazzo della Pilotta \u00e8 sede del <\/span><b>Museo archeologico nazionale<\/b><span style=\"font-weight: 400;\">, della <\/span><b>Galleria Nazionale di Parma<\/b><span style=\"font-weight: 400;\">, della <\/span><b>Biblioteca Palatina<\/b><span style=\"font-weight: 400;\"> e del <\/span><b>Museo Bodoniano<\/b><span style=\"font-weight: 400;\">.<\/span><\/p>\n<p><span style=\"font-weight: 400;\">Tutti luoghi di cultura interessantissimi, ideali per conoscere meglio la storia della citt\u00e0 e del territorio circostante.<\/span><\/p>\n<p><span style=\"font-weight: 400;\">Per maggiori informazioni su orari e prezzi del biglietto, visita il sito web ufficiale: <\/span><a href=\"http:\/\/pilotta.beniculturali.it\/\"><span style=\"font-weight: 400;\">http:\/\/pilotta.beniculturali.it\/<\/span><\/a><\/p>\n<p>&nbsp;<\/p>\n<h2>#9 Palazzo Ducale del Giardino<\/h2>\n<p><span style=\"font-weight: 400;\">Il Palazzo Ducale del Giardino \u00e8 un palazzo storico di Parma, che si trova nel famoso Parco Ducale.<\/span><\/p>\n<p><span style=\"font-weight: 400;\">La struttura oggi non \u00e8 visitabile, perch\u00e9 ospita uffici pubblici, ma il Parco merita una visita. \u00c8 davvero splendido.<\/span><\/p>\n<p><span style=\"font-weight: 400;\">Ti consiglio di inserirlo nel tuo tour su <\/span><span style=\"font-weight: 400;\">cosa vedere a Parma<\/span><span style=\"font-weight: 400;\"> per prenderti una pausa e rilassarti con una bella passeggiata nel verde del Parco, prima di riprendere l\u2019itinerario tra musei e antichi palazzi storici.<\/span><\/p>\n<p>&nbsp;<\/p>\n<p><a title=\"Parma 8\" href=\"https:\/\/www.flickr.com\/photos\/25533361@N00\/2539622650\/in\/photolist-4Sqekq-apJKsG-YBNe4g-nwNetF-KDNcFP-f7NuLr-quijWt-azUs1e-nYkky3-CnSHKv-dqmFCG-NFDBjc-7AY9Z-pnDypF-pMT9fj-r6m7te-BRDqsD-9u8eMJ-erVT3E-NmCoDi-qyi5je-NpDjrw-8u7a6r-bkkTLs-pYQZuk-dsp2aC-R5kCuz-piuc6D-okpwdb-23h5TXP-DW7DNC-Z3Buhq-vPeRg-qkqSzA-LsJmqb-NDEhVQ-Uj2vmF-GxDTVm-PdRcb7-LYoCcH-Nwnf9S-23AANdd-Naj4x4-8MW2Wj-LmDexq-M1mgKN-dbCM4S-6ANdTK-N3nFge-MnpTqC\" target=\"_blank\" rel=\"noopener\" data-flickr-embed=\"true\"><img loading=\"lazy\" decoding=\"async\" class=\"alignnone\" title=\"Cose da vedere a Parma\" src=\"https:\/\/farm4.staticflickr.com\/3281\/2539622650_cc9b889d85_b.jpg\" alt=\"Cose da vedere a Parma\" width=\"686\" height=\"1024\" \/><\/a><script async src=\"\/\/embedr.flickr.com\/assets\/client-code.js\" charset=\"utf-8\"><\/script><\/p>\n<p>&nbsp;<\/p>\n<h2>#10 Parco della cittadella<\/h2>\n<p><span style=\"font-weight: 400;\">Il Parco della cittadella si trova fuori dal centro storico di Parma, all\u2019interno di una fortezza rinascimentale.<\/span><\/p>\n<p><span style=\"font-weight: 400;\">La Cittadella di Parma \u00e8 un castello pentagonale costruito nel corso del Cinquecento con gli inconfondibili bastioni a punta, tipici del Rinascimento italiano.<\/span><\/p>\n<p><span style=\"font-weight: 400;\">La struttura nacque per scopi difensivi e fu per questo dotata di possenti bastioni e di un profondo fossato. Successivamente \u00e8 stata impiegata come luogo deputato alle impiccagioni e alle altre esecuzioni di morte, ma anche come prigione per i reati politici.<\/span><\/p>\n<p><span style=\"font-weight: 400;\">\u00c8 curioso questo forte contrasto tra la morte e la vita, prima la Cittadella era un luogo da cui tenersi ben lontani, oggi invece \u00e8 un luogo verde, dove molti abitanti e turisti si recano per ritrovare se stessi.<\/span><\/p>\n<p><span style=\"font-weight: 400;\">L\u2019antica fortezza \u00e8 utilizzata dalla citt\u00e0 di Parma come parco pubblico, con spazi dedicati alle attivit\u00e0 sportive e ai giochi per bambini.<\/span><\/p>\n<p>&nbsp;<\/p>\n<h2>#11 Orto Botanico<\/h2>\n<p><span style=\"font-weight: 400;\">L&#8217;Orto botanico di Parma \u00e8 un giardino storico monumentale, gestito dall\u2019Universit\u00e0 degli Studi di Parma, e situato all\u2019estremit\u00e0 meridionale del centro storico.<\/span><\/p>\n<p><span style=\"font-weight: 400;\">In origine l\u2019orto, noto anche come Giardino dei Semplici, fu creato nel Seicento da Enrico V. di Brabantia, per volont\u00e0 del duca Ranuccio I Farnese, interessato alla coltivazione delle erbe mediche e delle piante medicinali.<\/span><\/p>\n<p><span style=\"font-weight: 400;\">Una zona verde artificiale, che una volta entrato ti dar\u00e0 la sensazione di trovarti in un parco naturale.<\/span><\/p>\n<p><span style=\"font-weight: 400;\">La sensazione di estraniamento dalla realt\u00e0 sar\u00e0 immediata<\/span><span style=\"font-weight: 400;\">.<\/span><\/p>\n<p><span style=\"font-weight: 400;\">Il luogo ideale per gli amanti del mondo vegetale e per chi \u00e8 appassionato di storia naturale, troverai tante curiosit\u00e0 su un\u2019infinit\u00e0 di specie provenienti da tutto il mondo. Il giardino all\u2019italiana \u00e8 una chicca deliziosa.<\/span><\/p>\n<p><span style=\"font-weight: 400;\">Dato che le nostre guide si contraddistinguono per fornirti informazioni storiche, anche in questo caso ti informiamo che l\u2019edificio neoclassico \u00e8 utilizzato dalla Scuola di Botanica, che conserva nella biblioteca antichissimi erbari del Settecento e dell\u2019Ottocento. Delle fonti storiche di grande valore per la storia italiana della botanica.<\/span><\/p>\n<p>&nbsp;<\/p>\n<h1>Cosa mangiare a Parma<\/h1>\n<p><a title=\"Senza titolo\" href=\"https:\/\/www.flickr.com\/photos\/50843296@N06\/37226213621\/in\/photolist-YHy5nk-94MwTD-24znfcb-8q1Un5-r1HEhm-6f3XUA-4nBv3P-CjWGGW-YeYwXe-enuYX9-8B13kG-97wvMe-dBDvUx-Zr6Lrv-94MBrP-oHznQt-rjbiAP-J12stf-9dJC1A-4nvo4K-hHwEpe-WjhMCM-yrgfK-nwAgL-8MFhV8-V9vKQu-8AWWwM-7SYWfw-Uc3iE3-brqoy9-fFsJnr-fFsFFz-fyeEhX-597kKj-9dFyW4-edJZw5-9dFyUF-a3FYPC-9dFyTT-FTiZam-fU5eh5-7UWQ7K-47DNmn-23rfqHK-9YYfQo-qHs9t3-efzE9H-9HNnXf-8tCFgp-51trEH\" target=\"_blank\" rel=\"noopener\" data-flickr-embed=\"true\"><img loading=\"lazy\" decoding=\"async\" class=\"alignnone\" title=\"Cosa mangiare a Parma\" src=\"https:\/\/farm5.staticflickr.com\/4411\/37226213621_4b3003eeb5_b.jpg\" alt=\"Cosa mangiare a Parma\" width=\"1024\" height=\"576\" \/><\/a><script async src=\"\/\/embedr.flickr.com\/assets\/client-code.js\" charset=\"utf-8\"><\/script><\/p>\n<p>&nbsp;<\/p>\n<p><span style=\"font-weight: 400;\">Parma \u00e8 una citt\u00e0 fantastica per tanti motivi, abbiamo visto <\/span><span style=\"font-weight: 400;\">cosa vedere a Parma<\/span><span style=\"font-weight: 400;\">, ma ora \u00e8 il momento di scoprire le sue fantastiche specialit\u00e0 della tradizione enogastronomica.<\/span><\/p>\n<p><span style=\"font-weight: 400;\">Proprio grazie ai suoi prodotti culinari ha ottenuto dall\u2019UNESCO il riconoscimento di <\/span><i><span style=\"font-weight: 400;\">citt\u00e0 creativa<\/span><\/i><span style=\"font-weight: 400;\">. Un premio che in poche citt\u00e0 italiane hanno ottenuto. Ma vediamo quali sono i piatti tipici che dovrai assaggiare assolutamente quando visiterai Parma.<\/span><\/p>\n<p><span style=\"font-weight: 400;\">Partiamo con i <\/span><b>prodotti tipici<\/b><span style=\"font-weight: 400;\"> della gastronomia:<\/span><\/p>\n<ul>\n<li><span style=\"font-weight: 400;\">Il primo prodotto che dovrai assaggiare assolutamente \u00e8 il Parmigiano-Reggiano, uno dei prodotti caseari pi\u00f9 rappresentativi della cucina italiana;<\/span><\/li>\n<li>il prosciutto crudo di Parma, leggermente salato, ideale con il pane locale;<\/li>\n<li>la pasta di semola di grano dura, ripiena e non (tipici sono gli Anolini e i Cappelletti) conosciuta gi\u00e0 nel Cinquecento e importata sulle tavole di tutte le famiglie aristocratiche del Nord Italia.<\/li>\n<\/ul>\n<p>Uno dei <b>piatti tipici<\/b> della tradizione parmense che pi\u00f9 ho apprezzato \u00e8 il risotto al Lambrusco, un vino rosso prodotto sulle colline locali dal gusto intenso. Il risotto spesso viene accompagnato da una crema di Parmigiano davvero gustosa.<\/p>\n<p><span style=\"font-weight: 400;\">Altri due <\/span><b>vini tipici<\/b><span style=\"font-weight: 400;\"> della zona di Parma sono: la Malvasia dei Colli di Parma, un vino da pasto o da dolce finale, che pu\u00f2 essere fermo o leggermente frizzante; la Fortanina, altro gustoso vino tipico del territorio parmense, difficile da trovare nei ristoranti, perch\u00e9 la produzione certificata \u00e8 prodotta solo in quantit\u00e0 limitata e ha un costo medio-alto.<\/span><\/p>\n<p>&nbsp;<\/p>\n<h2>Dove mangiare a Parma<\/h2>\n<p><span style=\"font-weight: 400;\">Abbiamo visto cosa mangiare a Parma, ora ti indicher\u00f2 quali sono i migliori ristoranti della citt\u00e0, dove assaporare la vera cucina tradizionale di Parma:<\/span><\/p>\n<h3>#1 Trattoria Corrieri<\/h3>\n<p><span style=\"font-weight: 400;\">Cucina tipica in un locale rustico e molto caratteristico di Parma.<\/span><\/p>\n<p><span style=\"font-weight: 400;\">Indirizzo: Strada Conservatorio, 1<br \/>\n<\/span><span style=\"font-weight: 400;\">Per prenotazioni: 0521 234426<\/span><\/p>\n<p>&nbsp;<\/p>\n<h3>#2 Trattoria del Tribunale<\/h3>\n<p><span style=\"font-weight: 400;\">Cucina secondo tradizione, esposizione di salumi nostrani (il culatello \u00e8 da provare) e pasta fatta in casa.<\/span><\/p>\n<p><span style=\"font-weight: 400;\">Indirizzo: Vicolo Politi, 5<br \/>\n<\/span><span style=\"font-weight: 400;\">Per prenotazioni: 0521 285527<\/span><\/p>\n<p>&nbsp;<\/p>\n<p><span style=\"font-weight: 400;\">Se sei alla ricerca di ristoranti stellati di alto livello, che sanno unire cucina tradizionale e idee gourmet sofisticate, ti consigliamo questi quattro super ristoranti di Parma, riconosciuti con una o pi\u00f9 stelle dalla guida Michelin:<\/span><\/p>\n<p>&nbsp;<\/p>\n<h3>#1 Ristorante Parizzi<\/h3>\n<p><span style=\"font-weight: 400;\">Locale raffinato e cucina di alto livello.<\/span><\/p>\n<p><span style=\"font-weight: 400;\">Prezzo medio: 55-70 euro a persona<\/span><\/p>\n<p><span style=\"font-weight: 400;\">Indirizzo: Str. della Repubblica, 71<\/span><\/p>\n<p><span style=\"font-weight: 400;\">Per prenotazioni: 0521 285952<\/span><\/p>\n<p>&nbsp;<\/p>\n<h3>#2 Ristorante Inkiostro<\/h3>\n<p><span style=\"font-weight: 400;\">Locale che unisce piatti di antica tradizione e cucina gourmet.<\/span><\/p>\n<p><span style=\"font-weight: 400;\">Prezzo medio: 70-140 euro a persona<\/span><\/p>\n<p><span style=\"font-weight: 400;\">Indirizzo: Via S. Leonardo, 124<\/span><\/p>\n<p><span style=\"font-weight: 400;\">Per prenotazioni: 0521 776047<\/span><\/p>\n<p>&nbsp;<\/p>\n<h3>#3 Locanda Stella d\u2019Oro<\/h3>\n<p><span style=\"font-weight: 400;\">Piatti emiliani della tradizioni gestiti con prodotti di altissima qualit\u00e0. Molto bella anche la location.<\/span><\/p>\n<p><span style=\"font-weight: 400;\">Prezzo medio: 55-80 euro a persona.<\/span><\/p>\n<p><span style=\"font-weight: 400;\">Indirizzo: Via Giuseppe Mazzini, 8<\/span><\/p>\n<p><span style=\"font-weight: 400;\">Per prenotazioni: 0524 597043<\/span><\/p>\n<p>&nbsp;<\/p>\n<p><span style=\"font-weight: 400;\">Tutti i ristoranti hanno una eccellente scelta di vini locali certificati.<\/span><\/p>\n<p><span style=\"font-weight: 400;\">Ti consiglio sempre di prenotare in anticipo, soprattutto nei ristoranti citati nella guida Michelin.<\/span><\/p>\n<p>&nbsp;<\/p>\n<h1>Dove dormire a Parma<\/h1>\n<p><span style=\"font-weight: 400;\">Quando si viaggia le due cose che secondo me devono essere impeccabili sono il cibo e il letto. Se mangi male e dormi male, sicuramente finirai per rovinarti la vacanza.<\/span><\/p>\n<p><span style=\"font-weight: 400;\">Per questo motivo ci tengo in modo particolare a indicarti le migliori strutture ricettive di Parma. Quelle che offrono il miglior rapporto qualit\u00e0-prezzo, dove agio e comodit\u00e0 sono di casa:<\/span><\/p>\n<p><span style=\"font-weight: 400;\">#1 <a href=\"http:\/\/www.booking.com\/hotel\/it\/casa-della-musica-parma.html?aid=850524&amp;no_rooms=1&amp;group_adults=1\" target=\"_blank\" rel=\"nofollow noopener\">Casa della Musica<\/a> (appartamento)<\/span><\/p>\n<p><span style=\"font-weight: 400;\">#2 <a href=\"http:\/\/www.booking.com\/hotel\/it\/opera-parma.html?aid=850524&amp;no_rooms=1&amp;group_adults=1\" target=\"_blank\" rel=\"nofollow noopener\">B&amp;B Opera<\/a> (Bed and Breakfast)<\/span><\/p>\n<p><span style=\"font-weight: 400;\">#3 <a href=\"http:\/\/www.booking.com\/hotel\/it\/appartamenti-saffi-parma.html?aid=850524&amp;no_rooms=1&amp;group_adults=1\" target=\"_blank\" rel=\"nofollow noopener\">Appartamenti Saffi<\/a> (appartamento)<\/span><\/p>\n<p><span style=\"font-weight: 400;\">#4 <a href=\"http:\/\/www.booking.com\/hotel\/it\/palazzo-dalla-rosa-prati.html?aid=850524&amp;no_rooms=1&amp;group_adults=1\" target=\"_blank\" rel=\"nofollow noopener\">Palazzo Della Rosa Prati<\/a> (suite e appartamenti)<\/span><\/p>\n<p># 5\u00a0<a href=\"http:\/\/www.booking.com\/hotel\/it\/park-pacchiosi.html?aid=850524&amp;no_rooms=1&amp;group_adults=1\" target=\"_blank\" rel=\"nofollow noopener\">Park Hotel Pacchiosi<\/a> (Hotel)<\/p>\n<p>&nbsp;<\/p>\n<h1>Cosa vedere nei dintorni di Parma<\/h1>\n<p><a title=\"Castello o Rocca di Sala Baganza (52105)\" href=\"https:\/\/www.flickr.com\/photos\/andreafranchi\/5805034797\/in\/photolist-9QYjAR-hjE8uv-8xdRbd-9QYjqD-47LmJo-8wX1uf-A5RGss-8wTZnn-A8b22e-A5T8Lb-zLWEoa-A8bjxr-AJQxeK-A5ShkM-HLvtzK-zLQn4d-AJQYVp-A8bQT6-A5RU1B-AFxdrG-AJQWMX-AreSjE-Areq1Y-AJQd64-A5Ss5r-AJQ59x-A8bA8K-AFxgC1-zLNGDQ-ArdYes-AJPwbe-A5Sccw-A8bfFP-AFx1VA-AFykku-Arf6hy-AJQMHK-A8cfr8-AreRcu-AFy299-zLXDSZ-AreJDQ-A8c53x-A8c3oF-zLXuJZ-A8bYSx-AGDKjm-AFxH4G-AHQL5p-AJPzAk\" target=\"_blank\" rel=\"noopener\" data-flickr-embed=\"true\"><img loading=\"lazy\" decoding=\"async\" class=\"alignnone\" title=\"Castello o Rocca di Sala Baganza\" src=\"https:\/\/farm4.staticflickr.com\/3248\/5805034797_9b581b6f11_b.jpg\" alt=\"Castello o Rocca di Sala Baganza\" width=\"800\" height=\"537\" \/><\/a><script async src=\"\/\/embedr.flickr.com\/assets\/client-code.js\" charset=\"utf-8\"><\/script><\/p>\n<p>&nbsp;<\/p>\n<p><span style=\"font-weight: 400;\">Ora sai esattamente <\/span><span style=\"font-weight: 400;\">cosa vedere a Parma<\/span><span style=\"font-weight: 400;\"> in un giorno e i monumenti di Parma da non perdere.<\/span><\/p>\n<p><span style=\"font-weight: 400;\">Prima di lasciarti voglio rubarti altri cinque minuti del tuo tempo e indicarti <\/span><span style=\"font-weight: 400;\">cosa vedere vicino a Parma<\/span><span style=\"font-weight: 400;\">. Ci sono tanti luoghi culturali bellissimi che puoi visitare, ma in particolare ti segnalo due castelli, che secondo sono davvero sensazionali.<\/span><\/p>\n<p><span style=\"font-weight: 400;\">Forse non lo sai, ma esiste un sito web che fornisce tutte le indicazioni per visitare i castelli dell\u2019antico Ducato di Piacenza e Parma. Uno strumento informativo per veri amanti del turismo culturale come me e te.<\/span><\/p>\n<p><span style=\"font-weight: 400;\">Il sito web si chiama <\/span><a href=\"http:\/\/www.castellidelducato.it\/\"><span style=\"font-weight: 400;\">castellidelducato.it<\/span><\/a><span style=\"font-weight: 400;\">, all\u2019interno trovi orari e prezzi dei biglietti di tutti i castelli vicino a Parma.<\/span><\/p>\n<p><span style=\"font-weight: 400;\">I due castelli che ho apprezzato maggiormente sono:<\/span><\/p>\n<p>&nbsp;<\/p>\n<h2>Il Castello di Noceto<\/h2>\n<p><span style=\"font-weight: 400;\">Il Castello di Noceto, noto anche come la Rocca di Noceto, \u00e8 una struttura fortificata risalente al Medioevo. L\u2019attuale aspetto \u00e8 dovuto alle ultime ristrutturazioni del Quattrocento.<\/span><\/p>\n<p><span style=\"font-weight: 400;\">Dal 2005 il Castello di Noceto \u00e8 diventato Castello della Musica e luogo di cultura ad ampio raggio. Se deciderai di entrare al suo interno potrai ammirare le collezioni dedicate alla Storia della musica e non solo.<\/span><\/p>\n<p><span style=\"font-weight: 400;\">Davvero molto emozionante \u00e8 il panorama che potrai ammirare dalla parte pi\u00f9 alta del Mastio, dove anticamente viveva il proprietario del Castello. Potrai godere di un\u2019ampia vista su tutta la pianura e le colline vicino a Parma.<\/span><\/p>\n<p>&nbsp;<\/p>\n<h2>La Rocca di Sala Baganza<\/h2>\n<p><span style=\"font-weight: 400;\">La Rocca di Sala Baganza si trova sulle primissime colline dell&#8217;Appennino, vicino al corso d\u2019acqua Baganza. Nel Medioevo il Castello aveva un particolare ruolo nel sistema difensivo dei castelli parmensi, perch\u00e9 si trovava lungo la linea di confine con i territori meridionali.<\/span><\/p>\n<p><span style=\"font-weight: 400;\">Nelle sale della Rocca potrai ammirare affreschi, sculture e decorazioni rinascimentali.<\/span><\/p>\n<p><span style=\"font-weight: 400;\">L\u2019ala per\u00f2 che pi\u00f9 mi piace del Castello \u00e8 quella dedicata al Museo del Vino, allestito nelle suggestive cantine e nell\u2019antica ghiacciaia. Un\u2019esperienza sensoriale straordinaria. Durante il percorso potrai scoprire la storia, la bellezza e la bont\u00e0 del vino di Parma.<\/span><\/p>\n<p><span style=\"font-weight: 400;\">Se decidi di visitare pi\u00f9 di un castello dell\u2019antico Ducato di Parma e Piacenza, ti consiglio di acquistare la Ducato Card.<\/span><\/p>\n<p><span style=\"font-weight: 400;\">\u00c8 una carta speciale che, con soli 2 euro, ti permetter\u00e0 di accedere a sconti speciali nei castelli, nei musei e nei ristoranti tipici della zona.<\/span><\/p>\n<p><span style=\"font-weight: 400;\">Puoi acquistare questa Card turistica nelle biglietterie dei Castelli del Ducato. \u00c8 valida per un anno intero dalla data dell&#8217;acquisto.<\/span><\/p>\n<p style=\"text-align: center;\">***<\/p>\n<p><span style=\"font-weight: 400;\">Se ti stai chiedendo <\/span><span style=\"font-weight: 400;\">cosa vedere a Parma e dintorni con bambini<\/span><span style=\"font-weight: 400;\">, tutti i luoghi, che ti ho segnalato in questa lunga guida culturale, sono a misura di famiglia. Li abbiamo appositamente selezionati per aiutare le molte famiglie italiane che seguono il nostro blog e che desiderano unire nella loro vacanza relax, cultura e tanto divertimento. <\/span><\/p>\n","protected":false},"excerpt":{"rendered":"<p>Parma \u00e8 capitale della cultura italiana 2020 e una citt\u00e0 ricca di storia, culla dell\u2019arte medievale e Citt\u00e0 creativa UNESCO per la sua tradizione enogastronomica. Come vedi ci sono mille motivi per visitare Parma e in questa guida scoprirai esattamente cosa vedere a Parma e dintorni in un giorno solo. Ti indicher\u00f2 un tour culturale &#8230; <a title=\"Cosa vedere a Parma e dintorni in un giorno tra buon cibo e arte medievale\" class=\"read-more\" href=\"https:\/\/www.viaggiculturalieuropa.it\/blog\/cosa-vedere-a-parma\/\">Leggi tutto<span class=\"screen-reader-text\">Cosa vedere a Parma e dintorni in un giorno tra buon cibo e arte medievale<\/span><\/a><\/p>\n","protected":false},"author":2,"featured_media":0,"comment_status":"open","ping_status":"open","sticky":false,"template":"","format":"standard","meta":{"telegram_tosend":false,"telegram_tosend_message":"","telegram_tosend_target":0,"_exactmetrics_skip_tracking":false,"_exactmetrics_sitenote_active":false,"_exactmetrics_sitenote_note":"","_exactmetrics_sitenote_category":0,"_bos_mb_destination":["Parma"],"footnotes":""},"categories":[8],"tags":[],"class_list":["post-2108","post","type-post","status-publish","format-standard","hentry","category-italia"],"yoast_head":"<!-- This site is optimized with the Yoast SEO plugin v27.4 - https:\/\/yoast.com\/product\/yoast-seo-wordpress\/ -->\n<title>Cosa vedere a Parma e dintorni in un giorno tra buon cibo e arte medievale<\/title>\n<meta name=\"description\" content=\"Ci sono mille motivi per visitare Parma e in questa guida scoprirai esattamente cosa vedere a Parma e dintorni in un giorno solo. Ti indicher\u00f2 un tour culturale spettacolare per tutta la famiglia.\" \/>\n<meta name=\"robots\" content=\"index, follow, max-snippet:-1, max-image-preview:large, max-video-preview:-1\" \/>\n<link rel=\"canonical\" href=\"https:\/\/www.viaggiculturalieuropa.it\/blog\/cosa-vedere-a-parma\/\" \/>\n<meta property=\"og:locale\" content=\"it_IT\" \/>\n<meta property=\"og:type\" content=\"article\" \/>\n<meta property=\"og:title\" content=\"Cosa vedere a Parma e dintorni in un giorno tra buon cibo e arte medievale\" \/>\n<meta property=\"og:description\" content=\"Ci sono mille motivi per visitare Parma e in questa guida scoprirai esattamente cosa vedere a Parma e dintorni in un giorno solo. Ti indicher\u00f2 un tour culturale spettacolare per tutta la famiglia.\" \/>\n<meta property=\"og:url\" content=\"https:\/\/www.viaggiculturalieuropa.it\/blog\/cosa-vedere-a-parma\/\" \/>\n<meta property=\"og:site_name\" content=\"Viaggi Culturali Europa\" \/>\n<meta property=\"article:published_time\" content=\"2018-03-16T12:17:02+00:00\" \/>\n<meta property=\"article:modified_time\" content=\"2018-03-27T13:22:01+00:00\" \/>\n<meta property=\"og:image\" content=\"https:\/\/farm5.staticflickr.com\/4445\/26239275039_50889cc69c_b.jpg\" \/>\n<meta name=\"author\" content=\"Alessandro Paoli\" \/>\n<meta name=\"twitter:card\" content=\"summary_large_image\" \/>\n<meta name=\"twitter:label1\" content=\"Scritto da\" \/>\n\t<meta name=\"twitter:data1\" content=\"Alessandro Paoli\" \/>\n\t<meta name=\"twitter:label2\" content=\"Tempo di lettura stimato\" \/>\n\t<meta name=\"twitter:data2\" content=\"15 minuti\" \/>\n<script type=\"application\/ld+json\" class=\"yoast-schema-graph\">{\"@context\":\"https:\\\/\\\/schema.org\",\"@graph\":[{\"@type\":\"Article\",\"@id\":\"https:\\\/\\\/www.viaggiculturalieuropa.it\\\/blog\\\/cosa-vedere-a-parma\\\/#article\",\"isPartOf\":{\"@id\":\"https:\\\/\\\/www.viaggiculturalieuropa.it\\\/blog\\\/cosa-vedere-a-parma\\\/\"},\"author\":{\"name\":\"Alessandro Paoli\",\"@id\":\"https:\\\/\\\/www.viaggiculturalieuropa.it\\\/blog\\\/#\\\/schema\\\/person\\\/c308935b9c5ce1c1f251a716046a5e77\"},\"headline\":\"Cosa vedere a Parma e dintorni in un giorno tra buon cibo e arte medievale\",\"datePublished\":\"2018-03-16T12:17:02+00:00\",\"dateModified\":\"2018-03-27T13:22:01+00:00\",\"mainEntityOfPage\":{\"@id\":\"https:\\\/\\\/www.viaggiculturalieuropa.it\\\/blog\\\/cosa-vedere-a-parma\\\/\"},\"wordCount\":2947,\"commentCount\":0,\"publisher\":{\"@id\":\"https:\\\/\\\/www.viaggiculturalieuropa.it\\\/blog\\\/#organization\"},\"image\":{\"@id\":\"https:\\\/\\\/www.viaggiculturalieuropa.it\\\/blog\\\/cosa-vedere-a-parma\\\/#primaryimage\"},\"thumbnailUrl\":\"https:\\\/\\\/farm5.staticflickr.com\\\/4445\\\/26239275039_50889cc69c_b.jpg\",\"articleSection\":[\"Italia\"],\"inLanguage\":\"it-IT\",\"potentialAction\":[{\"@type\":\"CommentAction\",\"name\":\"Comment\",\"target\":[\"https:\\\/\\\/www.viaggiculturalieuropa.it\\\/blog\\\/cosa-vedere-a-parma\\\/#respond\"]}]},{\"@type\":\"WebPage\",\"@id\":\"https:\\\/\\\/www.viaggiculturalieuropa.it\\\/blog\\\/cosa-vedere-a-parma\\\/\",\"url\":\"https:\\\/\\\/www.viaggiculturalieuropa.it\\\/blog\\\/cosa-vedere-a-parma\\\/\",\"name\":\"Cosa vedere a Parma e dintorni in un giorno tra buon cibo e arte medievale\",\"isPartOf\":{\"@id\":\"https:\\\/\\\/www.viaggiculturalieuropa.it\\\/blog\\\/#website\"},\"primaryImageOfPage\":{\"@id\":\"https:\\\/\\\/www.viaggiculturalieuropa.it\\\/blog\\\/cosa-vedere-a-parma\\\/#primaryimage\"},\"image\":{\"@id\":\"https:\\\/\\\/www.viaggiculturalieuropa.it\\\/blog\\\/cosa-vedere-a-parma\\\/#primaryimage\"},\"thumbnailUrl\":\"https:\\\/\\\/farm5.staticflickr.com\\\/4445\\\/26239275039_50889cc69c_b.jpg\",\"datePublished\":\"2018-03-16T12:17:02+00:00\",\"dateModified\":\"2018-03-27T13:22:01+00:00\",\"description\":\"Ci sono mille motivi per visitare Parma e in questa guida scoprirai esattamente cosa vedere a Parma e dintorni in un giorno solo. Ti indicher\u00f2 un tour culturale spettacolare per tutta la famiglia.\",\"breadcrumb\":{\"@id\":\"https:\\\/\\\/www.viaggiculturalieuropa.it\\\/blog\\\/cosa-vedere-a-parma\\\/#breadcrumb\"},\"inLanguage\":\"it-IT\",\"potentialAction\":[{\"@type\":\"ReadAction\",\"target\":[\"https:\\\/\\\/www.viaggiculturalieuropa.it\\\/blog\\\/cosa-vedere-a-parma\\\/\"]}]},{\"@type\":\"ImageObject\",\"inLanguage\":\"it-IT\",\"@id\":\"https:\\\/\\\/www.viaggiculturalieuropa.it\\\/blog\\\/cosa-vedere-a-parma\\\/#primaryimage\",\"url\":\"https:\\\/\\\/farm5.staticflickr.com\\\/4445\\\/26239275039_50889cc69c_b.jpg\",\"contentUrl\":\"https:\\\/\\\/farm5.staticflickr.com\\\/4445\\\/26239275039_50889cc69c_b.jpg\"},{\"@type\":\"BreadcrumbList\",\"@id\":\"https:\\\/\\\/www.viaggiculturalieuropa.it\\\/blog\\\/cosa-vedere-a-parma\\\/#breadcrumb\",\"itemListElement\":[{\"@type\":\"ListItem\",\"position\":1,\"name\":\"Home\",\"item\":\"https:\\\/\\\/www.viaggiculturalieuropa.it\\\/blog\\\/\"},{\"@type\":\"ListItem\",\"position\":2,\"name\":\"Cosa vedere a Parma e dintorni in un giorno tra buon cibo e arte medievale\"}]},{\"@type\":\"WebSite\",\"@id\":\"https:\\\/\\\/www.viaggiculturalieuropa.it\\\/blog\\\/#website\",\"url\":\"https:\\\/\\\/www.viaggiculturalieuropa.it\\\/blog\\\/\",\"name\":\"Viaggi Culturali Europa\",\"description\":\"Scovo i luoghi culturali che hanno creato nel tempo le identit\u00e0 europee e li porto a conoscenza di chi ama viaggiare.\",\"publisher\":{\"@id\":\"https:\\\/\\\/www.viaggiculturalieuropa.it\\\/blog\\\/#organization\"},\"potentialAction\":[{\"@type\":\"SearchAction\",\"target\":{\"@type\":\"EntryPoint\",\"urlTemplate\":\"https:\\\/\\\/www.viaggiculturalieuropa.it\\\/blog\\\/?s={search_term_string}\"},\"query-input\":{\"@type\":\"PropertyValueSpecification\",\"valueRequired\":true,\"valueName\":\"search_term_string\"}}],\"inLanguage\":\"it-IT\"},{\"@type\":\"Organization\",\"@id\":\"https:\\\/\\\/www.viaggiculturalieuropa.it\\\/blog\\\/#organization\",\"name\":\"Viaggi Culturali Europa\",\"url\":\"https:\\\/\\\/www.viaggiculturalieuropa.it\\\/blog\\\/\",\"logo\":{\"@type\":\"ImageObject\",\"inLanguage\":\"it-IT\",\"@id\":\"https:\\\/\\\/www.viaggiculturalieuropa.it\\\/blog\\\/#\\\/schema\\\/logo\\\/image\\\/\",\"url\":\"https:\\\/\\\/www.viaggiculturalieuropa.it\\\/blog\\\/wp-content\\\/uploads\\\/2015\\\/08\\\/viaggi_culturali_europa.png\",\"contentUrl\":\"https:\\\/\\\/www.viaggiculturalieuropa.it\\\/blog\\\/wp-content\\\/uploads\\\/2015\\\/08\\\/viaggi_culturali_europa.png\",\"width\":300,\"height\":44,\"caption\":\"Viaggi Culturali Europa\"},\"image\":{\"@id\":\"https:\\\/\\\/www.viaggiculturalieuropa.it\\\/blog\\\/#\\\/schema\\\/logo\\\/image\\\/\"}},{\"@type\":\"Person\",\"@id\":\"https:\\\/\\\/www.viaggiculturalieuropa.it\\\/blog\\\/#\\\/schema\\\/person\\\/c308935b9c5ce1c1f251a716046a5e77\",\"name\":\"Alessandro Paoli\",\"image\":{\"@type\":\"ImageObject\",\"inLanguage\":\"it-IT\",\"@id\":\"https:\\\/\\\/secure.gravatar.com\\\/avatar\\\/a06e1e35af134cbabb249dd93e2e616241fa2788c42ccdd07d6cfa1217a89052?s=96&d=blank&r=g\",\"url\":\"https:\\\/\\\/secure.gravatar.com\\\/avatar\\\/a06e1e35af134cbabb249dd93e2e616241fa2788c42ccdd07d6cfa1217a89052?s=96&d=blank&r=g\",\"contentUrl\":\"https:\\\/\\\/secure.gravatar.com\\\/avatar\\\/a06e1e35af134cbabb249dd93e2e616241fa2788c42ccdd07d6cfa1217a89052?s=96&d=blank&r=g\",\"caption\":\"Alessandro Paoli\"},\"sameAs\":[\"http:\\\/\\\/www.viaggiculturalieuropa.it\"],\"url\":\"https:\\\/\\\/www.viaggiculturalieuropa.it\\\/blog\\\/author\\\/alessandro\\\/\"}]}<\/script>\n<!-- \/ Yoast SEO plugin. -->","yoast_head_json":{"title":"Cosa vedere a Parma e dintorni in un giorno tra buon cibo e arte medievale","description":"Ci sono mille motivi per visitare Parma e in questa guida scoprirai esattamente cosa vedere a Parma e dintorni in un giorno solo. Ti indicher\u00f2 un tour culturale spettacolare per tutta la famiglia.","robots":{"index":"index","follow":"follow","max-snippet":"max-snippet:-1","max-image-preview":"max-image-preview:large","max-video-preview":"max-video-preview:-1"},"canonical":"https:\/\/www.viaggiculturalieuropa.it\/blog\/cosa-vedere-a-parma\/","og_locale":"it_IT","og_type":"article","og_title":"Cosa vedere a Parma e dintorni in un giorno tra buon cibo e arte medievale","og_description":"Ci sono mille motivi per visitare Parma e in questa guida scoprirai esattamente cosa vedere a Parma e dintorni in un giorno solo. Ti indicher\u00f2 un tour culturale spettacolare per tutta la famiglia.","og_url":"https:\/\/www.viaggiculturalieuropa.it\/blog\/cosa-vedere-a-parma\/","og_site_name":"Viaggi Culturali Europa","article_published_time":"2018-03-16T12:17:02+00:00","article_modified_time":"2018-03-27T13:22:01+00:00","og_image":[{"url":"https:\/\/farm5.staticflickr.com\/4445\/26239275039_50889cc69c_b.jpg","type":"","width":"","height":""}],"author":"Alessandro Paoli","twitter_card":"summary_large_image","twitter_misc":{"Scritto da":"Alessandro Paoli","Tempo di lettura stimato":"15 minuti"},"schema":{"@context":"https:\/\/schema.org","@graph":[{"@type":"Article","@id":"https:\/\/www.viaggiculturalieuropa.it\/blog\/cosa-vedere-a-parma\/#article","isPartOf":{"@id":"https:\/\/www.viaggiculturalieuropa.it\/blog\/cosa-vedere-a-parma\/"},"author":{"name":"Alessandro Paoli","@id":"https:\/\/www.viaggiculturalieuropa.it\/blog\/#\/schema\/person\/c308935b9c5ce1c1f251a716046a5e77"},"headline":"Cosa vedere a Parma e dintorni in un giorno tra buon cibo e arte medievale","datePublished":"2018-03-16T12:17:02+00:00","dateModified":"2018-03-27T13:22:01+00:00","mainEntityOfPage":{"@id":"https:\/\/www.viaggiculturalieuropa.it\/blog\/cosa-vedere-a-parma\/"},"wordCount":2947,"commentCount":0,"publisher":{"@id":"https:\/\/www.viaggiculturalieuropa.it\/blog\/#organization"},"image":{"@id":"https:\/\/www.viaggiculturalieuropa.it\/blog\/cosa-vedere-a-parma\/#primaryimage"},"thumbnailUrl":"https:\/\/farm5.staticflickr.com\/4445\/26239275039_50889cc69c_b.jpg","articleSection":["Italia"],"inLanguage":"it-IT","potentialAction":[{"@type":"CommentAction","name":"Comment","target":["https:\/\/www.viaggiculturalieuropa.it\/blog\/cosa-vedere-a-parma\/#respond"]}]},{"@type":"WebPage","@id":"https:\/\/www.viaggiculturalieuropa.it\/blog\/cosa-vedere-a-parma\/","url":"https:\/\/www.viaggiculturalieuropa.it\/blog\/cosa-vedere-a-parma\/","name":"Cosa vedere a Parma e dintorni in un giorno tra buon cibo e arte medievale","isPartOf":{"@id":"https:\/\/www.viaggiculturalieuropa.it\/blog\/#website"},"primaryImageOfPage":{"@id":"https:\/\/www.viaggiculturalieuropa.it\/blog\/cosa-vedere-a-parma\/#primaryimage"},"image":{"@id":"https:\/\/www.viaggiculturalieuropa.it\/blog\/cosa-vedere-a-parma\/#primaryimage"},"thumbnailUrl":"https:\/\/farm5.staticflickr.com\/4445\/26239275039_50889cc69c_b.jpg","datePublished":"2018-03-16T12:17:02+00:00","dateModified":"2018-03-27T13:22:01+00:00","description":"Ci sono mille motivi per visitare Parma e in questa guida scoprirai esattamente cosa vedere a Parma e dintorni in un giorno solo. Ti indicher\u00f2 un tour culturale spettacolare per tutta la famiglia.","breadcrumb":{"@id":"https:\/\/www.viaggiculturalieuropa.it\/blog\/cosa-vedere-a-parma\/#breadcrumb"},"inLanguage":"it-IT","potentialAction":[{"@type":"ReadAction","target":["https:\/\/www.viaggiculturalieuropa.it\/blog\/cosa-vedere-a-parma\/"]}]},{"@type":"ImageObject","inLanguage":"it-IT","@id":"https:\/\/www.viaggiculturalieuropa.it\/blog\/cosa-vedere-a-parma\/#primaryimage","url":"https:\/\/farm5.staticflickr.com\/4445\/26239275039_50889cc69c_b.jpg","contentUrl":"https:\/\/farm5.staticflickr.com\/4445\/26239275039_50889cc69c_b.jpg"},{"@type":"BreadcrumbList","@id":"https:\/\/www.viaggiculturalieuropa.it\/blog\/cosa-vedere-a-parma\/#breadcrumb","itemListElement":[{"@type":"ListItem","position":1,"name":"Home","item":"https:\/\/www.viaggiculturalieuropa.it\/blog\/"},{"@type":"ListItem","position":2,"name":"Cosa vedere a Parma e dintorni in un giorno tra buon cibo e arte medievale"}]},{"@type":"WebSite","@id":"https:\/\/www.viaggiculturalieuropa.it\/blog\/#website","url":"https:\/\/www.viaggiculturalieuropa.it\/blog\/","name":"Viaggi Culturali Europa","description":"Scovo i luoghi culturali che hanno creato nel tempo le identit\u00e0 europee e li porto a conoscenza di chi ama viaggiare.","publisher":{"@id":"https:\/\/www.viaggiculturalieuropa.it\/blog\/#organization"},"potentialAction":[{"@type":"SearchAction","target":{"@type":"EntryPoint","urlTemplate":"https:\/\/www.viaggiculturalieuropa.it\/blog\/?s={search_term_string}"},"query-input":{"@type":"PropertyValueSpecification","valueRequired":true,"valueName":"search_term_string"}}],"inLanguage":"it-IT"},{"@type":"Organization","@id":"https:\/\/www.viaggiculturalieuropa.it\/blog\/#organization","name":"Viaggi Culturali Europa","url":"https:\/\/www.viaggiculturalieuropa.it\/blog\/","logo":{"@type":"ImageObject","inLanguage":"it-IT","@id":"https:\/\/www.viaggiculturalieuropa.it\/blog\/#\/schema\/logo\/image\/","url":"https:\/\/www.viaggiculturalieuropa.it\/blog\/wp-content\/uploads\/2015\/08\/viaggi_culturali_europa.png","contentUrl":"https:\/\/www.viaggiculturalieuropa.it\/blog\/wp-content\/uploads\/2015\/08\/viaggi_culturali_europa.png","width":300,"height":44,"caption":"Viaggi Culturali Europa"},"image":{"@id":"https:\/\/www.viaggiculturalieuropa.it\/blog\/#\/schema\/logo\/image\/"}},{"@type":"Person","@id":"https:\/\/www.viaggiculturalieuropa.it\/blog\/#\/schema\/person\/c308935b9c5ce1c1f251a716046a5e77","name":"Alessandro Paoli","image":{"@type":"ImageObject","inLanguage":"it-IT","@id":"https:\/\/secure.gravatar.com\/avatar\/a06e1e35af134cbabb249dd93e2e616241fa2788c42ccdd07d6cfa1217a89052?s=96&d=blank&r=g","url":"https:\/\/secure.gravatar.com\/avatar\/a06e1e35af134cbabb249dd93e2e616241fa2788c42ccdd07d6cfa1217a89052?s=96&d=blank&r=g","contentUrl":"https:\/\/secure.gravatar.com\/avatar\/a06e1e35af134cbabb249dd93e2e616241fa2788c42ccdd07d6cfa1217a89052?s=96&d=blank&r=g","caption":"Alessandro Paoli"},"sameAs":["http:\/\/www.viaggiculturalieuropa.it"],"url":"https:\/\/www.viaggiculturalieuropa.it\/blog\/author\/alessandro\/"}]}},"_links":{"self":[{"href":"https:\/\/www.viaggiculturalieuropa.it\/blog\/wp-json\/wp\/v2\/posts\/2108","targetHints":{"allow":["GET"]}}],"collection":[{"href":"https:\/\/www.viaggiculturalieuropa.it\/blog\/wp-json\/wp\/v2\/posts"}],"about":[{"href":"https:\/\/www.viaggiculturalieuropa.it\/blog\/wp-json\/wp\/v2\/types\/post"}],"author":[{"embeddable":true,"href":"https:\/\/www.viaggiculturalieuropa.it\/blog\/wp-json\/wp\/v2\/users\/2"}],"replies":[{"embeddable":true,"href":"https:\/\/www.viaggiculturalieuropa.it\/blog\/wp-json\/wp\/v2\/comments?post=2108"}],"version-history":[{"count":0,"href":"https:\/\/www.viaggiculturalieuropa.it\/blog\/wp-json\/wp\/v2\/posts\/2108\/revisions"}],"wp:attachment":[{"href":"https:\/\/www.viaggiculturalieuropa.it\/blog\/wp-json\/wp\/v2\/media?parent=2108"}],"wp:term":[{"taxonomy":"category","embeddable":true,"href":"https:\/\/www.viaggiculturalieuropa.it\/blog\/wp-json\/wp\/v2\/categories?post=2108"},{"taxonomy":"post_tag","embeddable":true,"href":"https:\/\/www.viaggiculturalieuropa.it\/blog\/wp-json\/wp\/v2\/tags?post=2108"}],"curies":[{"name":"wp","href":"https:\/\/api.w.org\/{rel}","templated":true}]}}