{"id":229,"date":"2015-09-22T20:44:21","date_gmt":"2015-09-22T18:44:21","guid":{"rendered":"http:\/\/www.viaggiculturalieuropa.it\/blog\/?p=229"},"modified":"2019-06-19T17:41:49","modified_gmt":"2019-06-19T15:41:49","slug":"il-lago-di-konigssee-una-guida-completa-sulla-traversata","status":"publish","type":"post","link":"https:\/\/www.viaggiculturalieuropa.it\/blog\/il-lago-di-konigssee-una-guida-completa-sulla-traversata\/","title":{"rendered":"Il Lago di K\u00f6nigssee: una guida completa sulla traversata"},"content":{"rendered":"<p class=\"western\" style=\"text-align: left;\" align=\"justify\"><img loading=\"lazy\" decoding=\"async\" class=\"aligncenter size-full wp-image-235\" src=\"http:\/\/www.viaggiculturalieuropa.it\/blog\/wp-content\/uploads\/2015\/09\/lago-di-k\u00f6nigssee.jpg\" alt=\"Lago di K\u00f6nigssee\" width=\"1024\" height=\"683\" srcset=\"https:\/\/www.viaggiculturalieuropa.it\/blog\/wp-content\/uploads\/2015\/09\/lago-di-k\u00f6nigssee.jpg 1024w, https:\/\/www.viaggiculturalieuropa.it\/blog\/wp-content\/uploads\/2015\/09\/lago-di-k\u00f6nigssee-300x200.jpg 300w\" sizes=\"auto, (max-width: 1024px) 100vw, 1024px\" \/><\/p>\n<p class=\"western\" style=\"text-align: left;\" align=\"justify\">Sono i primi giorni dell&#8217;Oktoberfest 2015, una delle feste popolari pi\u00f9 conosciute d&#8217;Europa dove sua maest\u00e0 la Birra \u00e8 la protagonista assoluta. In questi ultimi giorni, molti amici pronti a partire alla volta della Baviera, mi hanno chiesto di indicare alcuni luoghi da poter aggiungere ai loro itinerari culturali.<\/p>\n<p class=\"western\" style=\"text-align: left;\" align=\"justify\">La volta scorsa ho parlato del <span lang=\"zxx\"><u><a class=\"western\" href=\"http:\/\/www.viaggiculturalieuropa.it\/blog\/il-campo-di-concentramento-di-flossenburg\/\" target=\"_blank\" rel=\"noopener noreferrer\">campo di concentramento di Flossenb\u00fcrg<\/a><\/u><\/span>, riconosciuto come uno dei primi memoriali alle vittime dei lager nazisti e luogo di grande interesse storico, sicuramente consigliato per un itinerario culturale in Baviera.<\/p>\n<p class=\"western\" style=\"text-align: left;\" align=\"justify\">Questa volta, invece, voglio segnalare <strong>un luogo di interesse storico-paesaggistico, ideale per chi ama la natura e la tranquillit\u00e0: il Lago di K\u00f6nigssee<\/strong>.<!--more--><\/p>\n<p class=\"western\" style=\"text-align: left;\" align=\"justify\">Se anche tu sei tra quelli che stanno pensando di fare un salto all&#8217;Oktoberfest <strong>il Lago di K\u00f6nigssee si trova immerso in un paesaggio incontaminato<\/strong>, ideale per fermarti durante il viaggio di ritorno in Italia; un vero toccasana per riposarti dalla frenesia di <a href=\"https:\/\/www.viaggiculturalieuropa.it\/blog\/cosa-vedere-a-monaco-di-baviera\/\" target=\"_blank\" rel=\"noopener noreferrer\">Monaco<\/a> e poter riprendere le energie prima di tornare alla solita routine quotidiana.<\/p>\n<p class=\"western\" style=\"text-align: left;\" align=\"justify\">Molte delle cose che ti racconter\u00f2 non sono reperibili in loco, se non spiegate in lingua tedesca, quindi, a meno che tu non conosca bene la lingua, sgrana gli occhi e leggi attentamente i miei consigli.<\/p>\n<blockquote>\n<p class=\"western\" align=\"center\"><i>Troverai di pi\u00f9 nei boschi che nei libri. Gli alberi e le pietre ti insegneranno ci\u00f2 che non si pu\u00f2 imparare da maestri.<\/i><\/p>\n<p class=\"western\" align=\"center\">(San Bernardo di Chiaravalle)<\/p>\n<\/blockquote>\n<p class=\"western\" style=\"text-align: left;\" align=\"justify\">La Baviera \u00e8 uno di quei luoghi dove, anche se non volendo, entri a contatto con la cultura popolare locale. L&#8217;<span lang=\"zxx\">O<\/span><span lang=\"zxx\"><span lang=\"it-IT\">k<\/span><\/span><span lang=\"zxx\">toberfest<\/span> ne \u00e8 la massima rappresentazione, ma trovi lo stesso clima durante tutto l&#8217;anno, in particolare nell&#8217;Alta Baviera, l&#8217;area geografica a ridosso delle Alpi. Il Lago di K\u00f6nigssee si trova proprio in questa zona.<\/p>\n<p><iframe loading=\"lazy\" src=\"https:\/\/umap.openstreetmap.fr\/it\/map\/il-lago-di-konigssee_53655?scaleControl=true&amp;miniMap=false&amp;scrollWheelZoom=false&amp;zoomControl=true&amp;allowEdit=false&amp;moreControl=true&amp;datalayersControl=true&amp;onLoadPanel=undefined&amp;captionBar=false\" width=\"100%\" height=\"300px\" frameborder=\"0\"><span data-mce-type=\"bookmark\" style=\"display: inline-block; width: 0px; overflow: hidden; line-height: 0;\" class=\"mce_SELRES_start\">\ufeff<\/span><\/iframe><\/p>\n<p>&nbsp;<\/p>\n<p class=\"western\" style=\"text-align: left;\" align=\"justify\"><strong>Il Lago di K\u00f6nigssee fa parte del Parco Nazionale di Berchtesgaden<\/strong>, istituito nel 1978, e le sue acque, profonde appena 200 metri e potabili, sono considerate le pi\u00f9 pulite della Germania. Rimangono fredde anche in piena estate, perch\u00e9 alimentate da molti affluenti sotterranei, e sono circondate da ripide pareti rocciose segnate qua e l\u00e0 da suggestive cascate.<\/p>\n<p class=\"western\" style=\"text-align: left;\" align=\"justify\"><strong>A sud si trova il paesino di K\u00f6nigssee Seel\u00e4nde, il tipico paese bavarese<\/strong> che tutti noi immaginiamo quando pensiamo all&#8217;Oktoberfest: case in legno con balconate fiorite, simpatici individui in abiti tipici, caratteristici ristoranti con ottima cucina tedesca (molto grassa ma estremamente gustosa) e tanta tanta buona birra, decisamente pi\u00f9 conveniente dell&#8217;acqua.<\/p>\n<p class=\"western\" style=\"text-align: left;\" align=\"justify\">Se sei solo di passaggio e hai a disposizione un solo giorno, la cosa migliore da fare \u00e8 esplorare i principali punti panoramici del Lago. <strong>Hai due possibilit\u00e0: fermarti a met\u00e0 strada e visitare la chiesa di St. Bartholom\u00e4, oppure arrivare fino al capolinea del Lago, Salet<\/strong>.<\/p>\n<p class=\"western\" style=\"text-align: left;\" align=\"justify\"><strong>Per raggiungere entrambi i luoghi \u00e8 necessario prendere un battello al molo di K\u00f6nigssee Seel\u00e4nde<\/strong>. L&#8217;intera traversata dura un\u2019ora e tre quarti circa. Considera che il Lago di K\u00f6nigssee \u00e8 lungo 8 chilometri e nei punti di maggiore larghezza arriva fino a poco meno di un chilometro e mezzo.<\/p>\n<p align=\"justify\">\n<p><a title=\"Approdo del lago di K\u00f6nigssee\" href=\"https:\/\/www.flickr.com\/photos\/134553706@N08\/39678111665\/in\/dateposted\/\" target=\"_blank\" rel=\"noopener noreferrer\" data-flickr-embed=\"true\"><img loading=\"lazy\" decoding=\"async\" class=\"alignnone\" title=\"Approdo del lago di K\u00f6nigssee\" src=\"https:\/\/live.staticflickr.com\/4722\/39678111665_725422f143_b.jpg\" alt=\"Approdo del lago di K\u00f6nigssee\" width=\"1024\" height=\"683\" \/><\/a><script async src=\"\/\/embedr.flickr.com\/assets\/client-code.js\" charset=\"utf-8\"><\/script><\/p>\n<p>&nbsp;<\/p>\n<h2 class=\"western\" style=\"text-align: left;\" align=\"justify\">Orari e prezzi dei traghetti<\/h2>\n<p class=\"western\" style=\"text-align: left;\" align=\"justify\"><strong>Una cosa molto importante \u00e8 prestare attenzione agli <a href=\"http:\/\/www.seenschifffahrt.de\/en\/koenigssee\/timetable\/\" target=\"_blank\" rel=\"noopener noreferrer\"><span lang=\"zxx\">orari<\/span> dei traghetti<\/a><\/strong>, perch\u00e9 non vi sono possibilit\u00e0 di pernottamento nelle malghe lungo il Lago e non esistono strade pedonali che portino direttamente a K\u00f6nigssee Seel\u00e4nde.<\/p>\n<p class=\"western\" style=\"text-align: left;\" align=\"justify\">Fino al 4 ottobre, data di chiusura dell&#8217;Oktoberfest, il primo traghetto parte alle 08.30 e l&#8217;ultimo ritorna a K\u00f6nigssee Seel\u00e4nde alle 18.35. Dopo il primo traghetto, gli altri partono con una cadenza di 15-30 minuti a seconda del flusso di passeggeri. Per preservare la quiete e la purezza delle acque lacustri, tutti i traghetti sono dotati di motore elettrico.<\/p>\n<p class=\"western\" style=\"text-align: left;\" align=\"justify\"><strong>Puoi comprare i biglietti per salire a bordo solo ai botteghini di K\u00f6nigssee Seel\u00e4nde<\/strong>. Se decidi di comprare il biglietto per arrivare fino a Salet, il capolinea, puoi scendere comunque all&#8217;approdo di St. Bartholom\u00e4 e quando lo riterrai opportuno, risalire sul traghetto e proseguire fino a Salet.<\/p>\n<p class=\"western\" style=\"text-align: left;\" align=\"justify\"><strong>I prezzi aggiornati sono consultabili su <a href=\"http:\/\/www.seenschifffahrt.de\/en\/koenigssee\/prices-and-offers\/prices\/\" target=\"_blank\" rel=\"noopener noreferrer\">questa <span lang=\"zxx\">pagina<\/span><\/a><\/strong>. Nei fine settimana e nei giorni di festa il flusso di escursionisti, visitatori e pellegrini \u00e8 davvero molto intenso, quindi per evitare di aspettare molto tempo prima di salire su uno dei battelli cerca di essere al molo di K\u00f6nigssee Seel\u00e4nde prima delle 10.30.<\/p>\n<h2 class=\"western\" style=\"text-align: left;\" align=\"justify\">La traversata del Lago di K\u00f6nigssee<\/h2>\n<p><a title=\"Traversata del lago di K\u00f6nigssee\" href=\"https:\/\/www.flickr.com\/photos\/134553706@N08\/39678108025\/\" target=\"_blank\" rel=\"noopener noreferrer\" data-flickr-embed=\"true\"><img loading=\"lazy\" decoding=\"async\" class=\"alignnone\" title=\"Traversata del lago di K\u00f6nigssee\" src=\"https:\/\/live.staticflickr.com\/4668\/39678108025_601478ccb9_b.jpg\" alt=\"Traversata del lago di K\u00f6nigssee\" width=\"1024\" height=\"768\" \/><\/a><script async src=\"\/\/embedr.flickr.com\/assets\/client-code.js\" charset=\"utf-8\"><\/script><\/p>\n<p>&nbsp;<\/p>\n<p class=\"western\" style=\"text-align: left;\" align=\"justify\">Durante la traversata del Lago per arrivare ai due approdi principali incontrerai diversi siti storico-paesaggistici e punti panoramici che vorrei farti conoscere meglio.<\/p>\n<p class=\"western\" style=\"text-align: left;\" align=\"justify\"><strong>Quando ho visitato il Lago di K\u00f6nigssee ho avuto difficolt\u00e0 a capire quello che lo <em>steward<\/em> di bordo cercava di spiegare<\/strong>, ma grazie all&#8217;aiuto di una ragazza tedesca che conosceva bene l&#8217;italiano, ho capito perch\u00e9 ci venivano mostrati alcuni punti particolari del Lago, e ho conosciuto meglio la cultura locale. Per fortuna ho annotato tutte le informazioni e, per facilitarti la visita, voglio condividerle con te:<\/p>\n<ol>\n<li class=\"western\" style=\"text-align: left;\">La parete Falkensteiner, sulla destra del traghetto, \u00e8 riconoscibile da una piccola croce rossa. Nel 1688 una zattera in preda a una tempesta con a bordo pellegrini diretti a St. Bartholom\u00e4, cadde in acqua e settanta di loro morirono annegati.<\/li>\n<li class=\"western\" style=\"text-align: left;\">A sinistra si trova l&#8217;angolo dei pittori, luogo prescelto dagli artisti romantici come punto panoramico per la realizzazione delle loro opere.<\/li>\n<li class=\"western\" style=\"text-align: left;\">Sempre sul lato sinistro qualche chilometro pi\u00f9 avanti si trova la cascata del K\u00f6nigsbach che sgorga dal monte Hagengebirge a 1600 metri di altezza.<\/li>\n<li class=\"western\" style=\"text-align: left;\">Subito dopo il ricovero delle barche, sul lato sinistro, si riconosce il monte Jenner con i suoi 1874 metri di altezza. La vetta \u00e8 raggiungibile in funivia.<\/li>\n<li class=\"western\" style=\"text-align: left;\">Sul lato opposto allo Jenner si trova la catena montuosa nota agli abitanti del posto come \u201cStrega dormiente\u201d perch\u00e9 ricorda una strega sdraiata sul dorso. Lo ammetto, ci vuole molta immaginazione!<\/li>\n<li class=\"western\" style=\"text-align: left;\">Tutto il versante destro del Lago \u00e8 detto \u201cparete dell&#8217;eco\u201d e ad un certo punto della traversata uno steward di bordo, soffiando un flicorno nel silenzio assoluto, ti permette di ascoltare la profondit\u00e0 dell&#8217;eco. Ne esce un effetto sonoro delizioso! Una volta il pilota della barca sparava un colpo in aria con un mortaretto a mano pieno di polvere nera. L&#8217;eco si sentiva risuonare fino a sette volte. Oggi il suono del flicorno si sente fino a due volte a seconda del tempo atmosferico, decisamente meno dello sparo, ma pi\u00f9 piacevole per l&#8217;udito.<\/li>\n<li class=\"western\" style=\"text-align: left;\">A 1834 metri sul monte di destra si trova la Kehlsteinhaus, nota come \u201cil nido delle aquile\u201d. Chi conosce bene le vicende della Seconda Guerra Mondiale sa di cosa sto parlando. Era la sede diplomatica di Adolf Hitler. Oggi ospita un ristorante, raggiungibile in bus (20 minuti) o a piedi (2 ore). Non \u00e8 possibile raggiungerlo in auto dato che ne \u00e8 vietato il transito.<\/li>\n<li class=\"western\" style=\"text-align: left;\">L&#8217;approdo di Kessel \u00e8 il primo che si incontra sul Lago di K\u00f6nigssee, ma l&#8217;attracco \u00e8 consentito solo su richiesta. Spesso sono soprattutto gli escursionisti alpini pi\u00f9 esperti a utilizzarlo come punto di partenza per arrivare alla Gotzenalm, una malga a 1685 metri d&#8217;altezza con una vista unica su tutto il Lago di K\u00f6nigssee.<\/li>\n<li class=\"western\" style=\"text-align: left;\">Di fronte all&#8217;attracco di Kessel si staglia, a un&#8217;altezza di 2713 metri, il Watzmann, la seconda vetta pi\u00f9 alta della Germania. La leggenda narra che, tanto tempo fa, quelle terre erano governate da un re molto crudele di nome Watzmann, che per castigo divino fu trasformato in pietra con sua moglie e i suoi sette figli. Ovviamente la parete di questo versante roccioso, con al centro il Watzmann, ha proprio nove cime, due pi\u00f9 alte e sette pi\u00f9 basse. La prima scalata della seconda vetta di Germania fu fatta nel 1881, dopo un\u2019arrampicata difficile e pericolosa, che dur\u00f2 circa otto ore. Ad oggi \u00e8 considerata una delle montagne pi\u00f9 impervie dell&#8217;arco alpino e molti escursionisti che ne hanno tentato la scalata sono rimasti tragicamente uccisi.<\/li>\n<li class=\"western\" style=\"text-align: left;\">Subito dopo St. Bartholom\u00e4 una targa commemorativa in bronzo raffigura il principe reggente Luitpold di Baviera (1821-1912), ritenuto colui che ha introdotto la navigazione a motore elettrico sul Lago di K\u00f6nigssee.<\/li>\n<li class=\"western\" style=\"text-align: left;\">Di fronte puoi ammirare la favolosa cascata dello Schrainbach.<\/li>\n<\/ol>\n<p>&nbsp;<\/p>\n<h2>L&#8217;approdo di St. Bartholom\u00e4<\/h2>\n<p><a title=\"Approdo di St. Bartholom\u00e4\" href=\"https:\/\/www.flickr.com\/gp\/134553706@N08\/6SRF7p\" target=\"_blank\" rel=\"noopener noreferrer\" data-flickr-embed=\"true\" data-footer=\"true\"><img loading=\"lazy\" decoding=\"async\" class=\"alignnone\" title=\"Approdo di St. Bartholom\u00e4\" src=\"https:\/\/farm5.staticflickr.com\/4618\/26701119978_6954a462d3_b.jpg\" alt=\"Approdo di St. Bartholom\u00e4\" width=\"1024\" height=\"683\" \/><\/a><script async src=\"\/\/embedr.flickr.com\/assets\/client-code.js\" charset=\"utf-8\"><\/script><\/p>\n<p>&nbsp;<\/p>\n<p class=\"western\" style=\"text-align: left;\" align=\"justify\"><strong>Dopo un\u2019ora e un quarto di traversata a bordo del traghetto arrivi a St. Bartholom\u00e4<\/strong>. Ad aspettarti ci sar\u00e0 una piccola baia circondata da montagne con al centro una caratteristica chiesa dai rossi tetti a cupola. \u00c8 la cappella di St. Bartholom\u00e4, luogo di pellegrinaggio sin dal XII secolo, anticamente affiancata da una piccola residenza, oggi adibita a ristorante.<\/p>\n<p class=\"western\" style=\"text-align: left;\" align=\"justify\">Alla fine del Seicento, sia la chiesa che l&#8217;abitazione adiacente, furono ristrutturati dal mastro Joseph Schmidt di Salisburgo.<\/p>\n<p class=\"western\" style=\"text-align: left;\" align=\"justify\"><strong>Nel Settecento e agli inizi dell&#8217;Ottocento tutto il Lago di K\u00f6nigssee, e in particolare la costruzione della piccola baia, divennero residenza estiva dei principi-abati di Berchtesgaden<\/strong> e successivamente la famiglia reale vi istitu\u00ec uno dei loro castelli di caccia. St. Bartholom\u00e4 e tutto il paesaggio lacustre durante il periodo romantico furono fonte di ispirazione per numerosi artisti.<\/p>\n<p class=\"western\" style=\"text-align: left;\" align=\"justify\"><strong>L&#8217;approdo di St. Bartholom\u00e4 \u00e8 sfruttato da molti come punto di partenza per escursioni giornaliere<\/strong>. La catena montuosa dietro la chiesa \u00e8 lo Steinerne Meer, che segna il confine con l&#8217;Austria, con la vetta principale che tocca i 2653 metri.<\/p>\n<p class=\"western\" style=\"text-align: left;\" align=\"justify\"><strong>Se ami unire alla cultura un tocco di avventura, ti consiglio di raggiungere la \u201ccappella di ghiaccio\u201d<\/strong> ai piedi della scenica parete Watzmann. La natura ha creato un\u2019impressionante cupola di ghiaccio perenne. Piccola precauzione: l&#8217;interno della grotta \u00e8 molto fragile e pericolante quindi stai bene attento a non addentrarti troppo.<\/p>\n<p class=\"western\" style=\"text-align: left;\" align=\"justify\">Intorno a te potrai ammirare scorci meravigliosi, l&#8217;ideale se ami scattare fotografie paesaggistiche. In tre ore dovresti riuscire ad andare e ritornare al molo di St. Bartholom\u00e4 in tempo per continuare la traversata.<\/p>\n<p class=\"western\" style=\"text-align: left;\" align=\"justify\">Gli orari di apertura della chiesa sono concomitanti a quelli dei traghetti, l&#8217;ingresso \u00e8 gratuito e tutte le strutture sono accessibili ai disabili.<\/p>\n<h2 class=\"western\" align=\"justify\">Capolinea: l&#8217;approdo di Salet<\/h2>\n<p><a title=\"Der Obersee\" href=\"https:\/\/www.flickr.com\/photos\/digitalfoto-welt\/18866304648\/in\/photolist-uK9K5C-u6chWo-tKDxh7-uLahwS-9uGcUA-xRbvnG-9ZbpnV-tVWeE2-9vGMwn-dDDPo6-9vKPTG-9uDd7v-xQmSGZ-cKi5K5-9vKPZw-9vKPM5-9vGMdp-8rTGmK-9vKQpA-9uGcYu-9vGN2H-9vGMqz-9vGMhv-9vGN7p-w6xuuo-9vKQfA-9uDcHB-9uDdb8-9uDd5p-9PzK56-9PzvMB-9PCxwq-9PCsCh-9PCzdb-9PzH7Z-9PCpP5-9PCoEo-9PCqK7-9PCnYy-9PzFor-9PzzMa-9PzHoa-9PCukd-9PzB4t-9PCpzW-9Pzw5F-9PCm1E-9Pzx8e-9PzCcc-9PzGuD\" data-flickr-embed=\"true\"><img loading=\"lazy\" decoding=\"async\" src=\"https:\/\/farm4.staticflickr.com\/3787\/18866304648_db2898553d_b.jpg\" alt=\"Der Obersee\" width=\"1024\" height=\"489\" \/><\/a><script src=\"\/\/embedr.flickr.com\/assets\/client-code.js\" async=\"\" charset=\"utf-8\"><\/script><\/p>\n<p class=\"western\" style=\"text-align: left;\" align=\"justify\"><strong>Il capolinea del traghetto \u00e8 Salet. Una volta approdato, dopo circa un quarto d&#8217;ora di camminata, ti troverai di fronte un paesaggio incredibile<\/strong>. Osservare la natura \u00e8 una contemplazione continua. Tutti i problemi e le preoccupazioni spariscono improvvisamente.<\/p>\n<p class=\"western\" style=\"text-align: left;\" align=\"justify\"><strong>Di fronte, in lontananza, in una gola si estende il piccolo Lago di Obersee<\/strong>.\u00a0Una comoda e tranquilla passeggiata di pochi minuti ti servir\u00e0 per raggiungerlo e ammirare da un lato la cascata R\u00f6thbach e dall&#8217;altro la vetta dello Sch\u00f6nfeld (2653 m). In circa tre quarti d&#8217;ora riuscirai a raggiungere la malga della Fischunkel, per riposarti e rifocillarti.<\/p>\n<p class=\"western\" style=\"text-align: left;\" align=\"justify\">Se decidi di arrivare fino al Lago di Obersee, assicurati che il traghettamento per il ritorno a K\u00f6nigssee Seel\u00e4nde sia ancora attivo.<\/p>\n<p>&nbsp;<\/p>\n<h2 class=\"western\" align=\"justify\">Dove dormire nei dintorni del Lago di K\u00f6nigssee<\/h2>\n<p class=\"western\" style=\"text-align: left;\" align=\"justify\"><strong>Dall&#8217;inizio della bella stagione fino all&#8217;Oktoberfest, il Lago di K\u00f6nigssee \u00e8 meta di molti turisti<\/strong>, tedeschi principalmente, e le strutture ricettive sono quasi sempre tutte al completo. Quindi ti consiglio di prenotare il tuo pernottamento con largo anticipo; se sei intenzionato ad andarci in estate prenota con un paio di mesi di anticipo. Le bellezze naturalistiche e storiche del luogo fanno gola a molti viaggiatori.<\/p>\n<p class=\"western\" style=\"text-align: left;\" align=\"justify\"><strong>Sul portale <a href=\"http:\/\/www.booking.com\/city\/de\/konigssee.it.html?aid=850524\" target=\"_blank\" rel=\"nofollow noopener noreferrer\">booking.com<\/a> trovi un&#8217;ottima scelta di strutture alberghiere<\/strong>. Naturalmente in zona trovi anche aree campeggio pi\u00f9 economiche degli alberghi, ma purtroppo sono dotate di troppi pochi bungalow e se non hai un camper o una tenda \u00e8 difficile trovare posto, soprattutto all&#8217;ultimo minuto.<\/p>\n<p class=\"western\" style=\"text-align: left;\" align=\"justify\">Io, per andare sul sicuro, durante la pianificazione dell&#8217;itinerario culturale, decisi di spendere qualche euro in pi\u00f9 e prenotare una camera d&#8217;albergo.<\/p>\n<p class=\"western\" style=\"text-align: left;\" align=\"justify\">Puoi trovare ulteriori informazioni su questi due siti web:<\/p>\n<p class=\"western\" style=\"text-align: left;\" align=\"justify\"><span lang=\"zxx\"><u><a class=\"western\" href=\"http:\/\/www.koenigssee.com\/gemeinde-schoenau.htm\">www.koenigssee.com\/gemeinde-schoenau.htm<\/a><\/u><\/span><\/p>\n<p class=\"western\" style=\"text-align: left;\" align=\"justify\"><span lang=\"zxx\"><u><a class=\"western\" href=\"http:\/\/www.seenschifffahrt.de\/en\/koenigssee\/\">www.seenschifffahrt.de\/en\/koenigssee\/<\/a><\/u><\/span><\/p>\n<p style=\"text-align: left;\">Se i miei consigli ti sono stati utili condividi il post con i tuoi amici o fammelo sapere con un commento.<\/p>\n","protected":false},"excerpt":{"rendered":"<p>Sono i primi giorni dell&#8217;Oktoberfest 2015, una delle feste popolari pi\u00f9 conosciute d&#8217;Europa dove sua maest\u00e0 la Birra \u00e8 la protagonista assoluta. In questi ultimi giorni, molti amici pronti a partire alla volta della Baviera, mi hanno chiesto di indicare alcuni luoghi da poter aggiungere ai loro itinerari culturali. La volta scorsa ho parlato del &#8230; <a title=\"Il Lago di K\u00f6nigssee: una guida completa sulla traversata\" class=\"read-more\" href=\"https:\/\/www.viaggiculturalieuropa.it\/blog\/il-lago-di-konigssee-una-guida-completa-sulla-traversata\/\">Leggi tutto<span class=\"screen-reader-text\">Il Lago di K\u00f6nigssee: una guida completa sulla traversata<\/span><\/a><\/p>\n","protected":false},"author":2,"featured_media":0,"comment_status":"open","ping_status":"open","sticky":false,"template":"","format":"standard","meta":{"telegram_tosend":false,"telegram_tosend_message":"","telegram_tosend_target":0,"_exactmetrics_skip_tracking":false,"_exactmetrics_sitenote_active":false,"_exactmetrics_sitenote_note":"","_exactmetrics_sitenote_category":0,"_bos_mb_destination":["K\u00f6nigssee"],"footnotes":""},"categories":[17],"tags":[],"class_list":["post-229","post","type-post","status-publish","format-standard","hentry","category-germania"],"yoast_head":"<!-- This site is optimized with the Yoast SEO plugin v27.4 - https:\/\/yoast.com\/product\/yoast-seo-wordpress\/ -->\n<title>Il Lago di K\u00f6nigssee: una guida completa sulla traversata<\/title>\n<meta name=\"description\" content=\"Voglio segnalarti un luogo d&#039;interesse storico-paesaggistico; perfetto se ami la natura e la tranquillit\u00e0: il Lago di K\u00f6nigssee.\" \/>\n<meta name=\"robots\" content=\"index, follow, max-snippet:-1, max-image-preview:large, max-video-preview:-1\" \/>\n<link rel=\"canonical\" href=\"https:\/\/www.viaggiculturalieuropa.it\/blog\/il-lago-di-konigssee-una-guida-completa-sulla-traversata\/\" \/>\n<meta property=\"og:locale\" content=\"it_IT\" \/>\n<meta property=\"og:type\" content=\"article\" \/>\n<meta property=\"og:title\" content=\"Il Lago di K\u00f6nigssee: una guida completa sulla traversata\" \/>\n<meta property=\"og:description\" content=\"Voglio segnalarti un luogo d&#039;interesse storico-paesaggistico; perfetto se ami la natura e la tranquillit\u00e0: il Lago di K\u00f6nigssee.\" \/>\n<meta property=\"og:url\" content=\"https:\/\/www.viaggiculturalieuropa.it\/blog\/il-lago-di-konigssee-una-guida-completa-sulla-traversata\/\" \/>\n<meta property=\"og:site_name\" content=\"Viaggi Culturali Europa\" \/>\n<meta property=\"article:published_time\" content=\"2015-09-22T18:44:21+00:00\" \/>\n<meta property=\"article:modified_time\" content=\"2019-06-19T15:41:49+00:00\" \/>\n<meta property=\"og:image\" content=\"http:\/\/www.viaggiculturalieuropa.it\/blog\/wp-content\/uploads\/2015\/09\/lago-di-k\u00f6nigssee.jpg\" \/>\n<meta name=\"author\" content=\"Alessandro Paoli\" \/>\n<meta name=\"twitter:card\" content=\"summary_large_image\" \/>\n<meta name=\"twitter:label1\" content=\"Scritto da\" \/>\n\t<meta name=\"twitter:data1\" content=\"Alessandro Paoli\" \/>\n\t<meta name=\"twitter:label2\" content=\"Tempo di lettura stimato\" \/>\n\t<meta name=\"twitter:data2\" content=\"9 minuti\" \/>\n<script type=\"application\/ld+json\" class=\"yoast-schema-graph\">{\"@context\":\"https:\\\/\\\/schema.org\",\"@graph\":[{\"@type\":\"Article\",\"@id\":\"https:\\\/\\\/www.viaggiculturalieuropa.it\\\/blog\\\/il-lago-di-konigssee-una-guida-completa-sulla-traversata\\\/#article\",\"isPartOf\":{\"@id\":\"https:\\\/\\\/www.viaggiculturalieuropa.it\\\/blog\\\/il-lago-di-konigssee-una-guida-completa-sulla-traversata\\\/\"},\"author\":{\"name\":\"Alessandro Paoli\",\"@id\":\"https:\\\/\\\/www.viaggiculturalieuropa.it\\\/blog\\\/#\\\/schema\\\/person\\\/c308935b9c5ce1c1f251a716046a5e77\"},\"headline\":\"Il Lago di K\u00f6nigssee: una guida completa sulla traversata\",\"datePublished\":\"2015-09-22T18:44:21+00:00\",\"dateModified\":\"2019-06-19T15:41:49+00:00\",\"mainEntityOfPage\":{\"@id\":\"https:\\\/\\\/www.viaggiculturalieuropa.it\\\/blog\\\/il-lago-di-konigssee-una-guida-completa-sulla-traversata\\\/\"},\"wordCount\":1892,\"commentCount\":0,\"publisher\":{\"@id\":\"https:\\\/\\\/www.viaggiculturalieuropa.it\\\/blog\\\/#organization\"},\"image\":{\"@id\":\"https:\\\/\\\/www.viaggiculturalieuropa.it\\\/blog\\\/il-lago-di-konigssee-una-guida-completa-sulla-traversata\\\/#primaryimage\"},\"thumbnailUrl\":\"https:\\\/\\\/live.staticflickr.com\\\/4722\\\/39678111665_725422f143_b.jpg\",\"articleSection\":[\"Germania\"],\"inLanguage\":\"it-IT\",\"potentialAction\":[{\"@type\":\"CommentAction\",\"name\":\"Comment\",\"target\":[\"https:\\\/\\\/www.viaggiculturalieuropa.it\\\/blog\\\/il-lago-di-konigssee-una-guida-completa-sulla-traversata\\\/#respond\"]}]},{\"@type\":\"WebPage\",\"@id\":\"https:\\\/\\\/www.viaggiculturalieuropa.it\\\/blog\\\/il-lago-di-konigssee-una-guida-completa-sulla-traversata\\\/\",\"url\":\"https:\\\/\\\/www.viaggiculturalieuropa.it\\\/blog\\\/il-lago-di-konigssee-una-guida-completa-sulla-traversata\\\/\",\"name\":\"Il Lago di K\u00f6nigssee: una guida completa sulla traversata\",\"isPartOf\":{\"@id\":\"https:\\\/\\\/www.viaggiculturalieuropa.it\\\/blog\\\/#website\"},\"primaryImageOfPage\":{\"@id\":\"https:\\\/\\\/www.viaggiculturalieuropa.it\\\/blog\\\/il-lago-di-konigssee-una-guida-completa-sulla-traversata\\\/#primaryimage\"},\"image\":{\"@id\":\"https:\\\/\\\/www.viaggiculturalieuropa.it\\\/blog\\\/il-lago-di-konigssee-una-guida-completa-sulla-traversata\\\/#primaryimage\"},\"thumbnailUrl\":\"https:\\\/\\\/live.staticflickr.com\\\/4722\\\/39678111665_725422f143_b.jpg\",\"datePublished\":\"2015-09-22T18:44:21+00:00\",\"dateModified\":\"2019-06-19T15:41:49+00:00\",\"description\":\"Voglio segnalarti un luogo d'interesse storico-paesaggistico; perfetto se ami la natura e la tranquillit\u00e0: il Lago di K\u00f6nigssee.\",\"breadcrumb\":{\"@id\":\"https:\\\/\\\/www.viaggiculturalieuropa.it\\\/blog\\\/il-lago-di-konigssee-una-guida-completa-sulla-traversata\\\/#breadcrumb\"},\"inLanguage\":\"it-IT\",\"potentialAction\":[{\"@type\":\"ReadAction\",\"target\":[\"https:\\\/\\\/www.viaggiculturalieuropa.it\\\/blog\\\/il-lago-di-konigssee-una-guida-completa-sulla-traversata\\\/\"]}]},{\"@type\":\"ImageObject\",\"inLanguage\":\"it-IT\",\"@id\":\"https:\\\/\\\/www.viaggiculturalieuropa.it\\\/blog\\\/il-lago-di-konigssee-una-guida-completa-sulla-traversata\\\/#primaryimage\",\"url\":\"https:\\\/\\\/live.staticflickr.com\\\/4722\\\/39678111665_725422f143_b.jpg\",\"contentUrl\":\"https:\\\/\\\/live.staticflickr.com\\\/4722\\\/39678111665_725422f143_b.jpg\"},{\"@type\":\"BreadcrumbList\",\"@id\":\"https:\\\/\\\/www.viaggiculturalieuropa.it\\\/blog\\\/il-lago-di-konigssee-una-guida-completa-sulla-traversata\\\/#breadcrumb\",\"itemListElement\":[{\"@type\":\"ListItem\",\"position\":1,\"name\":\"Home\",\"item\":\"https:\\\/\\\/www.viaggiculturalieuropa.it\\\/blog\\\/\"},{\"@type\":\"ListItem\",\"position\":2,\"name\":\"Il Lago di K\u00f6nigssee: una guida completa sulla traversata\"}]},{\"@type\":\"WebSite\",\"@id\":\"https:\\\/\\\/www.viaggiculturalieuropa.it\\\/blog\\\/#website\",\"url\":\"https:\\\/\\\/www.viaggiculturalieuropa.it\\\/blog\\\/\",\"name\":\"Viaggi Culturali Europa\",\"description\":\"Scovo i luoghi culturali che hanno creato nel tempo le identit\u00e0 europee e li porto a conoscenza di chi ama viaggiare.\",\"publisher\":{\"@id\":\"https:\\\/\\\/www.viaggiculturalieuropa.it\\\/blog\\\/#organization\"},\"potentialAction\":[{\"@type\":\"SearchAction\",\"target\":{\"@type\":\"EntryPoint\",\"urlTemplate\":\"https:\\\/\\\/www.viaggiculturalieuropa.it\\\/blog\\\/?s={search_term_string}\"},\"query-input\":{\"@type\":\"PropertyValueSpecification\",\"valueRequired\":true,\"valueName\":\"search_term_string\"}}],\"inLanguage\":\"it-IT\"},{\"@type\":\"Organization\",\"@id\":\"https:\\\/\\\/www.viaggiculturalieuropa.it\\\/blog\\\/#organization\",\"name\":\"Viaggi Culturali Europa\",\"url\":\"https:\\\/\\\/www.viaggiculturalieuropa.it\\\/blog\\\/\",\"logo\":{\"@type\":\"ImageObject\",\"inLanguage\":\"it-IT\",\"@id\":\"https:\\\/\\\/www.viaggiculturalieuropa.it\\\/blog\\\/#\\\/schema\\\/logo\\\/image\\\/\",\"url\":\"https:\\\/\\\/www.viaggiculturalieuropa.it\\\/blog\\\/wp-content\\\/uploads\\\/2015\\\/08\\\/viaggi_culturali_europa.png\",\"contentUrl\":\"https:\\\/\\\/www.viaggiculturalieuropa.it\\\/blog\\\/wp-content\\\/uploads\\\/2015\\\/08\\\/viaggi_culturali_europa.png\",\"width\":300,\"height\":44,\"caption\":\"Viaggi Culturali Europa\"},\"image\":{\"@id\":\"https:\\\/\\\/www.viaggiculturalieuropa.it\\\/blog\\\/#\\\/schema\\\/logo\\\/image\\\/\"}},{\"@type\":\"Person\",\"@id\":\"https:\\\/\\\/www.viaggiculturalieuropa.it\\\/blog\\\/#\\\/schema\\\/person\\\/c308935b9c5ce1c1f251a716046a5e77\",\"name\":\"Alessandro Paoli\",\"image\":{\"@type\":\"ImageObject\",\"inLanguage\":\"it-IT\",\"@id\":\"https:\\\/\\\/secure.gravatar.com\\\/avatar\\\/a06e1e35af134cbabb249dd93e2e616241fa2788c42ccdd07d6cfa1217a89052?s=96&d=blank&r=g\",\"url\":\"https:\\\/\\\/secure.gravatar.com\\\/avatar\\\/a06e1e35af134cbabb249dd93e2e616241fa2788c42ccdd07d6cfa1217a89052?s=96&d=blank&r=g\",\"contentUrl\":\"https:\\\/\\\/secure.gravatar.com\\\/avatar\\\/a06e1e35af134cbabb249dd93e2e616241fa2788c42ccdd07d6cfa1217a89052?s=96&d=blank&r=g\",\"caption\":\"Alessandro Paoli\"},\"sameAs\":[\"http:\\\/\\\/www.viaggiculturalieuropa.it\"],\"url\":\"https:\\\/\\\/www.viaggiculturalieuropa.it\\\/blog\\\/author\\\/alessandro\\\/\"}]}<\/script>\n<!-- \/ Yoast SEO plugin. -->","yoast_head_json":{"title":"Il Lago di K\u00f6nigssee: una guida completa sulla traversata","description":"Voglio segnalarti un luogo d'interesse storico-paesaggistico; perfetto se ami la natura e la tranquillit\u00e0: il Lago di K\u00f6nigssee.","robots":{"index":"index","follow":"follow","max-snippet":"max-snippet:-1","max-image-preview":"max-image-preview:large","max-video-preview":"max-video-preview:-1"},"canonical":"https:\/\/www.viaggiculturalieuropa.it\/blog\/il-lago-di-konigssee-una-guida-completa-sulla-traversata\/","og_locale":"it_IT","og_type":"article","og_title":"Il Lago di K\u00f6nigssee: una guida completa sulla traversata","og_description":"Voglio segnalarti un luogo d'interesse storico-paesaggistico; perfetto se ami la natura e la tranquillit\u00e0: il Lago di K\u00f6nigssee.","og_url":"https:\/\/www.viaggiculturalieuropa.it\/blog\/il-lago-di-konigssee-una-guida-completa-sulla-traversata\/","og_site_name":"Viaggi Culturali Europa","article_published_time":"2015-09-22T18:44:21+00:00","article_modified_time":"2019-06-19T15:41:49+00:00","og_image":[{"url":"http:\/\/www.viaggiculturalieuropa.it\/blog\/wp-content\/uploads\/2015\/09\/lago-di-k\u00f6nigssee.jpg","type":"","width":"","height":""}],"author":"Alessandro Paoli","twitter_card":"summary_large_image","twitter_misc":{"Scritto da":"Alessandro Paoli","Tempo di lettura stimato":"9 minuti"},"schema":{"@context":"https:\/\/schema.org","@graph":[{"@type":"Article","@id":"https:\/\/www.viaggiculturalieuropa.it\/blog\/il-lago-di-konigssee-una-guida-completa-sulla-traversata\/#article","isPartOf":{"@id":"https:\/\/www.viaggiculturalieuropa.it\/blog\/il-lago-di-konigssee-una-guida-completa-sulla-traversata\/"},"author":{"name":"Alessandro Paoli","@id":"https:\/\/www.viaggiculturalieuropa.it\/blog\/#\/schema\/person\/c308935b9c5ce1c1f251a716046a5e77"},"headline":"Il Lago di K\u00f6nigssee: una guida completa sulla traversata","datePublished":"2015-09-22T18:44:21+00:00","dateModified":"2019-06-19T15:41:49+00:00","mainEntityOfPage":{"@id":"https:\/\/www.viaggiculturalieuropa.it\/blog\/il-lago-di-konigssee-una-guida-completa-sulla-traversata\/"},"wordCount":1892,"commentCount":0,"publisher":{"@id":"https:\/\/www.viaggiculturalieuropa.it\/blog\/#organization"},"image":{"@id":"https:\/\/www.viaggiculturalieuropa.it\/blog\/il-lago-di-konigssee-una-guida-completa-sulla-traversata\/#primaryimage"},"thumbnailUrl":"https:\/\/live.staticflickr.com\/4722\/39678111665_725422f143_b.jpg","articleSection":["Germania"],"inLanguage":"it-IT","potentialAction":[{"@type":"CommentAction","name":"Comment","target":["https:\/\/www.viaggiculturalieuropa.it\/blog\/il-lago-di-konigssee-una-guida-completa-sulla-traversata\/#respond"]}]},{"@type":"WebPage","@id":"https:\/\/www.viaggiculturalieuropa.it\/blog\/il-lago-di-konigssee-una-guida-completa-sulla-traversata\/","url":"https:\/\/www.viaggiculturalieuropa.it\/blog\/il-lago-di-konigssee-una-guida-completa-sulla-traversata\/","name":"Il Lago di K\u00f6nigssee: una guida completa sulla traversata","isPartOf":{"@id":"https:\/\/www.viaggiculturalieuropa.it\/blog\/#website"},"primaryImageOfPage":{"@id":"https:\/\/www.viaggiculturalieuropa.it\/blog\/il-lago-di-konigssee-una-guida-completa-sulla-traversata\/#primaryimage"},"image":{"@id":"https:\/\/www.viaggiculturalieuropa.it\/blog\/il-lago-di-konigssee-una-guida-completa-sulla-traversata\/#primaryimage"},"thumbnailUrl":"https:\/\/live.staticflickr.com\/4722\/39678111665_725422f143_b.jpg","datePublished":"2015-09-22T18:44:21+00:00","dateModified":"2019-06-19T15:41:49+00:00","description":"Voglio segnalarti un luogo d'interesse storico-paesaggistico; perfetto se ami la natura e la tranquillit\u00e0: il Lago di K\u00f6nigssee.","breadcrumb":{"@id":"https:\/\/www.viaggiculturalieuropa.it\/blog\/il-lago-di-konigssee-una-guida-completa-sulla-traversata\/#breadcrumb"},"inLanguage":"it-IT","potentialAction":[{"@type":"ReadAction","target":["https:\/\/www.viaggiculturalieuropa.it\/blog\/il-lago-di-konigssee-una-guida-completa-sulla-traversata\/"]}]},{"@type":"ImageObject","inLanguage":"it-IT","@id":"https:\/\/www.viaggiculturalieuropa.it\/blog\/il-lago-di-konigssee-una-guida-completa-sulla-traversata\/#primaryimage","url":"https:\/\/live.staticflickr.com\/4722\/39678111665_725422f143_b.jpg","contentUrl":"https:\/\/live.staticflickr.com\/4722\/39678111665_725422f143_b.jpg"},{"@type":"BreadcrumbList","@id":"https:\/\/www.viaggiculturalieuropa.it\/blog\/il-lago-di-konigssee-una-guida-completa-sulla-traversata\/#breadcrumb","itemListElement":[{"@type":"ListItem","position":1,"name":"Home","item":"https:\/\/www.viaggiculturalieuropa.it\/blog\/"},{"@type":"ListItem","position":2,"name":"Il Lago di K\u00f6nigssee: una guida completa sulla traversata"}]},{"@type":"WebSite","@id":"https:\/\/www.viaggiculturalieuropa.it\/blog\/#website","url":"https:\/\/www.viaggiculturalieuropa.it\/blog\/","name":"Viaggi Culturali Europa","description":"Scovo i luoghi culturali che hanno creato nel tempo le identit\u00e0 europee e li porto a conoscenza di chi ama viaggiare.","publisher":{"@id":"https:\/\/www.viaggiculturalieuropa.it\/blog\/#organization"},"potentialAction":[{"@type":"SearchAction","target":{"@type":"EntryPoint","urlTemplate":"https:\/\/www.viaggiculturalieuropa.it\/blog\/?s={search_term_string}"},"query-input":{"@type":"PropertyValueSpecification","valueRequired":true,"valueName":"search_term_string"}}],"inLanguage":"it-IT"},{"@type":"Organization","@id":"https:\/\/www.viaggiculturalieuropa.it\/blog\/#organization","name":"Viaggi Culturali Europa","url":"https:\/\/www.viaggiculturalieuropa.it\/blog\/","logo":{"@type":"ImageObject","inLanguage":"it-IT","@id":"https:\/\/www.viaggiculturalieuropa.it\/blog\/#\/schema\/logo\/image\/","url":"https:\/\/www.viaggiculturalieuropa.it\/blog\/wp-content\/uploads\/2015\/08\/viaggi_culturali_europa.png","contentUrl":"https:\/\/www.viaggiculturalieuropa.it\/blog\/wp-content\/uploads\/2015\/08\/viaggi_culturali_europa.png","width":300,"height":44,"caption":"Viaggi Culturali Europa"},"image":{"@id":"https:\/\/www.viaggiculturalieuropa.it\/blog\/#\/schema\/logo\/image\/"}},{"@type":"Person","@id":"https:\/\/www.viaggiculturalieuropa.it\/blog\/#\/schema\/person\/c308935b9c5ce1c1f251a716046a5e77","name":"Alessandro Paoli","image":{"@type":"ImageObject","inLanguage":"it-IT","@id":"https:\/\/secure.gravatar.com\/avatar\/a06e1e35af134cbabb249dd93e2e616241fa2788c42ccdd07d6cfa1217a89052?s=96&d=blank&r=g","url":"https:\/\/secure.gravatar.com\/avatar\/a06e1e35af134cbabb249dd93e2e616241fa2788c42ccdd07d6cfa1217a89052?s=96&d=blank&r=g","contentUrl":"https:\/\/secure.gravatar.com\/avatar\/a06e1e35af134cbabb249dd93e2e616241fa2788c42ccdd07d6cfa1217a89052?s=96&d=blank&r=g","caption":"Alessandro Paoli"},"sameAs":["http:\/\/www.viaggiculturalieuropa.it"],"url":"https:\/\/www.viaggiculturalieuropa.it\/blog\/author\/alessandro\/"}]}},"_links":{"self":[{"href":"https:\/\/www.viaggiculturalieuropa.it\/blog\/wp-json\/wp\/v2\/posts\/229","targetHints":{"allow":["GET"]}}],"collection":[{"href":"https:\/\/www.viaggiculturalieuropa.it\/blog\/wp-json\/wp\/v2\/posts"}],"about":[{"href":"https:\/\/www.viaggiculturalieuropa.it\/blog\/wp-json\/wp\/v2\/types\/post"}],"author":[{"embeddable":true,"href":"https:\/\/www.viaggiculturalieuropa.it\/blog\/wp-json\/wp\/v2\/users\/2"}],"replies":[{"embeddable":true,"href":"https:\/\/www.viaggiculturalieuropa.it\/blog\/wp-json\/wp\/v2\/comments?post=229"}],"version-history":[{"count":2,"href":"https:\/\/www.viaggiculturalieuropa.it\/blog\/wp-json\/wp\/v2\/posts\/229\/revisions"}],"predecessor-version":[{"id":2567,"href":"https:\/\/www.viaggiculturalieuropa.it\/blog\/wp-json\/wp\/v2\/posts\/229\/revisions\/2567"}],"wp:attachment":[{"href":"https:\/\/www.viaggiculturalieuropa.it\/blog\/wp-json\/wp\/v2\/media?parent=229"}],"wp:term":[{"taxonomy":"category","embeddable":true,"href":"https:\/\/www.viaggiculturalieuropa.it\/blog\/wp-json\/wp\/v2\/categories?post=229"},{"taxonomy":"post_tag","embeddable":true,"href":"https:\/\/www.viaggiculturalieuropa.it\/blog\/wp-json\/wp\/v2\/tags?post=229"}],"curies":[{"name":"wp","href":"https:\/\/api.w.org\/{rel}","templated":true}]}}