{"id":2295,"date":"2018-09-14T16:05:45","date_gmt":"2018-09-14T14:05:45","guid":{"rendered":"https:\/\/www.viaggiculturalieuropa.it\/blog\/?p=2295"},"modified":"2018-10-16T23:18:27","modified_gmt":"2018-10-16T21:18:27","slug":"cosa-vedere-a-brema-in-un-giorno","status":"publish","type":"post","link":"https:\/\/www.viaggiculturalieuropa.it\/blog\/cosa-vedere-a-brema-in-un-giorno\/","title":{"rendered":"Cosa vedere a Brema in un giorno: tutto sulla citt\u00e0 dei musicanti"},"content":{"rendered":"<p>Visitare Brema \u00e8 un\u2019esperienza molto suggestiva. Una citt\u00e0 della Germania dalla tradizione storica forte, che non a caso conserva nel suo centro storico uno dei monumenti pi\u00f9 belli d\u2019Europa. Sicuramente tu la conoscerai soprattutto per la storia dei Musicanti di Brema dei Fratelli Grimm. <strong>In questo articolo ti racconter\u00f2 cosa vedere a Brema e come raggiungerla dal porto di Bremerhaven o dal vicinissimo aeroporto internazionale<\/strong>.<\/p>\n<p>&nbsp;<\/p>\n<p><a title=\"Le Sch\u00fctting (si\u00e8ge de la corporation des marchands, XVIIe) et statue de Roland (1404), Marktplatz, Br\u00eame, Allemagne.\" href=\"https:\/\/www.flickr.com\/photos\/50879678@N03\/33474016873\/in\/photolist-SZZ5ZX-fAwrd8-HqHPny-FeHizv-FYMuwM-MR179p-8eWQfz-dx7Pyw-LpzPSb-CyqDi8-8MdWPy-21TAzPb-q1ACRC-22QaQJk-23SveUA-U44cRh-V9NGKr-Bc9s5M-deyut8-NT6kiy-xApZHT-GUK3s4-DWeCmJ-21UXNEY-ENurmh-EZChwq-HEezSd-GGR1XU-QLhrWv-qkQ7st-quFmfo-9rW2w7-pYmdoH-pVvk4X-rcpTUn-bv2Zu2-Tr1JvD-BYA2GM-TgSUNm-CgRkog-FS9qAc-HSY15n-kLyXKx-dZfzHz-2aeA4bi-dpZsSX-HVQHnK-WZYhM5-24Xb5Qt-25XUUkJ\" target=\"_blank\" rel=\"noopener\" data-flickr-embed=\"true\"><img loading=\"lazy\" decoding=\"async\" class=\"alignnone\" title=\"Cosa vedere a Brema\" src=\"https:\/\/farm3.staticflickr.com\/2809\/33474016873_cd242dcb86_b.jpg\" alt=\"Cosa vedere a Brema\" width=\"1024\" height=\"680\" \/><\/a><script async src=\"\/\/embedr.flickr.com\/assets\/client-code.js\" charset=\"utf-8\"><\/script><\/p>\n<p><!--more--><\/p>\n<h2>Cosa vedere a Brema in un giorno<\/h2>\n<p>Prima di capire cosa vedere a Brema, voglio dirti che questa citt\u00e0 \u00e8 davvero una delle mete ideali sia per la stagione estiva, sia per quella autunnale. Per non parlare del periodo natalizio, quando Brema si veste a feste con luci e mercatini.<\/p>\n<p>Molti turisti italiani arrivano a Brema via mare e si fermano al porto di Bremerhaven. Molte navi da crociera, infatti, tra i loro tour culturali hanno anche un\u2019escursione alla famosa citt\u00e0 dei Musicanti.<\/p>\n<p>L\u2019espressione pi\u00f9 usata dalla maggior parte dei viaggiatori che visita per la prima volta Brema \u00e8 <em>non pensavo fosse tanto bella<\/em>. A primo impatto sembra una citt\u00e0 cupa, ma se hai visitato altre citt\u00e0 della Germania, come <a href=\"https:\/\/www.viaggiculturalieuropa.it\/blog\/cosa-vedere-a-norimberga\/\" target=\"_blank\" rel=\"noopener\">Norimberga<\/a>, sai bene che l\u2019aspetto gotico \u00e8 uno dei tratti distintivi dei centri storici teutonici.<\/p>\n<p>&nbsp;<\/p>\n<p><iframe loading=\"lazy\" src=\"https:\/\/www.google.com\/maps\/d\/u\/1\/embed?mid=17YUCxICHcUmVw3vb_bUKzt9Es15tWmop\" width=\"100%\" height=\"550\"><\/iframe><\/p>\n<p>&nbsp;<\/p>\n<p>La citt\u00e0 dei Musicanti per\u00f2 ha qualcosa in pi\u00f9 e in questo articolo su cosa vedere a Brema ti dir\u00f2 esattamente cosa e perch\u00e9.<\/p>\n<p>Brema \u00e8 l\u2019undicesima citt\u00e0 della Germania e nel Medioevo faceva parte della celebre Lega anseatica, che univa le citt\u00e0 di mercanti pi\u00f9 importanti del Nord Europa.<\/p>\n<p>La citt\u00e0 si trova a pochi chilometri dal Mare del Nord ed \u00e8 vicina alla citt\u00e0 di Amburgo. Visitarla col sole \u00e8 un\u2019impresa ardua, per cui non dimenticare mai l\u2019ombrello.<\/p>\n<p>&nbsp;<\/p>\n<h3>Piazza del mercato e il Municipio<\/h3>\n<p><a href=\"https:\/\/www.flickr.com\/photos\/mauriziocrespi\/14163512295\/in\/photolist-nzzGKR-XgfK5m-X6A1w9-dN4Ebk-aoxWbF-22JSYWy-82Gvw7-iKnYjU-8oTiBP-FLcJ2A-a12FkX-aoxVTF-5XLbTo-CmU6Ri-nmtFAd-k6RmuG-oaNnGu-5eLjN-NwpTd-ap5ffJ-edjoz1-pVj71T-saFHst-qfQYoK-9hfL6Y-Yw2Hbs-eHg3eu-DBNyx2-X5JzL4-8cqyfZ-qZqRYA-ctcd2q-tdDhMs-S6TkfL-Ci4uTC-gDmWK4-XyZrdR-7hp1DD-qFXFLx-qZwEDD-F8v4Jw-RZ2y1a-rrkfEq-dn5ooC-9hfJgW-VyHyJQ-rgXtvB-qZqQdG-reEcbu-EFeAim\" target=\"_blank\" rel=\"noopener\"><img loading=\"lazy\" decoding=\"async\" class=\"alignnone wp-image-2297 size-full\" title=\"Piazza del Mercato e il Municipio - Brema\" src=\"https:\/\/www.viaggiculturalieuropa.it\/blog\/wp-content\/uploads\/2018\/09\/Piazza_del_Mercato_e_il_Municipio_-_Brema.jpg\" alt=\"Piazza del Mercato e il Municipio - Brema\" width=\"1024\" height=\"768\" srcset=\"https:\/\/www.viaggiculturalieuropa.it\/blog\/wp-content\/uploads\/2018\/09\/Piazza_del_Mercato_e_il_Municipio_-_Brema.jpg 1024w, https:\/\/www.viaggiculturalieuropa.it\/blog\/wp-content\/uploads\/2018\/09\/Piazza_del_Mercato_e_il_Municipio_-_Brema-300x225.jpg 300w, https:\/\/www.viaggiculturalieuropa.it\/blog\/wp-content\/uploads\/2018\/09\/Piazza_del_Mercato_e_il_Municipio_-_Brema-768x576.jpg 768w, https:\/\/www.viaggiculturalieuropa.it\/blog\/wp-content\/uploads\/2018\/09\/Piazza_del_Mercato_e_il_Municipio_-_Brema-640x480.jpg 640w\" sizes=\"auto, (max-width: 1024px) 100vw, 1024px\" \/><\/a><\/p>\n<p>&nbsp;<\/p>\n<p>Tra le cose da vedere a Brema c\u2019\u00e8 di sicuro la Piazza del mercato sulla quale si affaccia il Municipio.<\/p>\n<p>Dal 2004 il Municipio di Brema, la piazza antistante e la statua di Rolando sono nella lista dei monumenti UNESCO Patrimonio dell\u2019umanit\u00e0.<\/p>\n<p>La <strong>statua medievale di Rolando<\/strong> \u00e8 uno dei monumenti pi\u00f9 antichi di Germania e simboleggia la giustizia e la libert\u00e0.<\/p>\n<p>Il <strong>Municipio di Brema<\/strong>, invece, costruito nei primi anni del Quattrocento con una facciata in stile Rinascimento del Weser \u00e8 indubbiamente uno degli edifici storici pi\u00f9 belli di Germania. Da non perdere all\u2019interno: la Sala superiore, la Camera d\u2019oro e il Ratskeller.<\/p>\n<p>Il <strong>Ratskeller di Brema<\/strong> ospita la pi\u00f9 grande collezione di vini tedeschi, oltre 650 tipi di vino. La botte pi\u00f9 antica di vino risale al Seicento.<\/p>\n<p>A ovest del Municipio trovi la celebre <strong>statua dei Musicanti di Brema<\/strong>, i personaggi della fiaba dei fratelli Grimm. La statua in bronzo risale alla met\u00e0 del Novecento ed \u00e8 opera del noto scultore Gerhard Marcks.<\/p>\n<p>&nbsp;<\/p>\n<h3>Duomo di San Pietro<\/h3>\n<blockquote class=\"instagram-media\" style=\"background: #FFF; border: 0; border-radius: 3px; box-shadow: 0 0 1px 0 rgba(0,0,0,0.5),0 1px 10px 0 rgba(0,0,0,0.15); margin: 1px; max-width: 540px; min-width: 326px; padding: 0; width: calc(100% - 2px);\" data-instgrm-permalink=\"https:\/\/www.instagram.com\/p\/BlaYzhDBZqv\/?utm_source=ig_embed_loading\" data-instgrm-version=\"12\">\n<div style=\"padding: 16px;\">\n<p>&nbsp;<\/p>\n<div style=\"display: flex; flex-direction: row; align-items: center;\">\n<div style=\"background-color: #f4f4f4; border-radius: 50%; flex-grow: 0; height: 40px; margin-right: 14px; width: 40px;\"><\/div>\n<div style=\"display: flex; flex-direction: column; flex-grow: 1; justify-content: center;\">\n<div style=\"background-color: #f4f4f4; border-radius: 4px; flex-grow: 0; height: 14px; margin-bottom: 6px; width: 100px;\"><\/div>\n<div style=\"background-color: #f4f4f4; border-radius: 4px; flex-grow: 0; height: 14px; width: 60px;\"><\/div>\n<\/div>\n<\/div>\n<div style=\"padding: 19% 0;\"><\/div>\n<div style=\"display: block; height: 50px; margin: 0 auto 12px; width: 50px;\"><\/div>\n<div style=\"padding-top: 8px;\">\n<div style=\"color: #3897f0; font-family: Arial,sans-serif; font-size: 14px; font-style: normal; font-weight: 550; line-height: 18px;\">Visualizza questo post su Instagram<\/div>\n<\/div>\n<div style=\"padding: 12.5% 0;\"><\/div>\n<div style=\"display: flex; flex-direction: row; margin-bottom: 14px; align-items: center;\">\n<div>\n<div style=\"background-color: #f4f4f4; border-radius: 50%; height: 12.5px; width: 12.5px; transform: translateX(0px) translateY(7px);\"><\/div>\n<div style=\"background-color: #f4f4f4; height: 12.5px; transform: rotate(-45deg) translateX(3px) translateY(1px); width: 12.5px; flex-grow: 0; margin-right: 14px; margin-left: 2px;\"><\/div>\n<div style=\"background-color: #f4f4f4; border-radius: 50%; height: 12.5px; width: 12.5px; transform: translateX(9px) translateY(-18px);\"><\/div>\n<\/div>\n<div style=\"margin-left: 8px;\">\n<div style=\"background-color: #f4f4f4; border-radius: 50%; flex-grow: 0; height: 20px; width: 20px;\"><\/div>\n<div style=\"width: 0; height: 0; border-top: 2px solid transparent; border-left: 6px solid #f4f4f4; border-bottom: 2px solid transparent; transform: translateX(16px) translateY(-4px) rotate(30deg);\"><\/div>\n<\/div>\n<div style=\"margin-left: auto;\">\n<div style=\"width: 0px; border-top: 8px solid #F4F4F4; border-right: 8px solid transparent; transform: translateY(16px);\"><\/div>\n<div style=\"background-color: #f4f4f4; flex-grow: 0; height: 12px; width: 16px; transform: translateY(-4px);\"><\/div>\n<div style=\"width: 0; height: 0; border-top: 8px solid #F4F4F4; border-left: 8px solid transparent; transform: translateY(-4px) translateX(8px);\"><\/div>\n<\/div>\n<\/div>\n<div style=\"display: flex; flex-direction: column; flex-grow: 1; justify-content: center; margin-bottom: 24px;\">\n<div style=\"background-color: #f4f4f4; border-radius: 4px; flex-grow: 0; height: 14px; margin-bottom: 6px; width: 224px;\"><\/div>\n<div style=\"background-color: #f4f4f4; border-radius: 4px; flex-grow: 0; height: 14px; width: 144px;\"><\/div>\n<\/div>\n<p>&nbsp;<\/p>\n<p style=\"color: #c9c8cd; font-family: Arial,sans-serif; font-size: 14px; line-height: 17px; margin-bottom: 0; margin-top: 8px; overflow: hidden; padding: 8px 0 7px; text-align: center; text-overflow: ellipsis; white-space: nowrap;\"><a style=\"color: #c9c8cd; font-family: Arial,sans-serif; font-size: 14px; font-style: normal; font-weight: normal; line-height: 17px; text-decoration: none;\" href=\"https:\/\/www.instagram.com\/p\/BlaYzhDBZqv\/?utm_source=ig_embed_loading\" target=\"_blank\" rel=\"noopener\">Un post condiviso da Viaggi Culturali Europa (@viaggiculturalieuropa)<\/a> in data: <time style=\"font-family: Arial,sans-serif; font-size: 14px; line-height: 17px;\" datetime=\"2018-07-19T11:54:50+00:00\">Lug 19, 2018 at 4:54 PDT<\/time><\/p>\n<\/div>\n<\/blockquote>\n<p><script async defer src=\"\/\/www.instagram.com\/embed.js\"><\/script><\/p>\n<p>&nbsp;<\/p>\n<p>Una imponente costruzione medievale, la pi\u00f9 importante Chiesa evangelica luterana della Germania Settentrionale.<\/p>\n<p>La Cattedrale di Brema \u00e8 una chiesa romanica costruita con possenti pietre di arenaria nell\u2019XI secolo, sulle rovine di edifici pi\u00f9 antichi. Nel Duecento venne ristrutturata in chiave gotica e nel Trecento fu ampliata con la costruzione di cappelle laterali sempre in stile gotico teutonico.<\/p>\n<p>All\u2019alba del Rinascimento inizia il processo di graduale trasformazione con l\u2019inserimento di ritocchi architettonici che si avvicinano al nuovo gusto artistico.<\/p>\n<p>Con la Riforma luterana vengono fermati tutti i lavori e vengono rimossi gli elementi decorativi considerati inopportuni dalla nuova dottrina ecclesiastica.<\/p>\n<p>Alla fine dell\u2019Ottocento fu organizzata una grande ristrutturazione del Duomo, che stando a quanto riportano le fonti risultava in stato di degrado e parziale abbandono.<\/p>\n<p>L\u2019Ottocento in tutta Europa \u00e8 il secolo delle grandi ristrutturazioni architettoniche dei monumenti medievali e per questo spesso \u00e8 difficile riconoscere gli elementi romantici da quelli puramente medievali.<\/p>\n<p>Fu costruita una nuova facciata con due torri ad ovest (la cosiddetta westwerk) e una torre centrale in stile neo-romanico, che forse in origine non esisteva.<\/p>\n<p>Oggi visitarla \u00e8 uno spettacolo, soprattutto per chi ama l\u2019arte gotica e neo-gotica.<\/p>\n<p>Ti consiglio di scendere nelle cripte per esplorare tutti i meandri pi\u00f9 nascosti del Duomo di Brema.<\/p>\n<p>&nbsp;<\/p>\n<h3>B\u00f6ttcherstrasse<\/h3>\n<p><a title=\"B\u00f6ttcherstrasse\" href=\"https:\/\/www.flickr.com\/photos\/ebsneath\/6062014428\/in\/photolist-29U71r1-2agq4cD-29DUPwb-KFo7am-oADJEe-65W188-6xQdMo-dqbus-dqbhM-Uvo5Kc-aeFpG9-jcvD8L-hP9mGw-jcrjaT-jcrkZV-9e2pix-hP9oTf-hP9tgw-jcrfUe-hP9XXi-jcvCnC-9wbXQu-jcvGvY-a5HKz9-hP9Lqk-nJYidj-YDVn7V-SP3LH4-5wVxWt-hP9Jjg-x735p-jcsRzT-XUQsSV-otrtxK-Y8nzCf-6ZsMMf-qt8Xtf-3cad4M-nRMg2J-GYo3ku-aRGXMM-rrQkRa-ftocxA-nsvCQa-nJXTif-2VztuP-oMHJq8-6ixuoD-3ceytY-8nxZak\" target=\"_blank\" rel=\"noopener\" data-flickr-embed=\"true\"><img loading=\"lazy\" decoding=\"async\" class=\"alignnone\" title=\"B\u00f6ttcherstrasse\" src=\"https:\/\/farm7.staticflickr.com\/6208\/6062014428_3c181181a4_b.jpg\" alt=\"B\u00f6ttcherstrasse\" width=\"1024\" height=\"683\" \/><\/a><script async src=\"\/\/embedr.flickr.com\/assets\/client-code.js\" charset=\"utf-8\"><\/script><\/p>\n<p>&nbsp;<\/p>\n<p>Proseguiamo nel racconto di cosa vedere a Brema con un altro scorcio straordinario della citt\u00e0.<\/p>\n<p>La <em>B\u00f6ttcherstra\u00dfe<\/em> si trova nel distretto di Bremen-Mitte, in pieno centro storico e collega la Martinstra\u00dfe (strada lungo il fiume Weser) al Marktplatz (la piazza del Municipio).<\/p>\n<p>La B\u00f6ttcherstra\u00dfe \u00e8 la via pi\u00f9 suggestiva del centro storico di Brema, piena di botteghe e negozi, dove potrai acquistare sfiziosi souvenir o semplicemente passeggiare sotto i portici e le lanterne medievali.<\/p>\n<p>Alza gli occhi e ammira il Portale di luce (<em>Der Licht-bringer<\/em>) e il carillon di porcellana di Meissen. Dietro questa via di poco pi\u00f9 di 100 metri c\u2019\u00e8 un\u2019affascinante storia.<\/p>\n<p>Nei primi anni del Novecento venne acquistato dal mercante Ludwig Roselius (che sar\u00e0 il proprietario dell\u2019azienda Hag, la nota produttrice di caff\u00e8) un magazzino che si affacciava sulla via.<\/p>\n<p>Lo stesso Roselius acquist\u00f2 in seguito anche tutti gli altri edifici della via. Li fece demolire e affid\u00f2 all&#8217;architetto e scultore Bernhard Hoetger il progetto di ricostruzione, che termin\u00f2 nei primi anni \u201830.<\/p>\n<p>Il noto architetto fu l\u2019autore anche del bassorilievo che raffigura l\u2019Arcangelo Michele in lotta contro il drago, che troneggia ancora oggi sulla strada.<\/p>\n<p>Oggi, quindi, la strada \u00e8 il prodotto di questa ricostruzione.<\/p>\n<p>Con la salita al potere del governo nazista, ci fu un nuovo colpo di scena. La via venne additata come esempio di &#8220;arte degenerata&#8221;.<\/p>\n<p>Questo \u00e8 un termine che fu introdotto dal regime nazista per indicare le forme artistiche, che veicolavano valori, messaggi o simboli contrari alla concezione ideologica nazista.<\/p>\n<p>In questo caso possiamo immaginare che i valori neo-medievali non erano affini alle politiche stilistiche e simboliche del regime nazista, molto pi\u00f9 vicino a forme d\u2019arte che richiamavano il classicismo dell\u2019arte greco-romana.<\/p>\n<p>Nel corso della Seconda guerra mondiale la via venne pesantemente danneggiata dai bombardamenti e fu ricostruita circa dieci anni dopo la fine del conflitto mondiale.<\/p>\n<p>&nbsp;<\/p>\n<h3>Schnoor<\/h3>\n<p><a title=\"Schnoor\" href=\"https:\/\/www.flickr.com\/photos\/136754215@N03\/33555261375\/in\/photolist-8mdsmD-T8auae-29Z6Q4h-24cVskv-igdyae-qXbUYF-bAMhAa-6wKCGv-4VuLGP-5ECmb-dqbNs-ayaS7a-wLLyrT-giwvUF-fNpKht-8Pghcp-rh6Lbv-9nWmTH-4mEvLT-nSnmgs-5xQY32-9tPsAE-2C26Yp-ZgoKvh-27gFiSd-aEr769-2a5PqYK-dx1X6q-9bBZfm-aBaKQh-e7v8wT-VwLsaZ-bEbE2M-ZUWSQA-qkyP2J-8St9UM-ZE67re-dR9rGw-9sD7MR-QCeTTh-b6oJci-mBL2pi-nL1jVd-raZkMW-dR9tr5-bhK6Li-4oiKwf-nPStrj-mzEe3y-2C23tV\" target=\"_blank\" rel=\"noopener\" data-flickr-embed=\"true\"><img loading=\"lazy\" decoding=\"async\" class=\"alignnone\" title=\"Schnoor\" src=\"https:\/\/farm3.staticflickr.com\/2830\/33555261375_7707e8c21a_b.jpg\" alt=\"Schnoor\" width=\"1024\" height=\"768\" \/><\/a><script async src=\"\/\/embedr.flickr.com\/assets\/client-code.js\" charset=\"utf-8\"><\/script><\/p>\n<p>&nbsp;<\/p>\n<p>Schnoor (<em>Schnoorviertel<\/em>) \u00e8 il quartiere storico di Brema. Gli elementi pi\u00f9 caratteristici sono gli edifici a graticcio costruiti tra il Cinquecento e l\u2019Ottocento, scampati per miracolo ai bombardamenti della Seconda guerra mondiale.<\/p>\n<p>Questo quartiere rappresenta il primo nucleo abitativo della citt\u00e0. L\u2019antico insediamento medievale, dove i primi abitanti si riunirono in comunit\u00e0.<\/p>\n<p>Il quartiere, un tempo molto povero e abitato principalmente da pescatori, oggi \u00e8 il cuore della vita turistica della citt\u00e0. Ricco di vicoli, che ospitano locali di street food, ristoranti e alberghi.<\/p>\n<p>&nbsp;<\/p>\n<p><a title=\"Bremen Im Schnoor\" href=\"https:\/\/www.flickr.com\/photos\/oliver_hb\/16377099047\/in\/photolist-qXbUYF-bAMhAa-6wKCGv-4VuLGP-5ECmb-dqbNs-ayaS7a-wLLyrT-giwvUF-fNpKht-8Pghcp-rh6Lbv-9nWmTH-4mEvLT-nSnmgs-5xQY32-9tPsAE-2C26Yp-ZgoKvh-27gFiSd-aEr769-2a5PqYK-dx1X6q-9bBZfm-aBaKQh-e7v8wT-VwLsaZ-bEbE2M-ZUWSQA-qkyP2J-8St9UM-ZE67re-dR9rGw-9sD7MR-QCeTTh-b6oJci-mBL2pi-nL1jVd-raZkMW-dR9tr5-bhK6Li-4oiKwf-nPStrj-mzEe3y-2C23tV-Ci4uTC-4iMtWW-bGf6az-ddrXy9-sfLxt7\" target=\"_blank\" rel=\"noopener\" data-flickr-embed=\"true\"><img loading=\"lazy\" decoding=\"async\" class=\"alignnone\" title=\"Bremen Im Schnoor\" src=\"https:\/\/farm8.staticflickr.com\/7345\/16377099047_3f125d94e9_b.jpg\" alt=\"Bremen Im Schnoor\" width=\"1024\" height=\"576\" \/><\/a><script async src=\"\/\/embedr.flickr.com\/assets\/client-code.js\" charset=\"utf-8\"><\/script><\/p>\n<p>&nbsp;<\/p>\n<h2>Cosa visitare a Brema: i Musei pi\u00f9 belli<\/h2>\n<p>A Brema ci sono diversi musei che ti consiglio di visitare. In particolare ti consiglio la visita della <strong>Birreria Beck\u2019s<\/strong>, la tradizionale birreria di Brema, che ti offre la possibilit\u00e0 di visitare il piccolo museo interno, il magazzino delle materie prime e la sala di cottura. Alla fine ti sarai guadagnato un assaggio gratuito della gustosa birra locale.<\/p>\n<p>Un altro museo da non perdere \u00e8 lo storico edificio <strong>Kunsthall<\/strong>, che conserva dipinti e sculture di impressionisti tedeschi e francesi.<\/p>\n<p>Un altro bel museo \u00e8 lo <strong>Ubersee-Museum<\/strong>, un museo storico, risalente al 1896, che espone la storia commerciale e etnologica di Paesi sparsi nei diversi Continenti, che nella storia hanno orbitato attorno alla Germania.<\/p>\n<p>&nbsp;<\/p>\n<h2>Dove mangiare a Brema<\/h2>\n<p><a title=\"Bremer Knipp mit Bratkartoffeln\" href=\"https:\/\/www.flickr.com\/photos\/nappi\/4184119933\/in\/photolist-7nJH5R-droG6C-25SEj7m-droGhd-RUU6bC-da7pGL-axoZqv-qKEAjJ-bhQ1oF-9AqUc5-fn5Qof-bhQ2Je-bhQ4iF-ayfXDW-cVRTHm-dY3KGX-dfdr3x-k1XXXn-6ek9vs-24RmPoQ-dyom2x-qibu2u-NGfZvJ-22R9LKF-BJK8vs-22R9PED-Xaqh9V-4yFhbC-aSMGwV-fmQDEk-25SEiTW-eLd9y5-dubFvi-CzmgX3-k1YeoK-69c3o5-FpoFgw-hcK9pG-24bwNg4-eL1WWa-Ffi9d9-k1WSa4-211kV4p-rZKzFi-eJYMcd-eJYUqQ-eJSBZn-W5JJZa-25xZtpC-5KKBhR\" target=\"_blank\" rel=\"noopener\" data-flickr-embed=\"true\"><img loading=\"lazy\" decoding=\"async\" class=\"alignnone\" title=\"Bremer Knipp mit Bratkartoffeln\" src=\"https:\/\/farm3.staticflickr.com\/2472\/4184119933_0322a68f9c_o.jpg\" alt=\"Bremer Knipp mit Bratkartoffeln\" width=\"1280\" height=\"853\" \/><\/a><script async src=\"\/\/embedr.flickr.com\/assets\/client-code.js\" charset=\"utf-8\"><\/script><\/p>\n<p>&nbsp;<\/p>\n<p>Se ti stai chiedendo dove mangiare, ma soprattutto cosa mangiare a Brema di tipico, in questo paragrafo ti indicher\u00f2 tutte le prelibatezze che io ho adorato.<\/p>\n<p>I quartieri dove a mio parere si mangia meglio sono Uberseestadt e il Viertel.<\/p>\n<p>Il primo \u00e8 l\u2019ex-zona portuale, oggi riqualificato in vivace quartiere con una scelta gastronomica eccellente. Il secondo \u00e8 un ricco quartiere impreziosito da raffinati ristoranti, pub alla moda e locali di street food.<\/p>\n<p>Se ti piace il cibo veloce ti consiglio di assaggiare la tipica salsiccia di Brema (<em>Bremer Bratwurst<\/em>) oppure un caldo panino con il salmone. Vicino al duomo trovi tanti piccoli chioschi e un mercato enogastronomico davvero ottimo.<\/p>\n<p>Se invece vuoi sederti a ristorante e mangiare qualcosa di pi\u00f9 elaborato ti consiglio una calda zuppa di patate oppure un piatto unico fatto di carne mista e patate (<em>Bremer Knipp<\/em>). Accompagna il tutto con la deliziosa birra locale.<\/p>\n<p>I due migliori ristoranti dove ho mangiato veramente bene a Brema sono:<\/p>\n<ul>\n<li><strong>Ristorante Topaz<\/strong><br \/>\nLangenstr. 2-4, 28195 Brema, Stato di Brema, Germania<br \/>\n+49 421 77625<\/li>\n<li><strong>Kleiner Olymp<\/strong><br \/>\nHinter der Holzpforte 20, 28195 Brema, Stato di Brema, Germania<br \/>\n+49 421 326667<\/li>\n<\/ul>\n<p>&nbsp;<\/p>\n<p><a title=\"Musicanti di Brema\" href=\"https:\/\/www.flickr.com\/photos\/sofialopresti\/5750786294\/in\/photolist-9LbhpQ-2kSDQ9-8DHZdj-73w5S7-atzh9z-9wr6hF-3d2i1T-54NLyR-aqDGMB-3d2hB2-6fBocR-5kvx8K-cWALCS-y4yVi-6Jrdbf-SgEG3-huNfY4-8wHvZk-4TNhaM-8vP6oS-7gbvLr-8wHwXv-7k2HnA-j3BWm-auS9xM-9CeNuU-5KkXPN-7p8Co7-biMpDB-biMrmt-cu1zEq-9CbRre-7gfM4f-6ZoM24-6ZsLAY-7gfwrW-cu1yxq-7MzGQN-9cUfYL-huP4LS-hxaX88-9CbPMV-4y9oU7-9CbMgz-CWE3du-cu1z3U-6f5iVD-4Kyd97-9CbRQX-9CeN4Y\" target=\"_blank\" rel=\"noopener\" data-flickr-embed=\"true\"><img loading=\"lazy\" decoding=\"async\" class=\"alignnone\" title=\"I Musicanti di Brema\" src=\"https:\/\/farm4.staticflickr.com\/3605\/5750786294_ee831817a5_b.jpg\" alt=\"I Musicanti di Brema\" width=\"1024\" height=\"685\" \/><\/a><script async src=\"\/\/embedr.flickr.com\/assets\/client-code.js\" charset=\"utf-8\"><\/script><\/p>\n<p>&nbsp;<\/p>\n<h2>Come raggiungere Brema<\/h2>\n<p>Ora sai tutto su cosa vedere a Brema e dove mangiare bene la cucina tipica. Vediamo adesso come spostarti e come raggiungere comodamente il centro storico di Brema.<\/p>\n<p><strong>L\u2019aeroporto si trova a circa 11 minuti in bus<\/strong>. All\u2019uscita dei terminal trovi i bus pubblici e i taxi. Quando ho visitato Brema l\u2019ultima volta ho preso il n. 6, che mi ha portato dall\u2019aeroporto al centro storico. Ma, come spesso accade, pu\u00f2 essere che il numero del bus sia stato cambiato. Ti consiglio quindi di accertati sul posto. Ad ogni modo prendi quello che porta alla stazione, passa (quasi sempre) dal centro storico. Il costo \u00e8 di circa 3 euro.<\/p>\n<p>Se stai cercando un aereo economico da e verso Brema, visita questa pagina, perch\u00e9 trovi tutti <a href=\"http:\/\/clk.tradedoubler.com\/click?p(224455)a(2529413)g(23485090)url(https:\/\/https:\/\/www.skyscanner.it\/trasporti\/voli\/it\/bre\/)\" target=\"_blank\" rel=\"nofollow noopener\">i migliori voli aerei<\/a> e le migliori occasioni low cost.<\/p>\n<p>La Germania ha un\u2019attenzione particolare alle due ruote e Brema \u00e8 la terza citt\u00e0 ciclabile di Germania. Quindi se hai intenzione di <strong>raggiungere il centro di Brema in bici<\/strong> troverai diversi segnali che ti indicheranno la via. Molti appassionati seguono gli itinerari ciclabili da Berlino e Brema e raggiungono il centro storico in circa 19 ore (percorsi B1 e B71).<\/p>\n<p>Se non sei proprio tipo da bicicletta e vuoi raggiungere Brema da Amburgo, Hannover o da Berlino ti consiglio di <strong>prendere il treno<\/strong>. Amburgo e Hannover sono a circa un\u2019ora di distanza, mentre la capitale \u00e8 a poco pi\u00f9 di tre ore. I prezzi dei treni sono molto ragionevoli.<\/p>\n<p>In treno raggiungi facilmente anche i terminal navali di Bremerhaven, dove, come ti dicevo all\u2019inizio, attraccano le <strong>navi da crociera<\/strong>.<\/p>\n<p>Se vuoi controllare gli orari dei treni o prenotare un biglietto, visita il <a href=\"https:\/\/reiseauskunft.bahn.de\/\/bin\/query2.exe\/in?ld=9644&amp;country=DEU&amp;rt=1&amp;newrequest=yes&amp;&amp;country=ITA\" target=\"_blank\" rel=\"noopener\">sito web ufficiale delle ferrovie<\/a>.<\/p>\n<p>&nbsp;<\/p>\n<p><a title=\"Frohe Weihnachten \/ Merry Christmas\" href=\"https:\/\/www.flickr.com\/photos\/warnr\/23865339071\/in\/photolist-CmU6Ri-229KEhE-21NFgiT-NQFzEe-HNCUbB-BrW5jo-23w3Jop-Jg8ZHp-22ih5rU-EPzFQh-221iRHo-8VH91X-HYL2Cr-BYY6Lm-ibivFu-222AqRb-ibimwg-JsCksc-ibizbL-b1zynF-aUXQkr-dDnvfx-BKd1Cd-PeERjW-26WPcRi-f4HBnm-DGoHbK-7p8ugv-vmPss-22YMfVz-8Yntqn-evPy1-evQcn-7pcjs9-5LZDve-7p8fab-5HK9dj-kj1RvM-8VGeuv-8YntnZ-26WPQoX-8YqvvC-aX7qVP-qyqENq-qMLayS-dwr62r-5NA8Dv-7pcmFJ-4incKm-5ZkCLU\" target=\"_blank\" rel=\"noopener\" data-flickr-embed=\"true\"><img loading=\"lazy\" decoding=\"async\" class=\"alignnone\" title=\"Brema a Natale\" src=\"https:\/\/farm6.staticflickr.com\/5682\/23865339071_c6208351af_b.jpg\" alt=\"Brema a Natale\" width=\"1024\" height=\"422\" \/><\/a><script async src=\"\/\/embedr.flickr.com\/assets\/client-code.js\" charset=\"utf-8\"><\/script><\/p>\n<p>&nbsp;<\/p>\n<h2>Dove dormire a Brema<\/h2>\n<p>Prima di salutarti e di concludere questa guida su cosa vedere a Brema, voglio indicarti quali sono le migliori strutture ricettive dove ho dormito durante i miei soggiorni a Brema.<\/p>\n<p>Brema come qualsiasi altra citt\u00e0 d\u2019arte europea offre una grande variet\u00e0 di alloggi, B&amp;b e hotel. Ci sono molte strutture in citt\u00e0 che sono davvero fatiscenti.<\/p>\n<p>Mi \u00e8 capitato una volta un B&amp;b che dalle foto mi era sembrato ottimo e poi a destinazione mi sono accorto che era un tugurio. Molte strutture sono insidiose, perch\u00e9 come \u00e8 capitato a me ti accorgi della fregatura quando ormai hai pagato e cambiare significa perdere tutti i soldi, oltre che tempo prezioso per trovare un nuovo alloggio.<\/p>\n<p>Nel tempo ho trovato queste tre strutture ricettive e ogni volta che vado a Brema scelgo una di queste tre per andare sul sicuro. Consiglio anche a te di fare lo stesso proprio per evitare spiacevoli sorprese.<\/p>\n<p>Queste tre sono le migliori strutture ricettive di Brema in termini di qualit\u00e0-prezzo:<\/p>\n<ul>\n<li><a href=\"https:\/\/www.booking.com\/hotel\/de\/atlantic-grand-bremen.it.html?aid=850524&amp;no_rooms=1&amp;group_adults=1\" target=\"_blank\" rel=\"nofollow noopener\">Atlantic Grand Hotel Bremen<\/a> &#8211; Un hotel a quattro stelle a soli 200 metri dal centro di Brema.<\/li>\n<li><a href=\"https:\/\/www.booking.com\/hotel\/de\/ambiente-bremen.it.html?aid=850524&amp;no_rooms=1&amp;group_adults=1\" target=\"_blank\" rel=\"nofollow noopener\">Ambiente Apartment<\/a> &#8211; Un appartamento confortevole nei pressi del fiume Weser.<\/li>\n<li><a href=\"https:\/\/www.booking.com\/hotel\/de\/hotelschiff-nedeva-bremen.it.html?aid=850524&amp;no_rooms=1&amp;group_adults=1\" target=\"_blank\" rel=\"nofollow noopener\">Hotelschiff Nedeva Bremen<\/a> &#8211; Un&#8217;imbarcazione degli anni &#8217;30 arredata in stile Art D\u00e9co, situata sul fiume del Weser.<\/li>\n<\/ul>\n","protected":false},"excerpt":{"rendered":"<p>Visitare Brema \u00e8 un\u2019esperienza molto suggestiva. Una citt\u00e0 della Germania dalla tradizione storica forte, che non a caso conserva nel suo centro storico uno dei monumenti pi\u00f9 belli d\u2019Europa. Sicuramente tu la conoscerai soprattutto per la storia dei Musicanti di Brema dei Fratelli Grimm. In questo articolo ti racconter\u00f2 cosa vedere a Brema e come &#8230; <a title=\"Cosa vedere a Brema in un giorno: tutto sulla citt\u00e0 dei musicanti\" class=\"read-more\" href=\"https:\/\/www.viaggiculturalieuropa.it\/blog\/cosa-vedere-a-brema-in-un-giorno\/\">Leggi tutto<span class=\"screen-reader-text\">Cosa vedere a Brema in un giorno: tutto sulla citt\u00e0 dei musicanti<\/span><\/a><\/p>\n","protected":false},"author":2,"featured_media":0,"comment_status":"open","ping_status":"open","sticky":false,"template":"","format":"standard","meta":{"telegram_tosend":false,"telegram_tosend_message":"","telegram_tosend_target":0,"_exactmetrics_skip_tracking":false,"_exactmetrics_sitenote_active":false,"_exactmetrics_sitenote_note":"","_exactmetrics_sitenote_category":0,"_bos_mb_destination":["Bremen"],"footnotes":""},"categories":[17],"tags":[],"class_list":["post-2295","post","type-post","status-publish","format-standard","hentry","category-germania"],"yoast_head":"<!-- This site is optimized with the Yoast SEO plugin v27.4 - https:\/\/yoast.com\/product\/yoast-seo-wordpress\/ -->\n<title>Cosa vedere a Brema in un giorno: tutto sulla citt\u00e0 dei musicanti<\/title>\n<meta name=\"description\" content=\"In questo articolo ti racconter\u00f2 cosa vedere a Brema e come raggiungerla dal porto di Bremerhaven o dal vicinissimo aeroporto internazionale.\" \/>\n<meta name=\"robots\" content=\"index, follow, max-snippet:-1, max-image-preview:large, max-video-preview:-1\" \/>\n<link rel=\"canonical\" href=\"https:\/\/www.viaggiculturalieuropa.it\/blog\/cosa-vedere-a-brema-in-un-giorno\/\" \/>\n<meta property=\"og:locale\" content=\"it_IT\" \/>\n<meta property=\"og:type\" content=\"article\" \/>\n<meta property=\"og:title\" content=\"Cosa vedere a Brema in un giorno: tutto sulla citt\u00e0 dei musicanti\" \/>\n<meta property=\"og:description\" content=\"In questo articolo ti racconter\u00f2 cosa vedere a Brema e come raggiungerla dal porto di Bremerhaven o dal vicinissimo aeroporto internazionale.\" \/>\n<meta property=\"og:url\" content=\"https:\/\/www.viaggiculturalieuropa.it\/blog\/cosa-vedere-a-brema-in-un-giorno\/\" \/>\n<meta property=\"og:site_name\" content=\"Viaggi Culturali Europa\" \/>\n<meta property=\"article:published_time\" content=\"2018-09-14T14:05:45+00:00\" \/>\n<meta property=\"article:modified_time\" content=\"2018-10-16T21:18:27+00:00\" \/>\n<meta property=\"og:image\" content=\"https:\/\/farm3.staticflickr.com\/2809\/33474016873_cd242dcb86_b.jpg\" \/>\n<meta name=\"author\" content=\"Alessandro Paoli\" \/>\n<meta name=\"twitter:card\" content=\"summary_large_image\" \/>\n<meta name=\"twitter:label1\" content=\"Scritto da\" \/>\n\t<meta name=\"twitter:data1\" content=\"Alessandro Paoli\" \/>\n\t<meta name=\"twitter:label2\" content=\"Tempo di lettura stimato\" \/>\n\t<meta name=\"twitter:data2\" content=\"10 minuti\" \/>\n<script type=\"application\/ld+json\" class=\"yoast-schema-graph\">{\"@context\":\"https:\\\/\\\/schema.org\",\"@graph\":[{\"@type\":\"Article\",\"@id\":\"https:\\\/\\\/www.viaggiculturalieuropa.it\\\/blog\\\/cosa-vedere-a-brema-in-un-giorno\\\/#article\",\"isPartOf\":{\"@id\":\"https:\\\/\\\/www.viaggiculturalieuropa.it\\\/blog\\\/cosa-vedere-a-brema-in-un-giorno\\\/\"},\"author\":{\"name\":\"Alessandro Paoli\",\"@id\":\"https:\\\/\\\/www.viaggiculturalieuropa.it\\\/blog\\\/#\\\/schema\\\/person\\\/c308935b9c5ce1c1f251a716046a5e77\"},\"headline\":\"Cosa vedere a Brema in un giorno: tutto sulla citt\u00e0 dei musicanti\",\"datePublished\":\"2018-09-14T14:05:45+00:00\",\"dateModified\":\"2018-10-16T21:18:27+00:00\",\"mainEntityOfPage\":{\"@id\":\"https:\\\/\\\/www.viaggiculturalieuropa.it\\\/blog\\\/cosa-vedere-a-brema-in-un-giorno\\\/\"},\"wordCount\":1923,\"commentCount\":0,\"publisher\":{\"@id\":\"https:\\\/\\\/www.viaggiculturalieuropa.it\\\/blog\\\/#organization\"},\"image\":{\"@id\":\"https:\\\/\\\/www.viaggiculturalieuropa.it\\\/blog\\\/cosa-vedere-a-brema-in-un-giorno\\\/#primaryimage\"},\"thumbnailUrl\":\"https:\\\/\\\/farm3.staticflickr.com\\\/2809\\\/33474016873_cd242dcb86_b.jpg\",\"articleSection\":[\"Germania\"],\"inLanguage\":\"it-IT\",\"potentialAction\":[{\"@type\":\"CommentAction\",\"name\":\"Comment\",\"target\":[\"https:\\\/\\\/www.viaggiculturalieuropa.it\\\/blog\\\/cosa-vedere-a-brema-in-un-giorno\\\/#respond\"]}]},{\"@type\":\"WebPage\",\"@id\":\"https:\\\/\\\/www.viaggiculturalieuropa.it\\\/blog\\\/cosa-vedere-a-brema-in-un-giorno\\\/\",\"url\":\"https:\\\/\\\/www.viaggiculturalieuropa.it\\\/blog\\\/cosa-vedere-a-brema-in-un-giorno\\\/\",\"name\":\"Cosa vedere a Brema in un giorno: tutto sulla citt\u00e0 dei musicanti\",\"isPartOf\":{\"@id\":\"https:\\\/\\\/www.viaggiculturalieuropa.it\\\/blog\\\/#website\"},\"primaryImageOfPage\":{\"@id\":\"https:\\\/\\\/www.viaggiculturalieuropa.it\\\/blog\\\/cosa-vedere-a-brema-in-un-giorno\\\/#primaryimage\"},\"image\":{\"@id\":\"https:\\\/\\\/www.viaggiculturalieuropa.it\\\/blog\\\/cosa-vedere-a-brema-in-un-giorno\\\/#primaryimage\"},\"thumbnailUrl\":\"https:\\\/\\\/farm3.staticflickr.com\\\/2809\\\/33474016873_cd242dcb86_b.jpg\",\"datePublished\":\"2018-09-14T14:05:45+00:00\",\"dateModified\":\"2018-10-16T21:18:27+00:00\",\"description\":\"In questo articolo ti racconter\u00f2 cosa vedere a Brema e come raggiungerla dal porto di Bremerhaven o dal vicinissimo aeroporto internazionale.\",\"breadcrumb\":{\"@id\":\"https:\\\/\\\/www.viaggiculturalieuropa.it\\\/blog\\\/cosa-vedere-a-brema-in-un-giorno\\\/#breadcrumb\"},\"inLanguage\":\"it-IT\",\"potentialAction\":[{\"@type\":\"ReadAction\",\"target\":[\"https:\\\/\\\/www.viaggiculturalieuropa.it\\\/blog\\\/cosa-vedere-a-brema-in-un-giorno\\\/\"]}]},{\"@type\":\"ImageObject\",\"inLanguage\":\"it-IT\",\"@id\":\"https:\\\/\\\/www.viaggiculturalieuropa.it\\\/blog\\\/cosa-vedere-a-brema-in-un-giorno\\\/#primaryimage\",\"url\":\"https:\\\/\\\/farm3.staticflickr.com\\\/2809\\\/33474016873_cd242dcb86_b.jpg\",\"contentUrl\":\"https:\\\/\\\/farm3.staticflickr.com\\\/2809\\\/33474016873_cd242dcb86_b.jpg\"},{\"@type\":\"BreadcrumbList\",\"@id\":\"https:\\\/\\\/www.viaggiculturalieuropa.it\\\/blog\\\/cosa-vedere-a-brema-in-un-giorno\\\/#breadcrumb\",\"itemListElement\":[{\"@type\":\"ListItem\",\"position\":1,\"name\":\"Home\",\"item\":\"https:\\\/\\\/www.viaggiculturalieuropa.it\\\/blog\\\/\"},{\"@type\":\"ListItem\",\"position\":2,\"name\":\"Cosa vedere a Brema in un giorno: tutto sulla citt\u00e0 dei musicanti\"}]},{\"@type\":\"WebSite\",\"@id\":\"https:\\\/\\\/www.viaggiculturalieuropa.it\\\/blog\\\/#website\",\"url\":\"https:\\\/\\\/www.viaggiculturalieuropa.it\\\/blog\\\/\",\"name\":\"Viaggi Culturali Europa\",\"description\":\"Scovo i luoghi culturali che hanno creato nel tempo le identit\u00e0 europee e li porto a conoscenza di chi ama viaggiare.\",\"publisher\":{\"@id\":\"https:\\\/\\\/www.viaggiculturalieuropa.it\\\/blog\\\/#organization\"},\"potentialAction\":[{\"@type\":\"SearchAction\",\"target\":{\"@type\":\"EntryPoint\",\"urlTemplate\":\"https:\\\/\\\/www.viaggiculturalieuropa.it\\\/blog\\\/?s={search_term_string}\"},\"query-input\":{\"@type\":\"PropertyValueSpecification\",\"valueRequired\":true,\"valueName\":\"search_term_string\"}}],\"inLanguage\":\"it-IT\"},{\"@type\":\"Organization\",\"@id\":\"https:\\\/\\\/www.viaggiculturalieuropa.it\\\/blog\\\/#organization\",\"name\":\"Viaggi Culturali Europa\",\"url\":\"https:\\\/\\\/www.viaggiculturalieuropa.it\\\/blog\\\/\",\"logo\":{\"@type\":\"ImageObject\",\"inLanguage\":\"it-IT\",\"@id\":\"https:\\\/\\\/www.viaggiculturalieuropa.it\\\/blog\\\/#\\\/schema\\\/logo\\\/image\\\/\",\"url\":\"https:\\\/\\\/www.viaggiculturalieuropa.it\\\/blog\\\/wp-content\\\/uploads\\\/2015\\\/08\\\/viaggi_culturali_europa.png\",\"contentUrl\":\"https:\\\/\\\/www.viaggiculturalieuropa.it\\\/blog\\\/wp-content\\\/uploads\\\/2015\\\/08\\\/viaggi_culturali_europa.png\",\"width\":300,\"height\":44,\"caption\":\"Viaggi Culturali Europa\"},\"image\":{\"@id\":\"https:\\\/\\\/www.viaggiculturalieuropa.it\\\/blog\\\/#\\\/schema\\\/logo\\\/image\\\/\"}},{\"@type\":\"Person\",\"@id\":\"https:\\\/\\\/www.viaggiculturalieuropa.it\\\/blog\\\/#\\\/schema\\\/person\\\/c308935b9c5ce1c1f251a716046a5e77\",\"name\":\"Alessandro Paoli\",\"image\":{\"@type\":\"ImageObject\",\"inLanguage\":\"it-IT\",\"@id\":\"https:\\\/\\\/secure.gravatar.com\\\/avatar\\\/a06e1e35af134cbabb249dd93e2e616241fa2788c42ccdd07d6cfa1217a89052?s=96&d=blank&r=g\",\"url\":\"https:\\\/\\\/secure.gravatar.com\\\/avatar\\\/a06e1e35af134cbabb249dd93e2e616241fa2788c42ccdd07d6cfa1217a89052?s=96&d=blank&r=g\",\"contentUrl\":\"https:\\\/\\\/secure.gravatar.com\\\/avatar\\\/a06e1e35af134cbabb249dd93e2e616241fa2788c42ccdd07d6cfa1217a89052?s=96&d=blank&r=g\",\"caption\":\"Alessandro Paoli\"},\"sameAs\":[\"http:\\\/\\\/www.viaggiculturalieuropa.it\"],\"url\":\"https:\\\/\\\/www.viaggiculturalieuropa.it\\\/blog\\\/author\\\/alessandro\\\/\"}]}<\/script>\n<!-- \/ Yoast SEO plugin. -->","yoast_head_json":{"title":"Cosa vedere a Brema in un giorno: tutto sulla citt\u00e0 dei musicanti","description":"In questo articolo ti racconter\u00f2 cosa vedere a Brema e come raggiungerla dal porto di Bremerhaven o dal vicinissimo aeroporto internazionale.","robots":{"index":"index","follow":"follow","max-snippet":"max-snippet:-1","max-image-preview":"max-image-preview:large","max-video-preview":"max-video-preview:-1"},"canonical":"https:\/\/www.viaggiculturalieuropa.it\/blog\/cosa-vedere-a-brema-in-un-giorno\/","og_locale":"it_IT","og_type":"article","og_title":"Cosa vedere a Brema in un giorno: tutto sulla citt\u00e0 dei musicanti","og_description":"In questo articolo ti racconter\u00f2 cosa vedere a Brema e come raggiungerla dal porto di Bremerhaven o dal vicinissimo aeroporto internazionale.","og_url":"https:\/\/www.viaggiculturalieuropa.it\/blog\/cosa-vedere-a-brema-in-un-giorno\/","og_site_name":"Viaggi Culturali Europa","article_published_time":"2018-09-14T14:05:45+00:00","article_modified_time":"2018-10-16T21:18:27+00:00","og_image":[{"url":"https:\/\/farm3.staticflickr.com\/2809\/33474016873_cd242dcb86_b.jpg","type":"","width":"","height":""}],"author":"Alessandro Paoli","twitter_card":"summary_large_image","twitter_misc":{"Scritto da":"Alessandro Paoli","Tempo di lettura stimato":"10 minuti"},"schema":{"@context":"https:\/\/schema.org","@graph":[{"@type":"Article","@id":"https:\/\/www.viaggiculturalieuropa.it\/blog\/cosa-vedere-a-brema-in-un-giorno\/#article","isPartOf":{"@id":"https:\/\/www.viaggiculturalieuropa.it\/blog\/cosa-vedere-a-brema-in-un-giorno\/"},"author":{"name":"Alessandro Paoli","@id":"https:\/\/www.viaggiculturalieuropa.it\/blog\/#\/schema\/person\/c308935b9c5ce1c1f251a716046a5e77"},"headline":"Cosa vedere a Brema in un giorno: tutto sulla citt\u00e0 dei musicanti","datePublished":"2018-09-14T14:05:45+00:00","dateModified":"2018-10-16T21:18:27+00:00","mainEntityOfPage":{"@id":"https:\/\/www.viaggiculturalieuropa.it\/blog\/cosa-vedere-a-brema-in-un-giorno\/"},"wordCount":1923,"commentCount":0,"publisher":{"@id":"https:\/\/www.viaggiculturalieuropa.it\/blog\/#organization"},"image":{"@id":"https:\/\/www.viaggiculturalieuropa.it\/blog\/cosa-vedere-a-brema-in-un-giorno\/#primaryimage"},"thumbnailUrl":"https:\/\/farm3.staticflickr.com\/2809\/33474016873_cd242dcb86_b.jpg","articleSection":["Germania"],"inLanguage":"it-IT","potentialAction":[{"@type":"CommentAction","name":"Comment","target":["https:\/\/www.viaggiculturalieuropa.it\/blog\/cosa-vedere-a-brema-in-un-giorno\/#respond"]}]},{"@type":"WebPage","@id":"https:\/\/www.viaggiculturalieuropa.it\/blog\/cosa-vedere-a-brema-in-un-giorno\/","url":"https:\/\/www.viaggiculturalieuropa.it\/blog\/cosa-vedere-a-brema-in-un-giorno\/","name":"Cosa vedere a Brema in un giorno: tutto sulla citt\u00e0 dei musicanti","isPartOf":{"@id":"https:\/\/www.viaggiculturalieuropa.it\/blog\/#website"},"primaryImageOfPage":{"@id":"https:\/\/www.viaggiculturalieuropa.it\/blog\/cosa-vedere-a-brema-in-un-giorno\/#primaryimage"},"image":{"@id":"https:\/\/www.viaggiculturalieuropa.it\/blog\/cosa-vedere-a-brema-in-un-giorno\/#primaryimage"},"thumbnailUrl":"https:\/\/farm3.staticflickr.com\/2809\/33474016873_cd242dcb86_b.jpg","datePublished":"2018-09-14T14:05:45+00:00","dateModified":"2018-10-16T21:18:27+00:00","description":"In questo articolo ti racconter\u00f2 cosa vedere a Brema e come raggiungerla dal porto di Bremerhaven o dal vicinissimo aeroporto internazionale.","breadcrumb":{"@id":"https:\/\/www.viaggiculturalieuropa.it\/blog\/cosa-vedere-a-brema-in-un-giorno\/#breadcrumb"},"inLanguage":"it-IT","potentialAction":[{"@type":"ReadAction","target":["https:\/\/www.viaggiculturalieuropa.it\/blog\/cosa-vedere-a-brema-in-un-giorno\/"]}]},{"@type":"ImageObject","inLanguage":"it-IT","@id":"https:\/\/www.viaggiculturalieuropa.it\/blog\/cosa-vedere-a-brema-in-un-giorno\/#primaryimage","url":"https:\/\/farm3.staticflickr.com\/2809\/33474016873_cd242dcb86_b.jpg","contentUrl":"https:\/\/farm3.staticflickr.com\/2809\/33474016873_cd242dcb86_b.jpg"},{"@type":"BreadcrumbList","@id":"https:\/\/www.viaggiculturalieuropa.it\/blog\/cosa-vedere-a-brema-in-un-giorno\/#breadcrumb","itemListElement":[{"@type":"ListItem","position":1,"name":"Home","item":"https:\/\/www.viaggiculturalieuropa.it\/blog\/"},{"@type":"ListItem","position":2,"name":"Cosa vedere a Brema in un giorno: tutto sulla citt\u00e0 dei musicanti"}]},{"@type":"WebSite","@id":"https:\/\/www.viaggiculturalieuropa.it\/blog\/#website","url":"https:\/\/www.viaggiculturalieuropa.it\/blog\/","name":"Viaggi Culturali Europa","description":"Scovo i luoghi culturali che hanno creato nel tempo le identit\u00e0 europee e li porto a conoscenza di chi ama viaggiare.","publisher":{"@id":"https:\/\/www.viaggiculturalieuropa.it\/blog\/#organization"},"potentialAction":[{"@type":"SearchAction","target":{"@type":"EntryPoint","urlTemplate":"https:\/\/www.viaggiculturalieuropa.it\/blog\/?s={search_term_string}"},"query-input":{"@type":"PropertyValueSpecification","valueRequired":true,"valueName":"search_term_string"}}],"inLanguage":"it-IT"},{"@type":"Organization","@id":"https:\/\/www.viaggiculturalieuropa.it\/blog\/#organization","name":"Viaggi Culturali Europa","url":"https:\/\/www.viaggiculturalieuropa.it\/blog\/","logo":{"@type":"ImageObject","inLanguage":"it-IT","@id":"https:\/\/www.viaggiculturalieuropa.it\/blog\/#\/schema\/logo\/image\/","url":"https:\/\/www.viaggiculturalieuropa.it\/blog\/wp-content\/uploads\/2015\/08\/viaggi_culturali_europa.png","contentUrl":"https:\/\/www.viaggiculturalieuropa.it\/blog\/wp-content\/uploads\/2015\/08\/viaggi_culturali_europa.png","width":300,"height":44,"caption":"Viaggi Culturali Europa"},"image":{"@id":"https:\/\/www.viaggiculturalieuropa.it\/blog\/#\/schema\/logo\/image\/"}},{"@type":"Person","@id":"https:\/\/www.viaggiculturalieuropa.it\/blog\/#\/schema\/person\/c308935b9c5ce1c1f251a716046a5e77","name":"Alessandro Paoli","image":{"@type":"ImageObject","inLanguage":"it-IT","@id":"https:\/\/secure.gravatar.com\/avatar\/a06e1e35af134cbabb249dd93e2e616241fa2788c42ccdd07d6cfa1217a89052?s=96&d=blank&r=g","url":"https:\/\/secure.gravatar.com\/avatar\/a06e1e35af134cbabb249dd93e2e616241fa2788c42ccdd07d6cfa1217a89052?s=96&d=blank&r=g","contentUrl":"https:\/\/secure.gravatar.com\/avatar\/a06e1e35af134cbabb249dd93e2e616241fa2788c42ccdd07d6cfa1217a89052?s=96&d=blank&r=g","caption":"Alessandro Paoli"},"sameAs":["http:\/\/www.viaggiculturalieuropa.it"],"url":"https:\/\/www.viaggiculturalieuropa.it\/blog\/author\/alessandro\/"}]}},"_links":{"self":[{"href":"https:\/\/www.viaggiculturalieuropa.it\/blog\/wp-json\/wp\/v2\/posts\/2295","targetHints":{"allow":["GET"]}}],"collection":[{"href":"https:\/\/www.viaggiculturalieuropa.it\/blog\/wp-json\/wp\/v2\/posts"}],"about":[{"href":"https:\/\/www.viaggiculturalieuropa.it\/blog\/wp-json\/wp\/v2\/types\/post"}],"author":[{"embeddable":true,"href":"https:\/\/www.viaggiculturalieuropa.it\/blog\/wp-json\/wp\/v2\/users\/2"}],"replies":[{"embeddable":true,"href":"https:\/\/www.viaggiculturalieuropa.it\/blog\/wp-json\/wp\/v2\/comments?post=2295"}],"version-history":[{"count":0,"href":"https:\/\/www.viaggiculturalieuropa.it\/blog\/wp-json\/wp\/v2\/posts\/2295\/revisions"}],"wp:attachment":[{"href":"https:\/\/www.viaggiculturalieuropa.it\/blog\/wp-json\/wp\/v2\/media?parent=2295"}],"wp:term":[{"taxonomy":"category","embeddable":true,"href":"https:\/\/www.viaggiculturalieuropa.it\/blog\/wp-json\/wp\/v2\/categories?post=2295"},{"taxonomy":"post_tag","embeddable":true,"href":"https:\/\/www.viaggiculturalieuropa.it\/blog\/wp-json\/wp\/v2\/tags?post=2295"}],"curies":[{"name":"wp","href":"https:\/\/api.w.org\/{rel}","templated":true}]}}