{"id":2326,"date":"2018-10-25T22:02:48","date_gmt":"2018-10-25T20:02:48","guid":{"rendered":"https:\/\/www.viaggiculturalieuropa.it\/blog\/?p=2326"},"modified":"2018-11-16T10:23:47","modified_gmt":"2018-11-16T09:23:47","slug":"cosa-vedere-a-dresda","status":"publish","type":"post","link":"https:\/\/www.viaggiculturalieuropa.it\/blog\/cosa-vedere-a-dresda\/","title":{"rendered":"Cosa vedere a Dresda e dintorni in due giorni: tour della capitale della Sassonia"},"content":{"rendered":"<p>Dresda \u00e8 una delle citt\u00e0 barocche pi\u00f9 belle d&#8217;Europa, situata a meno di cinquanta chilometri dal confine con la Repubblica Ceca, e interamente attraversata dal fiume Elba. Circa 115 chilometri la distanziano da Lipsia e 187 chilometri da Berlino. <strong>Leggi questa guida e avrai una panoramica completa su cosa vedere a Dresda e dintorni in due giorni<\/strong>.<\/p>\n<p>&nbsp;<\/p>\n<p><a title=\"Dresden Skyline II\" href=\"https:\/\/www.flickr.com\/photos\/kjarvinen\/28110750610\/\" target=\"_blank\" rel=\"noopener\" data-flickr-embed=\"true\"><img loading=\"lazy\" decoding=\"async\" class=\"alignnone\" title=\"Cosa vedere a Dresda\" src=\"https:\/\/farm8.staticflickr.com\/7540\/28110750610_0c95534a27_b.jpg\" alt=\"Cosa vedere a Dresda\" width=\"1024\" height=\"568\" \/><\/a><script async src=\"\/\/embedr.flickr.com\/assets\/client-code.js\" charset=\"utf-8\"><\/script><\/p>\n<p><!--more--><\/p>\n<p>La citt\u00e0 \u00e8 stata sede dei sovrani di Sassonia, che l&#8217;hanno arricchita di chiese e splendidi palazzi, in particolare lungo il fiume. Hanno inoltre lasciato in eredit\u00e0 a Dresda una vasta collezione di opere d&#8217;arte e antichit\u00e0, come abiti reali splendidamente conservati.<\/p>\n<p>Dresda, nei secoli, ha subito diverse distruzioni. Ma \u00e8 stata la storia contemporanea la meno favorevole per la citt\u00e0.<\/p>\n<p>Durante la Seconda Guerra Mondiale, Dresda sub\u00ec numerosi bombardamenti, che distrussero intere aree del suo centro storico, e nel periodo postbellico, per ben 45 anni, la citt\u00e0 \u00e8 stata lasciata in uno stato di abbandono dal regime sovietico.<\/p>\n<p>Se visiti oggi Dresda, ti viene difficile credere a ci\u00f2 che la citt\u00e0 ha subito solo pochi decenni fa.<\/p>\n<p>Certo, Dresda porta ancora qualche cicatrice dal trauma del tardo XX secolo, ma oggi \u00e8 risorta dalle sue ceneri: i palazzi scintillano, i giardini sbocciano e la cupola della <strong>Frauenkirche<\/strong>, splendidamente restaurata, si staglia di nuovo sopra l&#8217;orizzonte.<\/p>\n<p>&nbsp;<\/p>\n<h2>Cosa vedere a Dresda in due giorni<\/h2>\n<p>Ci sono, quindi, molte cose da vedere a Dresda: musei, palazzi e altri luoghi di interesse culturale ti permetteranno di trascorrere una giornata intensa.<\/p>\n<p>\u00c8 difficile stabilire quanti giorni dedicare a Dresda, soprattutto se intendi visitare per bene la citt\u00e0 e i suoi musei. Tuttavia, se vuoi fare le cose per bene, ti consiglio di dedicarci almeno due giorni.<\/p>\n<p>Ritagliati anche un po&#8217; di tempo per passeggiare lungo la Br\u00fchlsche Terrasse, ammirare il fiume da uno dei suoi ponti e annusare le rose nei suoi giardini.<\/p>\n<p>Se stai anche cercando un ottimo posto in cui pernottare per visitare al meglio la citt\u00e0, dai un\u2019occhiata a <a href=\"https:\/\/www.booking.com\/searchresults.it.html?city=-1761619&amp;nflt=review_score%253D90%253Bhoteltag%253D5%253Bhoteltag%253D7%253Bhoteltag%253D15&amp;aid=850524&amp;no_rooms=1&amp;group_adults=1\" target=\"_blank\" rel=\"nofollow noopener\">questa lista di strutture ricettive<\/a> raccomandate. Ti anticipo anche che in fondo a questa guida trovi i tre posti in cui dormire a Dresda che ritengo siano i pi\u00f9 comodi per visitare la citt\u00e0.<\/p>\n<p>Vediamo adesso in dettaglio cosa visitare a Dresda.<\/p>\n<p>&nbsp;<\/p>\n<p><iframe loading=\"lazy\" src=\"https:\/\/www.google.com\/maps\/d\/embed?mid=1ZbjMZeCpjFDpa8rTrZVIedgRD_M33K-G\" width=\"100%\" height=\"550\"><\/iframe><br \/>\n<span style=\"font-size: 12px; text-align: center;\">Mappa di Dresda<\/span><\/p>\n<p>&nbsp;<\/p>\n<h3>Dresden Frauenkirche (Chiesa di Nostra Signora)<\/h3>\n<p><a title=\"Frauenkirche\" href=\"https:\/\/www.flickr.com\/photos\/jeanmdd\/16743754185\/\" target=\"_blank\" rel=\"noopener\" data-flickr-embed=\"true\"><img loading=\"lazy\" decoding=\"async\" class=\"alignnone\" title=\"Frauenkirche\" src=\"https:\/\/farm8.staticflickr.com\/7591\/16743754185_c2b367a31b_b.jpg\" alt=\"Frauenkirche\" width=\"1024\" height=\"894\" \/><\/a><script async src=\"\/\/embedr.flickr.com\/assets\/client-code.js\" charset=\"utf-8\"><\/script><\/p>\n<p>&nbsp;<\/p>\n<p>La Frauenkirche di Dresda \u00e8 uno dei pi\u00f9 importanti progetti di ricostruzione mai realizzati in <a href=\"https:\/\/www.viaggiculturalieuropa.it\/blog\/category\/germania\/\" target=\"_blank\" rel=\"noopener\">Germania<\/a>, se non nel mondo.<\/p>\n<p>L\u2019edificio barocco venne completato nel 1743, ed era considerato una delle chiese pi\u00f9 belle d&#8217;Europa.<\/p>\n<p>Purtroppo, l\u2019edificio fu ridotto in rovina a causa dei bombardamenti subiti dalle forze alleate nel 1945, e i resti del vecchio edificio furono catalogati e conservati. Infatti, quasi 4000 pietre originali vennero incluse nell\u2019opera di ricostruzione.<\/p>\n<p>La riunificazione della Germania nel 1990 fu cruciale ai fini della ricostruzione di questa chiesa, che avvenne in tempi piuttosto rapidi. La Frauenkirche venne consacrata il 30 ottobre 2005, e resa visibile a tutti nel 2006.<\/p>\n<p>La Gran Bretagna ha donato alla citt\u00e0 di Dresda, in occasione della ricostruzione della chiesa, una croce d\u2019oro come simbolo di buona volont\u00e0 internazionale, dato che i suoi bombardamenti furono i principali responsabili della distruzione della struttura. Questa croce \u00e8 stata posta in cima alla Frauenkirche.<\/p>\n<p>La chiesa si presenta al suo interno vasti e spettacolari ambienti.<\/p>\n<p>L&#8217;altare maggiore, anch\u2019esso restaurato, \u00e8 una fantasia di fioriture barocche decorate in oro, e il susseguirsi di logge e gallerie crea un ritmo spettacolare.<\/p>\n<p>Un ascensore permette di raggiungere la cupola, dalla quale \u00e8 possibile ammirare dall\u2019alto la citt\u00e0.<\/p>\n<p>Si pu\u00f2 partecipare alle pratiche di culto (una volta al mese in inglese) e ascoltare uno degli oltre 100 concerti eseguiti ogni anno al suo interno.<\/p>\n<p>\u00c8 presente anche una mostra che descrive il progetto di ricostruzione, finanziato con contributi provenienti da tutto il mondo.<\/p>\n<p>Sono disponibili visite guidate. Visita il sito web ufficiale per sapere di pi\u00f9.<\/p>\n<p>&nbsp;<\/p>\n<h3>Residenzschloss (Palazzo Reale di Dresda) e Staatliche Kunstsammlungen (Collezione d\u2019Arte Statale di Dresda)<\/h3>\n<p><a title=\"Dresden\" href=\"https:\/\/www.flickr.com\/photos\/26907150@N08\/10249588685\/\" target=\"_blank\" rel=\"noopener\" data-flickr-embed=\"true\"><img loading=\"lazy\" decoding=\"async\" class=\"alignnone\" title=\"Residenzschloss e Staatliche Kunstsammlungen\" src=\"https:\/\/farm3.staticflickr.com\/2883\/10249588685_e5eac00019_b.jpg\" alt=\"Residenzschloss e Staatliche Kunstsammlungen\" width=\"1024\" height=\"640\" \/><\/a><script async src=\"\/\/embedr.flickr.com\/assets\/client-code.js\" charset=\"utf-8\"><\/script><\/p>\n<p>&nbsp;<\/p>\n<p>Se ti stai chiedendo cosa vedere a Dresda in poco tempo, focalizza il tuo itinerario sulla Frauenkirche e sul <strong>Palazzo Reale di Dresda<\/strong> (o Castello di Dresda), che conserva la <strong>Collezione di Arte Statale<\/strong>. Questi due edifici sono probabilmente i pi\u00f9 importanti della citt\u00e0.<\/p>\n<p>Il <em>Residenzschloss<\/em> \u00e8 uno dei musei pi\u00f9 ricchi e pi\u00f9 antichi d&#8217;Europa. Nella Collezione d\u2019Arte Statale sono esposte opere d\u2019arte di valore inestimabile, pregiati abiti di corte, attrezzi da giardino personali di Augusto II il Forte e molti altri oggetti di importante valore.<\/p>\n<p>La <em>Gr\u00fcnes Gew\u00f6lbe<\/em> (<strong>Volta Verde<\/strong>), un museo che contiene la pi\u00f9 grande collezione di gioielli in Europa, in gran parte distrutta con il resto del palazzo durante la Seconda Guerra Mondiale, \u00e8 stata ricostruita per ospitare parti della collezione nelle loro impostazioni originali.<\/p>\n<p>Questa straordinaria collezione comprende capolavori di oro, argento e avorio dal XIV al XVIII secolo, tutti rimossi dal museo e messi in salvo all&#8217;inizio della guerra.<\/p>\n<p>Dal 1485 il castello fu la dimora dei re di Sassonia. Augusto II decise che le collezioni reali dovevano essere aperte al pubblico, e nel 1723 inizi\u00f2 a trasformare le camere private del tesoro in un museo pubblico.<\/p>\n<p>Oltre ai tesori della Volta Verde, la <em>T\u00fcrckische Cammer<\/em> (<strong>Camera Turca<\/strong>), fondata nel 1614, ospita una delle pi\u00f9 grandi collezioni al mondo di manufatti dell\u2019Impero Ottomano.<\/p>\n<p>Altre importanti collezioni sono conservate nel <strong>Gabinetto Numismatico<\/strong>, dove \u00e8 possibile ammirare un patrimonio di 300.000 oggetti, tra i quali 30.000 monete e medaglie sassoni; la <strong>Sala d\u2019Armi<\/strong> ricca di armi e costumi ornamentali preziosi; e il <strong>Gabinetto delle Incisioni<\/strong>, contenente opere d&#8217;arte grafica, disegni, acquerelli e pastelli di artisti europei dal XV secolo in poi.<\/p>\n<p>&nbsp;<\/p>\n<h3>Zwinger<\/h3>\n<p><a title=\"Dresden Zwinger\" href=\"https:\/\/www.flickr.com\/photos\/23647600@N06\/15605399689\/\" target=\"_blank\" rel=\"noopener\" data-flickr-embed=\"true\"><img loading=\"lazy\" decoding=\"async\" class=\"alignnone\" title=\"Zwinger\" src=\"https:\/\/farm6.staticflickr.com\/5606\/15605399689_c5f99d62a1_b.jpg\" alt=\"Zwinger\" width=\"1024\" height=\"678\" \/><\/a><script async src=\"\/\/embedr.flickr.com\/assets\/client-code.js\" charset=\"utf-8\"><\/script><\/p>\n<p>&nbsp;<\/p>\n<p>Lo <strong>Zwinger<\/strong> \u00e8 un magnifico palazzo dei primi anni del XVIII secolo, tra i migliori esempi di architettura barocca in Germania, situato nel centro della citt\u00e0, accanto al fiume Elba.<\/p>\n<p>Se decidi di visitare Dresda, vale la pena che raggiungi lo Zwinger anche solo per poterne apprezzare l&#8217;architettura.<\/p>\n<p>Il complesso barocco, ricco di padiglioni, gallerie e cortili ospita musei di prima classe e molte collezioni d&#8217;arte statale, come le porcellane di Dresda, gli strumenti scientifici nel <strong>Gabinetto Reale degli Strumenti di Matematica e Fisica<\/strong> e importanti opere d\u2019arte di antichi maestri italiani del Rinascimento e del Barocco, conservati nella <strong>Galleria degli Antichi Maestri<\/strong> (<em>Gem\u00e4ldegalerie Alte Meister<\/em>). Tra queste opere c\u2019\u00e8 la famosa Madonna Sistina di Raffaello.<\/p>\n<p>La collezione di dipinti olandesi e fiamminghi comprende opere di Rembrandt, Rubens, Van Dyck e Vermeer.<\/p>\n<p>&nbsp;<\/p>\n<h3>Castello e giardini di Pillnitz<\/h3>\n<p><a title=\"Dresden\/Pillnitz\" href=\"https:\/\/www.flickr.com\/photos\/vorontsova\/5771504248\/\" target=\"_blank\" rel=\"noopener\" data-flickr-embed=\"true\"><img loading=\"lazy\" decoding=\"async\" class=\"alignnone\" title=\"Pillnitz\" src=\"https:\/\/farm3.staticflickr.com\/2152\/5771504248_d46980b61c_b.jpg\" alt=\"Pillnitz\" width=\"1024\" height=\"632\" \/><\/a><script async src=\"\/\/embedr.flickr.com\/assets\/client-code.js\" charset=\"utf-8\"><\/script><\/p>\n<p>&nbsp;<\/p>\n<p>In questa guida turistica di Dresda non poteva mancare nemmeno il <strong>Palazzo Pillnitz<\/strong> e i suoi meravigliosi giardini, situati a pochi chilometri dal fiume Elba.<\/p>\n<p>Questo complesso di tre palazzi (<em>Wasserpalais<\/em>, <em>Bergpalais<\/em> e <em>Neues Palais<\/em>, un edificio neoclassico risalente al 1820) \u00e8 stato la residenza estiva degli Elettori e dei Sovrani di Sassonia.<\/p>\n<p>Gli stili Barocco e <em>Chinoiserie<\/em>, di moda nel XVIII secolo, si fondono in un connubio perfetto nei due edifici pi\u00f9 antichi: Wasserpalais e Bergpalais, i quali, oggi, ospitano collezioni statali di ceramica, mobili e tessuti risalenti al XIII secolo.<\/p>\n<p>Il Neues Palais ospita la cucina reale, una cappella cattolica e lo <em>Schlossmuseum<\/em>, che espone una mostra permanente sulla storia della <strong>Dichiarazione di Pillnitz<\/strong>.<\/p>\n<p>Il meraviglioso giardino di 28 ettari circonda i tre edifici. Al centro c\u2019\u00e8 un laghetto con una grande fontana.<\/p>\n<p>Questa grande distesa verde contiene attrazioni botaniche provenienti da tutto il mondo. Tra queste vi \u00e8 un albero di camelie con pi\u00f9 di 230 anni, uno dei pi\u00f9 antichi d&#8217;Europa, e molti altri alberi rari.<\/p>\n<p>All\u2019interno del giardino inglese ci sono due padiglioni (inglese e cinese), un aranceto e un giardino di conifere. \u00c8 interessante notare che il padiglione inglese \u00e8 una copia del tempietto di Roma progettato da Bramante.<\/p>\n<p>Se desideri maggiori dettagli sul Palazzo di Pillnitz, visita il <a href=\"https:\/\/www.schlosspillnitz.de\/de\/startseite\/\" target=\"_blank\" rel=\"noopener\">questa pagina<\/a>.<\/p>\n<p>&nbsp;<\/p>\n<h3>Theaterplatz e Semperoper<\/h3>\n<p><a title=\"Dresden, Semperoper\" href=\"https:\/\/www.flickr.com\/photos\/9940262@N07\/11998299475\/\" target=\"_blank\" rel=\"noopener\" data-flickr-embed=\"true\"><img loading=\"lazy\" decoding=\"async\" class=\"alignnone\" title=\"Theaterplatz e Semperoper\" src=\"https:\/\/farm4.staticflickr.com\/3698\/11998299475_526218b035_b.jpg\" alt=\"Theaterplatz e Semperoper\" width=\"1024\" height=\"681\" \/><\/a><script async src=\"\/\/embedr.flickr.com\/assets\/client-code.js\" charset=\"utf-8\"><\/script><\/p>\n<p>&nbsp;<\/p>\n<p>Il lato ovest della <strong>Theaterplatz<\/strong> di Dresda, una delle piazze pi\u00f9 belle della Germania, \u00e8 dominato dal magnifico <strong>Semperoper<\/strong>, il teatro dell&#8217;opera della citt\u00e0, costruito nello stile del Rinascimento italiano.<\/p>\n<p>Puoi visitare gli interni riccamente decorati, assistere a uno spettacolo (concerto, balletto o opera), oppure fare un tour guidato con un membro del personale, che condivider\u00e0 con te i racconti di alcuni dei grandi artisti e degli ospiti del Semperoper.<\/p>\n<p>Nel centro della Theaterplatz si trova una statua equestre del 1883 di Re Giovanni di Sassonia, e all&#8217;angolo sud-est si trova l&#8217;<em>Altst\u00e4dter Wache<\/em>, la <strong>Guardia della Citt\u00e0 Vecchia<\/strong>, costruita nel 1831 e modellata sulla famosa casa di guardia di Berlino.<\/p>\n<p>A sud-est si trova il <strong>Taschenbergpalais<\/strong>, un palazzo barocco risalente al 1711.<\/p>\n<p>&nbsp;<\/p>\n<h3>Georgentor e la Processione dei Principi<\/h3>\n<p><a title=\"Kreuz und quer durch Dresden IMG_1039\" href=\"https:\/\/www.flickr.com\/photos\/hjwmpa\/15297956430\/\" target=\"_blank\" rel=\"noopener\" data-flickr-embed=\"true\"><img loading=\"lazy\" decoding=\"async\" class=\"alignnone\" title=\"Georgentor e la Processione dei Principi\" src=\"https:\/\/farm4.staticflickr.com\/3929\/15297956430_13d0a4f2cb_b.jpg\" alt=\"Georgentor e la Processione dei Principi\" width=\"1024\" height=\"683\" \/><\/a><script async src=\"\/\/embedr.flickr.com\/assets\/client-code.js\" charset=\"utf-8\"><\/script><\/p>\n<p>&nbsp;<\/p>\n<p>Il <strong>Georgentor<\/strong>, o Georgenbau, \u00e8 l\u2019uscita della citt\u00e0 che porta al Ponte dell&#8217;Elba e il primo dei numerosi edifici rinascimentali della citt\u00e0.<\/p>\n<p>Sul lato ovest c\u2019\u00e8 una porta con una ricca decorazione scultorea, inclusa una statua equestre del Duca Giorgio.<\/p>\n<p>Interessante \u00e8 anche la <strong>Langer Gang<\/strong>, una lunga ala che collega il Georgenbau con il <strong>Johanneum<\/strong>, un palazzo rinascimentale del 1586 usato come stalla dagli Elettori di Sassonia. Lungo il suo lato interno c&#8217;\u00e8 un porticato in stile rinascimentale toscano, composto da 22 archi, che conduce alle Stalle di Corte.<\/p>\n<p>La sua attrazione pi\u00f9 importante, tuttavia, \u00e8 la famosa <em>F\u00fcrstenzug<\/em> &#8211; la Processione dei Principi &#8211; un ritratto lungo 102 metri dei Duchi, Elettori e Re della casa di Wettin, insieme a importanti personalit\u00e0 tedesche delle arti e delle scienze.<\/p>\n<p>Commissionato nel 1870, si compone di 25.000 piastrelle in porcellana di Meissen.<\/p>\n<p>&nbsp;<\/p>\n<h3>Verkehrsmuseum Dresden (Museo dei Trasporti di Dresda)<\/h3>\n<p><a title=\"Dresden\" href=\"https:\/\/www.flickr.com\/photos\/steelhead2010\/38467364301\/\" target=\"_blank\" rel=\"noopener\" data-flickr-embed=\"true\"><img loading=\"lazy\" decoding=\"async\" class=\"alignnone\" title=\"Verkehrsmuseum Dresden\" src=\"https:\/\/farm5.staticflickr.com\/4582\/38467364301_5317d5f6be_b.jpg\" alt=\"Verkehrsmuseum Dresden\" width=\"1024\" height=\"683\" \/><\/a><script async src=\"\/\/embedr.flickr.com\/assets\/client-code.js\" charset=\"utf-8\"><\/script><\/p>\n<p>Nel Johanneum, uno dei pi\u00f9 antichi edifici del Neumarkt di Dresda, si trova il <strong>Museo dei trasporti<\/strong>, o <em>Verkehrsmuseum<\/em>, che espone affascinanti veicoli storici, come aerei, motori a vapore, auto, moto e moto d&#8217;acqua.<\/p>\n<p>La mostra sulla navigazione, introdotta dalla scafo stilizzato di una nave, esplora 1000 anni di storia marittima, le tecnologie impiegate e le persone che hanno vissuto e lavorato nei fiumi e nei mari.<\/p>\n<p>Altre mostre illustrano il progresso del trasporto su strada da prima dell&#8217;invenzione di veicoli motorizzati fino ad oggi, e lo sviluppo delle ferrovie.<\/p>\n<p>Il modello di una ferrovia copre 325 metri quadrati, con 26 locomotive che trainano 115 auto attraverso paesaggi dettagliati di villaggi e campagne sassoni.<\/p>\n<p>Nelle vicinanze si trovano la <strong>Fontana della Pace<\/strong> e il <strong>Museo di Storia Militare del Bundeswehr<\/strong>, il museo delle forze armate tedesche.<\/p>\n<p>Visita il <a href=\"https:\/\/www.verkehrsmuseum-dresden.de\/en\/\" target=\"_blank\" rel=\"noopener\">sito web ufficiale del museo<\/a> per avere maggiori informazioni.<\/p>\n<p>&nbsp;<\/p>\n<h3>Br\u00fchlsche Terrasse (Terrazza di Br\u00fchl)<\/h3>\n<p><a title=\"2009-06-11 06-14 Dresden 093 Br\u00fchlsche Terrassen\" href=\"https:\/\/www.flickr.com\/photos\/wm_archiv\/3634488026\/\" target=\"_blank\" rel=\"noopener\" data-flickr-embed=\"true\"><img loading=\"lazy\" decoding=\"async\" class=\"alignnone\" title=\"Br\u00fchlsche Terrasse\" src=\"https:\/\/farm4.staticflickr.com\/3594\/3634488026_6591e117a3_b.jpg\" alt=\"Br\u00fchlsche Terrasse\" width=\"1024\" height=\"681\" \/><\/a><script async src=\"\/\/embedr.flickr.com\/assets\/client-code.js\" charset=\"utf-8\"><\/script><\/p>\n<p>&nbsp;<\/p>\n<p>Nessun viaggio a Dresda \u00e8 completo senza una passeggiata lungo la <strong>Terrazza di Br\u00fchl<\/strong>, o la <em>Br\u00fchlsche Terrasse<\/em>, nota anche come &#8220;Balcone d&#8217;Europa&#8221;.<\/p>\n<p>Questa terrazza \u00e8 stata costruita sul sito dei bastioni della citt\u00e0 vecchia, e si collega alla <strong>Schlossplatz<\/strong> attraverso un&#8217;ampia scalinata. Fu progettata nel 1738 come giardino privato e aperta al pubblico nel 1814. I gruppi scolpiti sulle scale rappresentano la mattina, il mezzogiorno, la sera e la notte. La Fontana dei Delfini \u00e8 l&#8217;unico elemento rimasto del giardino originale.<\/p>\n<p>Al termine della passeggiata sulla Br\u00fchlsche Terrasse si trova l\u2019Accademia di Belle Arti di Dresda, costruita nel 1894.<\/p>\n<p>Il <strong>Monumento Moritz<\/strong>, situato sulla parete della <strong>Jungfernbastei<\/strong> (il bastione della Terrazza di Br\u00fchl), \u00e8 il pi\u00f9 antico sopravvissuto a Dresda: fu eretto nel 1553. Il monumento si affaccia sulla <strong>Terrassenufer<\/strong>, una strada adiacente alle rive dell&#8217;Elba, dove si trova il principale approdo per le barche da crociera.<\/p>\n<p>&nbsp;<\/p>\n<h3>Albertinum<\/h3>\n<p><a title=\"Albertinum, Dresden\" href=\"https:\/\/www.flickr.com\/photos\/kordell\/2286352767\/\" target=\"_blank\" rel=\"noopener\" data-flickr-embed=\"true\"><img loading=\"lazy\" decoding=\"async\" class=\"alignnone\" title=\"Albertinum, Dresden\" src=\"https:\/\/farm3.staticflickr.com\/2404\/2286352767_b47b0ec074_b.jpg\" alt=\"Albertinum, Dresden\" width=\"1024\" height=\"680\" \/><\/a><script async src=\"\/\/embedr.flickr.com\/assets\/client-code.js\" charset=\"utf-8\"><\/script><\/p>\n<p>&nbsp;<\/p>\n<p>L\u2019<strong>Albertinum<\/strong> \u00e8 un palazzo in stile rinascimentale costruito tra il 1559 e il 1563 e situato sulla Terrazza di Br\u00fchl.<\/p>\n<p>Durante i secoli ha subito diversi rimaneggiamenti, e a partire dal 1884 l\u2019edificio ha cominciato a ospitare sculture e l\u2019archivio di stato. Oggi conserva una collezione d&#8217;arte di livello mondiale.<\/p>\n<p>Il museo \u00e8 meglio conosciuto per la sua imponente <strong>Galleria dei Nuovi Maestri<\/strong>, con la sua ricca collezione di opere del Romanticismo e Realismo. Sono in esposizione dipinti francesi, polacchi, rumeni, ungheresi e belgi del XIX secolo, dell\u2019Impressionismo ed Espressionismo tedesco.<\/p>\n<p>Molti sono gli artisti noti, come Degas, Goya e Max Liebermann.<\/p>\n<p>Interessante \u00e8 anche la collezione di sculture, che comprende opere greche, romane, etrusche e provenienti dall&#8217;Egitto e dall&#8217;Asia occidentale.<\/p>\n<p>&nbsp;<\/p>\n<h3>Gro\u00dfer Garten (Il Grande Giardino)<\/h3>\n<p><a title=\"Gro\u00dfer Garten\" href=\"https:\/\/www.flickr.com\/photos\/simon_dibbern\/9201522675\/\" target=\"_blank\" rel=\"noopener\" data-flickr-embed=\"true\"><img loading=\"lazy\" decoding=\"async\" class=\"alignnone\" title=\"Gro\u00dfer Garten e Sommerpalais\" src=\"https:\/\/farm6.staticflickr.com\/5522\/9201522675_acfb10f7ec_b.jpg\" alt=\"Gro\u00dfer Garten e Sommerpalais\" width=\"1024\" height=\"676\" \/><\/a><script async src=\"\/\/embedr.flickr.com\/assets\/client-code.js\" charset=\"utf-8\"><\/script><\/p>\n<p>&nbsp;<\/p>\n<p>Il grazioso <strong>Gro\u00dfer Garten<\/strong> \u00e8 stato progettato in stile barocco francese a partire dal 1676 ed \u00e8 aperto al pubblico dal 1814. Il <strong>Sommerpalais<\/strong> (Palazzo Estivo), costruito tra il 1678 e il 1683, \u00e8 uno dei primi palazzi barocchi della Germania.<\/p>\n<p>Sempre nel parco si trovano lo zoo e il giardino botanico di Dresda, dove oltre 10.000 specie sono disposte in modo da simulare la loro collocazione geografica sul pianeta e permetterti di vivere un tour tra la vegetazione tipica delle diverse aree del mondo.<\/p>\n<p>Una ferrovia in miniatura, la <strong>Parkeisenbahn<\/strong>, lunga sei chilometri, in gran parte frequentata da bambini, \u00e8 un buon modo per spostarsi da un&#8217;attrazione all&#8217;altra.<\/p>\n<p>All\u2019interno del parco si tengono di frequente concerti e spettacoli.<\/p>\n<p>Se sei un appassionato di auto troverai interessante la <strong>Fabbrica Trasparente<\/strong> (<em>Gl\u00e4serne Manufaktur<\/em>) <strong>della Volkswagen<\/strong>, un impianto di assemblaggio di auto che consente di conoscere i processi di produzione e assemblaggio.<\/p>\n<p>Se desideri maggiori informazioni, visita il sito web del <a href=\"https:\/\/www.parkeisenbahn-dresden.de\/index.php?snav1eng&amp;index_eng\" target=\"_blank\" rel=\"noopener\">Gro\u00dfer Garten<\/a>.<\/p>\n<p>&nbsp;<\/p>\n<h3>Il Palazzo Giapponese (Japanisches Palais) e il Cavaliere d\u2019Oro (Goldener Reiter)<\/h3>\n<p><a title=\"Goldener Reiter\" href=\"https:\/\/www.flickr.com\/photos\/hyperion\/2578163638\/\" target=\"_blank\" rel=\"noopener\" data-flickr-embed=\"true\"><img loading=\"lazy\" decoding=\"async\" class=\"alignnone\" title=\"Goldener Reiter\" src=\"https:\/\/farm4.staticflickr.com\/3039\/2578163638_024a084007_b.jpg\" alt=\"Goldener Reiter\" width=\"1024\" height=\"768\" \/><\/a><script async src=\"\/\/embedr.flickr.com\/assets\/client-code.js\" charset=\"utf-8\"><\/script><\/p>\n<p>&nbsp;<\/p>\n<p>Nel <strong>Neust\u00e4dter Markt<\/strong>, lungo il fiume, si trova la statua di Augusto II il Forte, nella posa di un Cesare, che indossa un&#8217;armatura romana e siede su un cavallo.<\/p>\n<p>Realizzato nel 1736, \u00e8 comunemente noto come il <em>Goldener Reiter<\/em> (<strong>Cavaliere d&#8217;Oro<\/strong>), ed \u00e8 uno dei monumenti pi\u00f9 famosi della citt\u00e0.<\/p>\n<p>Si trova all&#8217;inizio del lungo <strong>Hauptstrasse<\/strong>, un ampio viale con al centro un percorso pedonale alberato, molto frequentato, che ti consiglio di percorrere soprattutto se cerchi cosa fare a Dresda la sera.<\/p>\n<p>Qui c\u2019\u00e8 anche il <strong>Palazzo Giapponese<\/strong>, o <em>Japanisches Palais<\/em>, un palazzo che integra gli stili Barocco e Neoclassico, costruito nel 1737. Ricco di cineserie, fu costruito per conservare la collezione di porcellane di Augusto II il Forte. Oggi ospita il <strong>Museo di Stato per la Preistoria<\/strong> e il <strong>Museo di Etnologia di Dresda<\/strong>.<\/p>\n<p>Un&#8217;altra attrazione vicina, situata nello <strong>J\u00e4gerhof<\/strong>, un edificio del XVI secolo, \u00e8 il <strong>Museo di Arte Popolare Sassone<\/strong>.<\/p>\n<p>&nbsp;<\/p>\n<h3>Deutsches Hygiene Museum (Museo dell\u2019Igiene Tedesco)<\/h3>\n<p><a title=\"2012-040833\" href=\"https:\/\/www.flickr.com\/photos\/bubbahop\/7273046202\/\" target=\"_blank\" rel=\"noopener\" data-flickr-embed=\"true\"><img loading=\"lazy\" decoding=\"async\" class=\"alignnone\" title=\"Deutsches Hygiene Museum\" src=\"https:\/\/farm8.staticflickr.com\/7081\/7273046202_9204022545_b.jpg\" alt=\"Deutsches Hygiene Museum\" width=\"1024\" height=\"575\" \/><\/a><script async src=\"\/\/embedr.flickr.com\/assets\/client-code.js\" charset=\"utf-8\"><\/script><\/p>\n<p>&nbsp;<\/p>\n<p>A sud-est del centro storico di Dresda si trova <strong>Lingnerplatz<\/strong>, sede del <strong>Museo dell\u2019Igiene Tedesco<\/strong> (<em>Deutsches Hygiene-Museum<\/em>), un&#8217;istituzione fondata nel 1912 per promuovere l&#8217;educazione alla salute e a una vita sana.<\/p>\n<p>Il museo \u00e8 pi\u00f9 interessante di quanto ci si aspetti dal suo nome: \u00e8 davvero un museo dedicato alla medicina e alle pratiche mediche.<\/p>\n<p>Tra le sue numerose e interessanti attrazioni ci sono la <strong>Donna Trasparente<\/strong>, esposta per la prima volta nel 1930; una mostra permanente che si occupa della razza umana; e un divertente museo interattivo e multisensoriale per bambini.<\/p>\n<p>Visita il <a href=\"https:\/\/www.dhmd.de\/en\/\" target=\"_blank\" rel=\"noopener\">sito web del museo<\/a> per ottenere maggiori informazioni.<\/p>\n<p>&nbsp;<\/p>\n<h2>Cosa vedere vicino a Dresda<\/h2>\n<p>Adesso che sai cosa vedere a Dresda, scopriamo i luoghi culturali pi\u00f9 interessanti situati nei dintorni di Dresda.<\/p>\n<p>&nbsp;<\/p>\n<h3>Meissen<\/h3>\n<p><a title=\"Mei\u00dfen\" href=\"https:\/\/www.flickr.com\/photos\/139976032@N02\/26346401139\/\" target=\"_blank\" rel=\"noopener\" data-flickr-embed=\"true\"><img loading=\"lazy\" decoding=\"async\" class=\"alignnone\" title=\"Mei\u00dfen\" src=\"https:\/\/farm5.staticflickr.com\/4542\/26346401139_0fed9740c7_b.jpg\" alt=\"Mei\u00dfen\" width=\"1000\" height=\"667\" \/><\/a><script async src=\"\/\/embedr.flickr.com\/assets\/client-code.js\" charset=\"utf-8\"><\/script><\/p>\n<p>&nbsp;<\/p>\n<p>Questa citt\u00e0 si trova a soli 30 chilometri a ovest di Dresda, e si visita facilmente in un giorno. Meissen fu sede della lunga dinastia dei Wettin, che ha abitato nel <strong>Castello di Albrechtsburg<\/strong>, che sovrasta dalla cima di una collina la citt\u00e0 e il fiume.<\/p>\n<p>Si pu\u00f2 raggiungere la cima della collina e, quindi, il castello, percorrendo una ripida e pittoresca salita che attraversa stretti vicoli. In alternativa, si pu\u00f2 usare la funicolare.<\/p>\n<p>Il castello \u00e8 stato fondato nel XV secolo, ed \u00e8 uno dei migliori esempi del periodo tardo gotico. Il particolare che lo contraddistingue \u00e8 la sua grande scala a chiocciola.<\/p>\n<p>All&#8217;interno, le camere presentano soffitti e volte riccamente decorati, con dipinti risalenti al 1870.<\/p>\n<p>Adiacente alla falesia si trova la <strong>cattedrale gotica di Meissen<\/strong>, risalente al 1260. Si tratta di un edificio che ha quasi interamente preservato il suo stile. Infatti, solo il pulpito, i banchi e l&#8217;organo hanno modificato il proprio aspetto medievale originario.<\/p>\n<p>L&#8217;ingresso anteriore usato in origine \u00e8 stato chiuso per preservare le prime tombe collocate nel pavimento.<\/p>\n<p>Meissen \u00e8 stata a lungo famosa per le sue porcellane, una delle principali attrazioni turistiche della citt\u00e0.<\/p>\n<p>Un tour incentrato sulle ceramiche ti permette di scoprire non solo il lavoro dei ceramisti di Meissen degli ultimi 300 anni, ma anche come artisti esperti modellano gli oggetti di ceramica, scolpiscono figure e fiori delicati che adornano le statuette di Meissen e dipingono fiori su piatti e tazze da t\u00e8.<\/p>\n<p>&nbsp;<\/p>\n<h3>Freiberg<\/h3>\n<p><a title=\"Freiberg - 2008-02-21\" href=\"https:\/\/www.flickr.com\/photos\/wimox\/5328326486\/\" target=\"_blank\" rel=\"noopener\" data-flickr-embed=\"true\"><img loading=\"lazy\" decoding=\"async\" class=\"alignnone\" title=\"Freiberg\" src=\"https:\/\/farm6.staticflickr.com\/5242\/5328326486_e83e934616_b.jpg\" alt=\"Freiberg\" width=\"1024\" height=\"683\" \/><\/a><script async src=\"\/\/embedr.flickr.com\/assets\/client-code.js\" charset=\"utf-8\"><\/script><\/p>\n<p>&nbsp;<\/p>\n<p><strong>Freiberg<\/strong> \u00e8 la citt\u00e0 delle miniere d&#8217;argento, a circa 40 chilometri a sud-ovest di Dresda. \u00c8 anche sede di una splendida <strong>cattedrale<\/strong>, uno splendido edificio tardogotico che conserva l&#8217;organo di Silbermann pi\u00f9 antico e pi\u00f9 grande della Sassonia.<\/p>\n<p>Il centro storico della citt\u00e0 \u00e8 stato dichiarato monumento nazionale.<\/p>\n<p>&nbsp;<\/p>\n<h3>Schloss Moritzburg (Castello di Moritzburg)<\/h3>\n<p><a title=\"Moritzburg 2\" href=\"https:\/\/www.flickr.com\/photos\/78749146@N06\/10253786794\/\" target=\"_blank\" rel=\"noopener\" data-flickr-embed=\"true\"><img loading=\"lazy\" decoding=\"async\" class=\"alignnone\" title=\"Schloss Moritzburg\" src=\"https:\/\/farm4.staticflickr.com\/3702\/10253786794_ac80d1df2f_b.jpg\" alt=\"Schloss Moritzburg\" width=\"1024\" height=\"662\" \/><\/a><script async src=\"\/\/embedr.flickr.com\/assets\/client-code.js\" charset=\"utf-8\"><\/script><\/p>\n<p>&nbsp;<\/p>\n<p>A circa 14 chilometri a nord-ovest di Dresda si trova il notevole <strong>Schloss Moritzburg<\/strong>, una residenza estiva e di caccia degli Elettori di Sassonia caratterizzato dai colori ocra e bianco tipici del Barocco sassone.<\/p>\n<p>La costruzione venne avviata nel 1544 per dare vita a una modesta residenza di caccia. Questo splendido palazzo ha assunto la sua forma attuale tra il 1723 e il 1736, con l\u2019aggiunta di statue barocche sulle balaustre della terrazza e della rampa della scala.<\/p>\n<p>La decorazione e l&#8217;arredamento degli interni, inclusi trofei e dipinti di caccia, sono rimasti perfettamente intatti.<\/p>\n<p>Nel parco si trova anche il <em>Fasanenschl\u00f6sschen<\/em> (<strong>Piccolo Castello dei Fagiani<\/strong>), un castello del XVIII secolo i cui straordinari interni sono decorati con rare finiture rococ\u00f2, pannelli realizzati con legni esotici intarsiati, dipinti su tela che riempiono i muri, stucchi dipinti e dorati sul soffitto, decorazioni in legno e intonaci dipinti, pareti rifinite in seta ricamata, perle e molte altre decorazioni di pregio.<\/p>\n<p>Visita anche il <a href=\"http:\/\/www.schloss-moritzburg.de\/en\/home\/\" target=\"_blank\" rel=\"noopener\">sito web del Castello di Moritzburg<\/a> per ulteriori informazioni.<\/p>\n<p>&nbsp;<\/p>\n<p>Ci sono ancora molte cose da dire sui dintorni di Dresda. Per esempio, a soli 30 chilometri a sud-ovest di Dresda c\u2019\u00e8 il <strong>Parco Nazionale della Svizzera Sassone<\/strong>, un paesaggio selvaggio caratterizzato da svettanti ed enormi pilastri di calcare, dal quale \u00e8 possibile godere di una meravigliosa vista sull\u2019Elba.<\/p>\n<p>Nell\u2019<strong>Erzgebirge<\/strong>, una regione sassone, si trova la citt\u00e0 di <strong>Annaberg-Buchholz<\/strong>, famosa per le sue sculture natalizie in legno, visitabili soprattutto nel museo <strong>Manufaktur der Tr\u00e4ume<\/strong>. Molto bella \u00e8 anche <strong>St. Annenkirche<\/strong>, una chiesa costruita tra il periodo tardogotico e il Rinascimento, caratterizzata da una torre alta 78 metri e da eccezionali sculture in legno visibili al suo interno. Di fronte alla chiesa c&#8217;\u00e8 un museo che consente di entrare in una vera miniera, una delle tante che si trovano sotto terra in questa zona.<\/p>\n<p>Penso che quanto detto finora su cosa vedere vicino a Dresda sia pi\u00f9 che sufficiente se vuoi dedicare a questa zona della Germania solo due giorni.<\/p>\n<p>&nbsp;<\/p>\n<h2>Dove dormire a Dresda<\/h2>\n<p>Adesso che sai cosa vedere a Dresda e dintorni, immagino che vorrai anche qualche consiglio su quale albergo prenotare per visitare comodamente la citt\u00e0 e le localit\u00e0 limitrofe.<\/p>\n<p>Le tre strutture elencate in basso si trovano tutte nel centro di Dresda, vicino alle principali attrazioni culturali, dispongono di parcheggio proprio o ce n\u2019\u00e8 uno pubblico nelle immediate vicinanze, offrono il servizio navetta per l\u2019aeroporto e hanno una buona reputazione. In poche parole: vai sul sicuro.<\/p>\n<ul>\n<li><a href=\"https:\/\/www.booking.com\/hotel\/de\/hoteltaschenbergpalaiskempinski.it.html?aid=850524&amp;no_rooms=1&amp;group_adults=1\" target=\"_blank\" rel=\"nofollow noopener\">Hotel Taschenbergpalais Kempinski<\/a> &#8211; un lussuoso hotel a pochi passi dal Castello di Dresda, dispone anche di spa e centro benessere<\/li>\n<li><a href=\"https:\/\/www.booking.com\/hotel\/de\/qf-dresden.it.html?aid=850524&amp;no_rooms=1&amp;group_adults=1\" target=\"_blank\" rel=\"nofollow noopener\">Vienna House QF Hotel Dresden<\/a> &#8211; si trova a fianco alla Frauenkirche e a pochi passi dagli altri importanti palazzi e musei della citt\u00e0, le stanze hanno un arredo moderno ed elegante<\/li>\n<li><a href=\"https:\/\/www.booking.com\/hotel\/de\/radsasgewandhaushotel.it.html?aid=850524&amp;no_rooms=1&amp;group_adults=1\" target=\"_blank\" rel=\"nofollow noopener\">Gewandhaus Dresden, Autograph Collection<\/a> &#8211; arredato in stile moderno-barocco, si trova pochi minuti a piedi dai principali punti di interesse di Dresda<\/li>\n<\/ul>\n<p>&nbsp;<\/p>\n<p style=\"text-align: center;\">***<\/p>\n<p>&nbsp;<\/p>\n<p style=\"text-align: left;\">Le cose da vedere a Dresda sono tante, e forse due giorni potrebbero non bastarti. Sono convinto che desidererai restare qualche giorno in pi\u00f9 una volta che sarai sul posto. Quindi, se hai la possibilit\u00e0 di dedicare altri giorni a questa importante citt\u00e0 d\u2019arte, non esitare ad allungare il tuo soggiorno.<\/p>\n","protected":false},"excerpt":{"rendered":"<p>Dresda \u00e8 una delle citt\u00e0 barocche pi\u00f9 belle d&#8217;Europa, situata a meno di cinquanta chilometri dal confine con la Repubblica Ceca, e interamente attraversata dal fiume Elba. Circa 115 chilometri la distanziano da Lipsia e 187 chilometri da Berlino. Leggi questa guida e avrai una panoramica completa su cosa vedere a Dresda e dintorni in &#8230; <a title=\"Cosa vedere a Dresda e dintorni in due giorni: tour della capitale della Sassonia\" class=\"read-more\" href=\"https:\/\/www.viaggiculturalieuropa.it\/blog\/cosa-vedere-a-dresda\/\">Leggi tutto<span class=\"screen-reader-text\">Cosa vedere a Dresda e dintorni in due giorni: tour della capitale della Sassonia<\/span><\/a><\/p>\n","protected":false},"author":3,"featured_media":0,"comment_status":"open","ping_status":"open","sticky":false,"template":"","format":"standard","meta":{"telegram_tosend":false,"telegram_tosend_message":"","telegram_tosend_target":0,"_exactmetrics_skip_tracking":false,"_exactmetrics_sitenote_active":false,"_exactmetrics_sitenote_note":"","_exactmetrics_sitenote_category":0,"_bos_mb_destination":["Dresden"],"footnotes":""},"categories":[17],"tags":[],"class_list":["post-2326","post","type-post","status-publish","format-standard","hentry","category-germania"],"yoast_head":"<!-- This site is optimized with the Yoast SEO plugin v27.4 - https:\/\/yoast.com\/product\/yoast-seo-wordpress\/ -->\n<title>Cosa vedere a Dresda e dintorni in due giorni: tour della capitale della Sassonia<\/title>\n<meta name=\"description\" content=\"Dresda \u00e8 una delle citt\u00e0 barocche pi\u00f9 belle d&#039;Europa. Leggi questa guida e avrai una panoramica completa su cosa vedere a Dresda e dintorni in due giorni.\" \/>\n<meta name=\"robots\" content=\"index, follow, max-snippet:-1, max-image-preview:large, max-video-preview:-1\" \/>\n<link rel=\"canonical\" href=\"https:\/\/www.viaggiculturalieuropa.it\/blog\/cosa-vedere-a-dresda\/\" \/>\n<meta property=\"og:locale\" content=\"it_IT\" \/>\n<meta property=\"og:type\" content=\"article\" \/>\n<meta property=\"og:title\" content=\"Cosa vedere a Dresda e dintorni in due giorni: tour della capitale della Sassonia\" \/>\n<meta property=\"og:description\" content=\"Dresda \u00e8 una delle citt\u00e0 barocche pi\u00f9 belle d&#039;Europa. Leggi questa guida e avrai una panoramica completa su cosa vedere a Dresda e dintorni in due giorni.\" \/>\n<meta property=\"og:url\" content=\"https:\/\/www.viaggiculturalieuropa.it\/blog\/cosa-vedere-a-dresda\/\" \/>\n<meta property=\"og:site_name\" content=\"Viaggi Culturali Europa\" \/>\n<meta property=\"article:published_time\" content=\"2018-10-25T20:02:48+00:00\" \/>\n<meta property=\"article:modified_time\" content=\"2018-11-16T09:23:47+00:00\" \/>\n<meta property=\"og:image\" content=\"https:\/\/farm8.staticflickr.com\/7540\/28110750610_0c95534a27_b.jpg\" \/>\n<meta name=\"author\" content=\"Antonio Saruzzi\" \/>\n<meta name=\"twitter:card\" content=\"summary_large_image\" \/>\n<meta name=\"twitter:label1\" content=\"Scritto da\" \/>\n\t<meta name=\"twitter:data1\" content=\"Antonio Saruzzi\" \/>\n\t<meta name=\"twitter:label2\" content=\"Tempo di lettura stimato\" \/>\n\t<meta name=\"twitter:data2\" content=\"16 minuti\" \/>\n<script type=\"application\/ld+json\" class=\"yoast-schema-graph\">{\"@context\":\"https:\\\/\\\/schema.org\",\"@graph\":[{\"@type\":\"Article\",\"@id\":\"https:\\\/\\\/www.viaggiculturalieuropa.it\\\/blog\\\/cosa-vedere-a-dresda\\\/#article\",\"isPartOf\":{\"@id\":\"https:\\\/\\\/www.viaggiculturalieuropa.it\\\/blog\\\/cosa-vedere-a-dresda\\\/\"},\"author\":{\"name\":\"Antonio Saruzzi\",\"@id\":\"https:\\\/\\\/www.viaggiculturalieuropa.it\\\/blog\\\/#\\\/schema\\\/person\\\/2aaa09858e5f9fd1695878f0cf0c1a2b\"},\"headline\":\"Cosa vedere a Dresda e dintorni in due giorni: tour della capitale della Sassonia\",\"datePublished\":\"2018-10-25T20:02:48+00:00\",\"dateModified\":\"2018-11-16T09:23:47+00:00\",\"mainEntityOfPage\":{\"@id\":\"https:\\\/\\\/www.viaggiculturalieuropa.it\\\/blog\\\/cosa-vedere-a-dresda\\\/\"},\"wordCount\":3270,\"commentCount\":0,\"publisher\":{\"@id\":\"https:\\\/\\\/www.viaggiculturalieuropa.it\\\/blog\\\/#organization\"},\"image\":{\"@id\":\"https:\\\/\\\/www.viaggiculturalieuropa.it\\\/blog\\\/cosa-vedere-a-dresda\\\/#primaryimage\"},\"thumbnailUrl\":\"https:\\\/\\\/farm8.staticflickr.com\\\/7540\\\/28110750610_0c95534a27_b.jpg\",\"articleSection\":[\"Germania\"],\"inLanguage\":\"it-IT\",\"potentialAction\":[{\"@type\":\"CommentAction\",\"name\":\"Comment\",\"target\":[\"https:\\\/\\\/www.viaggiculturalieuropa.it\\\/blog\\\/cosa-vedere-a-dresda\\\/#respond\"]}]},{\"@type\":\"WebPage\",\"@id\":\"https:\\\/\\\/www.viaggiculturalieuropa.it\\\/blog\\\/cosa-vedere-a-dresda\\\/\",\"url\":\"https:\\\/\\\/www.viaggiculturalieuropa.it\\\/blog\\\/cosa-vedere-a-dresda\\\/\",\"name\":\"Cosa vedere a Dresda e dintorni in due giorni: tour della capitale della Sassonia\",\"isPartOf\":{\"@id\":\"https:\\\/\\\/www.viaggiculturalieuropa.it\\\/blog\\\/#website\"},\"primaryImageOfPage\":{\"@id\":\"https:\\\/\\\/www.viaggiculturalieuropa.it\\\/blog\\\/cosa-vedere-a-dresda\\\/#primaryimage\"},\"image\":{\"@id\":\"https:\\\/\\\/www.viaggiculturalieuropa.it\\\/blog\\\/cosa-vedere-a-dresda\\\/#primaryimage\"},\"thumbnailUrl\":\"https:\\\/\\\/farm8.staticflickr.com\\\/7540\\\/28110750610_0c95534a27_b.jpg\",\"datePublished\":\"2018-10-25T20:02:48+00:00\",\"dateModified\":\"2018-11-16T09:23:47+00:00\",\"description\":\"Dresda \u00e8 una delle citt\u00e0 barocche pi\u00f9 belle d'Europa. Leggi questa guida e avrai una panoramica completa su cosa vedere a Dresda e dintorni in due giorni.\",\"breadcrumb\":{\"@id\":\"https:\\\/\\\/www.viaggiculturalieuropa.it\\\/blog\\\/cosa-vedere-a-dresda\\\/#breadcrumb\"},\"inLanguage\":\"it-IT\",\"potentialAction\":[{\"@type\":\"ReadAction\",\"target\":[\"https:\\\/\\\/www.viaggiculturalieuropa.it\\\/blog\\\/cosa-vedere-a-dresda\\\/\"]}]},{\"@type\":\"ImageObject\",\"inLanguage\":\"it-IT\",\"@id\":\"https:\\\/\\\/www.viaggiculturalieuropa.it\\\/blog\\\/cosa-vedere-a-dresda\\\/#primaryimage\",\"url\":\"https:\\\/\\\/farm8.staticflickr.com\\\/7540\\\/28110750610_0c95534a27_b.jpg\",\"contentUrl\":\"https:\\\/\\\/farm8.staticflickr.com\\\/7540\\\/28110750610_0c95534a27_b.jpg\"},{\"@type\":\"BreadcrumbList\",\"@id\":\"https:\\\/\\\/www.viaggiculturalieuropa.it\\\/blog\\\/cosa-vedere-a-dresda\\\/#breadcrumb\",\"itemListElement\":[{\"@type\":\"ListItem\",\"position\":1,\"name\":\"Home\",\"item\":\"https:\\\/\\\/www.viaggiculturalieuropa.it\\\/blog\\\/\"},{\"@type\":\"ListItem\",\"position\":2,\"name\":\"Cosa vedere a Dresda e dintorni in due giorni: tour della capitale della Sassonia\"}]},{\"@type\":\"WebSite\",\"@id\":\"https:\\\/\\\/www.viaggiculturalieuropa.it\\\/blog\\\/#website\",\"url\":\"https:\\\/\\\/www.viaggiculturalieuropa.it\\\/blog\\\/\",\"name\":\"Viaggi Culturali Europa\",\"description\":\"Scovo i luoghi culturali che hanno creato nel tempo le identit\u00e0 europee e li porto a conoscenza di chi ama viaggiare.\",\"publisher\":{\"@id\":\"https:\\\/\\\/www.viaggiculturalieuropa.it\\\/blog\\\/#organization\"},\"potentialAction\":[{\"@type\":\"SearchAction\",\"target\":{\"@type\":\"EntryPoint\",\"urlTemplate\":\"https:\\\/\\\/www.viaggiculturalieuropa.it\\\/blog\\\/?s={search_term_string}\"},\"query-input\":{\"@type\":\"PropertyValueSpecification\",\"valueRequired\":true,\"valueName\":\"search_term_string\"}}],\"inLanguage\":\"it-IT\"},{\"@type\":\"Organization\",\"@id\":\"https:\\\/\\\/www.viaggiculturalieuropa.it\\\/blog\\\/#organization\",\"name\":\"Viaggi Culturali Europa\",\"url\":\"https:\\\/\\\/www.viaggiculturalieuropa.it\\\/blog\\\/\",\"logo\":{\"@type\":\"ImageObject\",\"inLanguage\":\"it-IT\",\"@id\":\"https:\\\/\\\/www.viaggiculturalieuropa.it\\\/blog\\\/#\\\/schema\\\/logo\\\/image\\\/\",\"url\":\"https:\\\/\\\/www.viaggiculturalieuropa.it\\\/blog\\\/wp-content\\\/uploads\\\/2015\\\/08\\\/viaggi_culturali_europa.png\",\"contentUrl\":\"https:\\\/\\\/www.viaggiculturalieuropa.it\\\/blog\\\/wp-content\\\/uploads\\\/2015\\\/08\\\/viaggi_culturali_europa.png\",\"width\":300,\"height\":44,\"caption\":\"Viaggi Culturali Europa\"},\"image\":{\"@id\":\"https:\\\/\\\/www.viaggiculturalieuropa.it\\\/blog\\\/#\\\/schema\\\/logo\\\/image\\\/\"}},{\"@type\":\"Person\",\"@id\":\"https:\\\/\\\/www.viaggiculturalieuropa.it\\\/blog\\\/#\\\/schema\\\/person\\\/2aaa09858e5f9fd1695878f0cf0c1a2b\",\"name\":\"Antonio Saruzzi\",\"image\":{\"@type\":\"ImageObject\",\"inLanguage\":\"it-IT\",\"@id\":\"https:\\\/\\\/secure.gravatar.com\\\/avatar\\\/47b3ad7cfb4379fdf52b67869416ed8f38dede3281a89e15b9e78a882304fb2e?s=96&d=blank&r=g\",\"url\":\"https:\\\/\\\/secure.gravatar.com\\\/avatar\\\/47b3ad7cfb4379fdf52b67869416ed8f38dede3281a89e15b9e78a882304fb2e?s=96&d=blank&r=g\",\"contentUrl\":\"https:\\\/\\\/secure.gravatar.com\\\/avatar\\\/47b3ad7cfb4379fdf52b67869416ed8f38dede3281a89e15b9e78a882304fb2e?s=96&d=blank&r=g\",\"caption\":\"Antonio Saruzzi\"},\"url\":\"https:\\\/\\\/www.viaggiculturalieuropa.it\\\/blog\\\/author\\\/antonio\\\/\"}]}<\/script>\n<!-- \/ Yoast SEO plugin. -->","yoast_head_json":{"title":"Cosa vedere a Dresda e dintorni in due giorni: tour della capitale della Sassonia","description":"Dresda \u00e8 una delle citt\u00e0 barocche pi\u00f9 belle d'Europa. Leggi questa guida e avrai una panoramica completa su cosa vedere a Dresda e dintorni in due giorni.","robots":{"index":"index","follow":"follow","max-snippet":"max-snippet:-1","max-image-preview":"max-image-preview:large","max-video-preview":"max-video-preview:-1"},"canonical":"https:\/\/www.viaggiculturalieuropa.it\/blog\/cosa-vedere-a-dresda\/","og_locale":"it_IT","og_type":"article","og_title":"Cosa vedere a Dresda e dintorni in due giorni: tour della capitale della Sassonia","og_description":"Dresda \u00e8 una delle citt\u00e0 barocche pi\u00f9 belle d'Europa. Leggi questa guida e avrai una panoramica completa su cosa vedere a Dresda e dintorni in due giorni.","og_url":"https:\/\/www.viaggiculturalieuropa.it\/blog\/cosa-vedere-a-dresda\/","og_site_name":"Viaggi Culturali Europa","article_published_time":"2018-10-25T20:02:48+00:00","article_modified_time":"2018-11-16T09:23:47+00:00","og_image":[{"url":"https:\/\/farm8.staticflickr.com\/7540\/28110750610_0c95534a27_b.jpg","type":"","width":"","height":""}],"author":"Antonio Saruzzi","twitter_card":"summary_large_image","twitter_misc":{"Scritto da":"Antonio Saruzzi","Tempo di lettura stimato":"16 minuti"},"schema":{"@context":"https:\/\/schema.org","@graph":[{"@type":"Article","@id":"https:\/\/www.viaggiculturalieuropa.it\/blog\/cosa-vedere-a-dresda\/#article","isPartOf":{"@id":"https:\/\/www.viaggiculturalieuropa.it\/blog\/cosa-vedere-a-dresda\/"},"author":{"name":"Antonio Saruzzi","@id":"https:\/\/www.viaggiculturalieuropa.it\/blog\/#\/schema\/person\/2aaa09858e5f9fd1695878f0cf0c1a2b"},"headline":"Cosa vedere a Dresda e dintorni in due giorni: tour della capitale della Sassonia","datePublished":"2018-10-25T20:02:48+00:00","dateModified":"2018-11-16T09:23:47+00:00","mainEntityOfPage":{"@id":"https:\/\/www.viaggiculturalieuropa.it\/blog\/cosa-vedere-a-dresda\/"},"wordCount":3270,"commentCount":0,"publisher":{"@id":"https:\/\/www.viaggiculturalieuropa.it\/blog\/#organization"},"image":{"@id":"https:\/\/www.viaggiculturalieuropa.it\/blog\/cosa-vedere-a-dresda\/#primaryimage"},"thumbnailUrl":"https:\/\/farm8.staticflickr.com\/7540\/28110750610_0c95534a27_b.jpg","articleSection":["Germania"],"inLanguage":"it-IT","potentialAction":[{"@type":"CommentAction","name":"Comment","target":["https:\/\/www.viaggiculturalieuropa.it\/blog\/cosa-vedere-a-dresda\/#respond"]}]},{"@type":"WebPage","@id":"https:\/\/www.viaggiculturalieuropa.it\/blog\/cosa-vedere-a-dresda\/","url":"https:\/\/www.viaggiculturalieuropa.it\/blog\/cosa-vedere-a-dresda\/","name":"Cosa vedere a Dresda e dintorni in due giorni: tour della capitale della Sassonia","isPartOf":{"@id":"https:\/\/www.viaggiculturalieuropa.it\/blog\/#website"},"primaryImageOfPage":{"@id":"https:\/\/www.viaggiculturalieuropa.it\/blog\/cosa-vedere-a-dresda\/#primaryimage"},"image":{"@id":"https:\/\/www.viaggiculturalieuropa.it\/blog\/cosa-vedere-a-dresda\/#primaryimage"},"thumbnailUrl":"https:\/\/farm8.staticflickr.com\/7540\/28110750610_0c95534a27_b.jpg","datePublished":"2018-10-25T20:02:48+00:00","dateModified":"2018-11-16T09:23:47+00:00","description":"Dresda \u00e8 una delle citt\u00e0 barocche pi\u00f9 belle d'Europa. Leggi questa guida e avrai una panoramica completa su cosa vedere a Dresda e dintorni in due giorni.","breadcrumb":{"@id":"https:\/\/www.viaggiculturalieuropa.it\/blog\/cosa-vedere-a-dresda\/#breadcrumb"},"inLanguage":"it-IT","potentialAction":[{"@type":"ReadAction","target":["https:\/\/www.viaggiculturalieuropa.it\/blog\/cosa-vedere-a-dresda\/"]}]},{"@type":"ImageObject","inLanguage":"it-IT","@id":"https:\/\/www.viaggiculturalieuropa.it\/blog\/cosa-vedere-a-dresda\/#primaryimage","url":"https:\/\/farm8.staticflickr.com\/7540\/28110750610_0c95534a27_b.jpg","contentUrl":"https:\/\/farm8.staticflickr.com\/7540\/28110750610_0c95534a27_b.jpg"},{"@type":"BreadcrumbList","@id":"https:\/\/www.viaggiculturalieuropa.it\/blog\/cosa-vedere-a-dresda\/#breadcrumb","itemListElement":[{"@type":"ListItem","position":1,"name":"Home","item":"https:\/\/www.viaggiculturalieuropa.it\/blog\/"},{"@type":"ListItem","position":2,"name":"Cosa vedere a Dresda e dintorni in due giorni: tour della capitale della Sassonia"}]},{"@type":"WebSite","@id":"https:\/\/www.viaggiculturalieuropa.it\/blog\/#website","url":"https:\/\/www.viaggiculturalieuropa.it\/blog\/","name":"Viaggi Culturali Europa","description":"Scovo i luoghi culturali che hanno creato nel tempo le identit\u00e0 europee e li porto a conoscenza di chi ama viaggiare.","publisher":{"@id":"https:\/\/www.viaggiculturalieuropa.it\/blog\/#organization"},"potentialAction":[{"@type":"SearchAction","target":{"@type":"EntryPoint","urlTemplate":"https:\/\/www.viaggiculturalieuropa.it\/blog\/?s={search_term_string}"},"query-input":{"@type":"PropertyValueSpecification","valueRequired":true,"valueName":"search_term_string"}}],"inLanguage":"it-IT"},{"@type":"Organization","@id":"https:\/\/www.viaggiculturalieuropa.it\/blog\/#organization","name":"Viaggi Culturali Europa","url":"https:\/\/www.viaggiculturalieuropa.it\/blog\/","logo":{"@type":"ImageObject","inLanguage":"it-IT","@id":"https:\/\/www.viaggiculturalieuropa.it\/blog\/#\/schema\/logo\/image\/","url":"https:\/\/www.viaggiculturalieuropa.it\/blog\/wp-content\/uploads\/2015\/08\/viaggi_culturali_europa.png","contentUrl":"https:\/\/www.viaggiculturalieuropa.it\/blog\/wp-content\/uploads\/2015\/08\/viaggi_culturali_europa.png","width":300,"height":44,"caption":"Viaggi Culturali Europa"},"image":{"@id":"https:\/\/www.viaggiculturalieuropa.it\/blog\/#\/schema\/logo\/image\/"}},{"@type":"Person","@id":"https:\/\/www.viaggiculturalieuropa.it\/blog\/#\/schema\/person\/2aaa09858e5f9fd1695878f0cf0c1a2b","name":"Antonio Saruzzi","image":{"@type":"ImageObject","inLanguage":"it-IT","@id":"https:\/\/secure.gravatar.com\/avatar\/47b3ad7cfb4379fdf52b67869416ed8f38dede3281a89e15b9e78a882304fb2e?s=96&d=blank&r=g","url":"https:\/\/secure.gravatar.com\/avatar\/47b3ad7cfb4379fdf52b67869416ed8f38dede3281a89e15b9e78a882304fb2e?s=96&d=blank&r=g","contentUrl":"https:\/\/secure.gravatar.com\/avatar\/47b3ad7cfb4379fdf52b67869416ed8f38dede3281a89e15b9e78a882304fb2e?s=96&d=blank&r=g","caption":"Antonio Saruzzi"},"url":"https:\/\/www.viaggiculturalieuropa.it\/blog\/author\/antonio\/"}]}},"_links":{"self":[{"href":"https:\/\/www.viaggiculturalieuropa.it\/blog\/wp-json\/wp\/v2\/posts\/2326","targetHints":{"allow":["GET"]}}],"collection":[{"href":"https:\/\/www.viaggiculturalieuropa.it\/blog\/wp-json\/wp\/v2\/posts"}],"about":[{"href":"https:\/\/www.viaggiculturalieuropa.it\/blog\/wp-json\/wp\/v2\/types\/post"}],"author":[{"embeddable":true,"href":"https:\/\/www.viaggiculturalieuropa.it\/blog\/wp-json\/wp\/v2\/users\/3"}],"replies":[{"embeddable":true,"href":"https:\/\/www.viaggiculturalieuropa.it\/blog\/wp-json\/wp\/v2\/comments?post=2326"}],"version-history":[{"count":0,"href":"https:\/\/www.viaggiculturalieuropa.it\/blog\/wp-json\/wp\/v2\/posts\/2326\/revisions"}],"wp:attachment":[{"href":"https:\/\/www.viaggiculturalieuropa.it\/blog\/wp-json\/wp\/v2\/media?parent=2326"}],"wp:term":[{"taxonomy":"category","embeddable":true,"href":"https:\/\/www.viaggiculturalieuropa.it\/blog\/wp-json\/wp\/v2\/categories?post=2326"},{"taxonomy":"post_tag","embeddable":true,"href":"https:\/\/www.viaggiculturalieuropa.it\/blog\/wp-json\/wp\/v2\/tags?post=2326"}],"curies":[{"name":"wp","href":"https:\/\/api.w.org\/{rel}","templated":true}]}}