{"id":2511,"date":"2019-04-27T20:40:18","date_gmt":"2019-04-27T18:40:18","guid":{"rendered":"https:\/\/www.viaggiculturalieuropa.it\/blog\/?p=2511"},"modified":"2024-04-09T20:51:45","modified_gmt":"2024-04-09T18:51:45","slug":"centro-di-documentazione-del-nazionalsocialismo-di-monaco-di-baviera","status":"publish","type":"post","link":"https:\/\/www.viaggiculturalieuropa.it\/blog\/centro-di-documentazione-del-nazionalsocialismo-di-monaco-di-baviera\/","title":{"rendered":"Il Centro di documentazione del nazionalsocialismo di Monaco di Baviera"},"content":{"rendered":"<p class=\"western\">Se si ha poco tempo per <a href=\"https:\/\/www.viaggiculturalieuropa.it\/blog\/cosa-vedere-a-monaco-di-baviera\/\" target=\"_blank\" rel=\"noopener noreferrer\">visitare Monaco<\/a>, forse non si riuscir\u00e0 a visitare questo centro, ma se si hanno a disposizione un po\u2019 di giorni consiglio di farlo, e solo alla fine del soggiorno: perch\u00e9 Monaco \u00e8 suo malgrado indissolubilmente legata alla storia del nazismo e perch\u00e9 bisogna conoscere gi\u00e0 la geografia della citt\u00e0 per poter affrontare la visita.<\/p>\n<p><a title=\"NS-Dokumentationszentrum\" href=\"https:\/\/www.flickr.com\/photos\/134553706@N08\/40748860023\/in\/dateposted\/\" target=\"_blank\" rel=\"noopener noreferrer\" data-flickr-embed=\"true\"><img loading=\"lazy\" decoding=\"async\" class=\"alignnone\" title=\"NS-Dokumentationszentrum - Centro di documentazione del nazionalsocialismo\" src=\"https:\/\/live.staticflickr.com\/65535\/40748860023_f7a7597b24_b.jpg\" alt=\"NS-Dokumentationszentrum - Centro di documentazione del nazionalsocialismo\" width=\"768\" height=\"1024\" \/><\/a><script async src=\"\/\/embedr.flickr.com\/assets\/client-code.js\" charset=\"utf-8\"><\/script><\/p>\n<p>&nbsp;<\/p>\n<p class=\"western\">A pochi passi dalla K\u00f6nigsplatz di Monaco si trova il <b>Centro di documentazione del nazionalsocialismo (NS-Dokumentationszentrum M\u00fcnchen)<\/b>, il primo \u201cmuseo del nazismo\u201d mai costruito. Non \u00e8 per\u00f2 corretto chiamarlo in questo modo, perch\u00e9 pi\u00f9 ancora di quanto gi\u00e0 non faccia normalmente un museo, lo scopo del centro \u00e8 quello di <b>informare e favorire la ricerca<\/b>, evitando in ogni modo un\u2019esposizione della storia del nazismo passiva e indifferente. Oltre ai tre piani su cui si articola il percorso di visita, sono quindi presenti anche una grande biblioteca e numerose sale per seminari e conferenze.<!--more--><\/p>\n<p class=\"western\">Inaugurato nel 2015, il centro ha affrontato non solo il difficile passato nazista della Germania, ma anche e soprattutto il ruolo che ha avuto Monaco nell\u2019ascesa del nazismo. Monaco infatti era stata proclamata <i><b>Stadt der Bewebung<\/b><\/i><b>, \u201ccitt\u00e0 del movimento\u201d<\/b>, e tutto l\u2019allestimento affronta con coraggio la pagina pi\u00f9 buia della storia della citt\u00e0. \u00c8 significativo anche il luogo su cui sorge il centro, perch\u00e9 prima che un bombardamento la distruggesse nel 1945 l\u00ec si trovava la \u201c<b>Casa bruna<\/b>\u201d, la sede del partito nazista. Tutto il quartiere di <b>Maxvorstadt<\/b> rientrava in realt\u00e0 nei progetti urbanistici nazisti per farne l\u2019epicentro del movimento: dai quartieri generali delle SS e delle SA agli uffici delle numerose associazioni a cui i tedeschi erano pi\u00f9 o meno forzatamente spinti ad aderire, fino alla <span lang=\"it-IT\"><b>K\u00f6nigsplatz<\/b><\/span><span lang=\"it-IT\">, la grande piazza circondata da bianchi edifici classicheggianti che era lo scenario preferito per le cerimonie del regime.<\/span><\/p>\n<p class=\"western\">L\u2019edificio si presenta come un <b>cubo di cemento e vetro<\/b>, prendendo le distanze dal nazismo anche con l\u2019architettura, cos\u00ec moderna e lontana dai suoi rigidi standard artistici. Nell\u2019ingresso ampio, bianco e vuoto si trova la biglietteria che distribuisce anche le audioguide, comprese nel prezzo e disponibili in italiano. La visita inizia poi dall\u2019ultimo piano; alla fine di ogni sezione si scende al livello pi\u00f9 basso, forse volendo rappresentare simbolicamente il precipitare degli eventi man mano che si procede con la visita.<\/p>\n<p class=\"western\">Sono quattro i temi principali: <b>l\u2019ascesa del movimento<\/b>, dal caos politico e dagli sconvolgimenti seguiti alla Prima guerra mondiale fino alla presa del potere (1918-1933), <b>il funzionamento dello stato nazista<\/b>, con ampio spazio dedicato alla vita quotidiana sotto il regime a Monaco (1933-1939), <b>la Seconda guerra mondiale<\/b> e i crimini di guerra (1939-1945) e <b>il dopoguerra<\/b>, con tutti i problemi connessi alla riflessione sulle responsabilit\u00e0 della Germania e ai processi per i criminali nazisti (dal 1945).<\/p>\n<p class=\"western\">Lungo il percorso ci sono <b>33 stazioni<\/b> che raccontano pi\u00f9 nello specifico un particolare evento o argomento, come il fallito putsch di Hitler a Monaco nel 1923 o il controllo sulle universit\u00e0 dopo il 1933. Per ogni stazione <b>un grande pannello in tedesco e in inglese<\/b> riassume le informazioni principali, che si possono ascoltare in traduzione italiana grazie all\u2019audioguida, e <b>ulteriori approfondimenti<\/b> si possono leggere sui tavoli vicino, sempre in doppia traduzione tedesco e inglese. A meno che non si conosca gi\u00e0 in parte la storia del nazismo ci si potrebbe perdere in questa folla di nomi luoghi e eventi descritti dagli approfondimenti, ma \u00e8 bene comunque dare un\u2019occhiata a questi tavoli, perch\u00e9 qui si trovano <b>riproduzioni di foto, giornali e manifesti dell\u2019epoca<\/b> che insieme ai <b>filmati degli anni Venti e Trenta<\/b> sono tra i documenti di maggior impatto presenti nel centro.<\/p>\n<p class=\"western\">Il grande spazio concesso a Monaco mette il visitatore di fronte a immagini di luoghi che gli sono diventati famigliari dopo giorni trascorsi nella citt\u00e0 e vedere la croce uncinata appesa al campanile del <span style=\"color: #000000;\"><span style=\"font-size: medium;\">Neues <\/span><\/span><span style=\"color: #000000;\"><span style=\"font-size: medium;\">Rathaus<\/span><\/span><span style=\"color: #000000;\"> nella meravigliosa Marienplatz <\/span><span style=\"color: #000000;\">\u00e8 semplicemente raccapricciante. <\/span><span style=\"color: #000000;\">Foto e video documentano folle immense radunate nella <\/span><span style=\"color: #000000;\"><span lang=\"it-IT\">K\u00f6nigsplatz o nella Odeonsplatz e i monacensi obbligati a fare il saluto nazista di fronte al monumento dedicato alle vittime del fallito colpo di stato di Hitler. Il sacrario era posto davanti alla Feldherrnhalle, che \u00e8 l\u2019esatta copia della Loggia di Piazza della Signoria a Firenze.<\/span><\/span><\/p>\n<p>&nbsp;<\/p>\n<p><a title=\"Folla festante per la visita di Mussolini a Monaco nel 1937\" href=\"https:\/\/www.flickr.com\/photos\/134553706@N08\/33838085748\/in\/dateposted\/\" target=\"_blank\" rel=\"noopener noreferrer\" data-flickr-embed=\"true\"><img loading=\"lazy\" decoding=\"async\" class=\"alignnone\" title=\"Folla festante per la visita di Mussolini a Monaco nel 1937\" src=\"https:\/\/live.staticflickr.com\/65535\/33838085748_2d589bb6be_b.jpg\" alt=\"Folla festante per la visita di Mussolini a Monaco nel 1937\" width=\"979\" height=\"1024\" \/><\/a><script async src=\"\/\/embedr.flickr.com\/assets\/client-code.js\" charset=\"utf-8\"><\/script><\/p>\n<p>&nbsp;<\/p>\n<p>La commistione di <strong>orrore e bellezza<\/strong> \u00e8 una costante della visita e le immagini si affastellano mostrando come il nazismo avesse preso possesso di tutti gli angoli di una delle citt\u00e0 pi\u00f9 belle della Germania, avvolgendola in una cappa cupa da cui sembrava impossibile separarla. Gli anni passano, il regime si rafforza sempre di pi\u00f9 e inizia la guerra; Monaco si ritrova cos\u00ec sfregiata due volte, dal nazismo e dai <strong>bombardamenti<\/strong> che l\u2019hanno rasa al suolo. Il legame con il nazismo era diventato tanto stretto e le violenze naziste tanto terribili da far pronunciare a Thomas Mann le dure parole che campeggiano su un muro della sala dedicata alla guerra: quando i bombardamenti sulla citt\u00e0 furono cos\u00ec devastanti da sentirsi fino in Svizzera, lo scrittore fuggito dalla Germania al momento della presa del potere di Hitler disse che, da un punto di vista storico, <strong>Monaco se lo era meritato<\/strong>.<\/p>\n<p>La sezione dedicata alla guerra si conclude con i disperati tentativi di resistenza locale, come quelli della <strong>Rosa Bianca<\/strong> dei <strong>fratelli Scholl<\/strong>, studenti universitari impiccati per aver diffuso materiale contro il regime, con le marce della morte dei prigionieri dai campi di concentramento bavaresi e con l\u2019arrivo delle truppe americane a Monaco.<\/p>\n<p>Dopo l\u2019ultima parte riservata al dopoguerra, si arriva all\u2019uscita. Fuori dalla porta a vetri si intravede la K\u00f6nigsplatz e dopo tutte quelle immagini di masse festanti e accecate dall\u2019ideologia nazista che si riunivano nella piazza, potervi camminare sotto il sole, nello spazio restituito al suo aspetto originario con i prati verdi e sgomberato dai due templi nazisti posti all\u2019imbocco della via, mentre abitanti e turisti si riposano seduti all\u2019ombra dei colonnati dei due musei contrapposti, \u00e8 davvero una liberazione.<\/p>\n<p>&nbsp;<\/p>\n<p><a title=\"Propyl\u00e4en e Ausstellungsgeb\u00e4ude nella K\u00f6nigsplatz\" href=\"https:\/\/www.flickr.com\/photos\/134553706@N08\/33838084838\/in\/dateposted\/\" target=\"_blank\" rel=\"noopener noreferrer\" data-flickr-embed=\"true\"><img loading=\"lazy\" decoding=\"async\" class=\"alignnone\" title=\"Propyl\u00e4en e Ausstellungsgeb\u00e4ude nella K\u00f6nigsplatz\" src=\"https:\/\/live.staticflickr.com\/65535\/33838084838_cc913baeaf_b.jpg\" alt=\"Propyl\u00e4en e Ausstellungsgeb\u00e4ude nella K\u00f6nigsplatz\" width=\"1023\" height=\"288\" \/><\/a><script async src=\"\/\/embedr.flickr.com\/assets\/client-code.js\" charset=\"utf-8\"><\/script><\/p>\n<p>&nbsp;<\/p>\n<p class=\"western\"><span style=\"color: #000000;\"><b>Informazioni per la visita<\/b><\/span><\/p>\n<p class=\"western\"><span style=\"color: #000000;\">Il NS-Dokumentationszentrum M\u00fcnchen si trova in <\/span><span style=\"color: #000000;\"><b>Brienner Stra<\/b><\/span><span style=\"color: #000000;\"><span lang=\"de-DE\"><b>\u00dfe <\/b><\/span><\/span><span style=\"color: #000000;\"><span lang=\"it-IT\"><b>34<\/b><\/span><\/span><span style=\"color: #000000;\"><span lang=\"it-IT\">, poco distante dalla Glyptothek e dalla collezione di Antikensammlungen nella K\u00f6nigsplatz. \u00c8 aperto tutti i giorni tranne il luned\u00ec, dalle 10 alle 19.<\/span><\/span><\/p>\n<p class=\"western\"><span style=\"color: #000000;\"><span lang=\"it-IT\">Il prezzo del biglietto \u00e8 molto accessibile: <\/span><\/span><span style=\"color: #000000;\"><span lang=\"it-IT\"><b>5<\/b><\/span><\/span><span style=\"color: #000000;\"><span lang=\"it-IT\"><b>\u20ac<\/b><\/span><\/span><span style=\"color: #000000;\"><span lang=\"it-IT\"> quello intero e <\/span><\/span><span style=\"color: #000000;\"><span lang=\"it-IT\"><b>2,50\u20ac<\/b><\/span><\/span><span style=\"color: #000000;\"><span lang=\"it-IT\"> quello ridotto, a cui hanno diritto studenti e tirocinanti.<\/span><\/span><\/p>\n<p class=\"western\"><span style=\"color: #000000;\"><span lang=\"it-IT\">L\u2019<\/span><\/span><span style=\"color: #000000;\"><span lang=\"it-IT\"><b>audioguida<\/b><\/span><\/span><span style=\"color: #000000;\"><span lang=\"it-IT\"> \u00e8 compresa nel prezzo ed \u00e8 disponibile <\/span><\/span><span style=\"color: #000000;\"><span lang=\"it-IT\"><b>in italiano<\/b><\/span><\/span><span style=\"color: #000000;\"><span lang=\"it-IT\">.<\/span><\/span><\/p>\n<p class=\"western\"><span lang=\"it-IT\">A volte il centro offre delle <\/span><span lang=\"it-IT\"><b>visite guidate tematiche<\/b><\/span><span lang=\"it-IT\"> in inglese, che si possono anche spingere fuori dal centro per guidare i visitatori in citt\u00e0. I programmi si trovano sulla home del sito e sotto la pagina Veranstaltungen\/Events.<\/span><\/p>\n<p class=\"western\"><span style=\"color: #000000;\"><span lang=\"it-IT\">Per ulteriori informazioni si pu\u00f2 visitare il sito del centro, che \u00e8 fatto molto bene e ha un\u2019ottima traduzione in inglese: <a href=\"https:\/\/www.nsdoku.de\/\">nsdoku.de<\/a>.<\/span><\/span><\/p>\n","protected":false},"excerpt":{"rendered":"<p>Se si ha poco tempo per visitare Monaco, forse non si riuscir\u00e0 a visitare questo centro, ma se si hanno a disposizione un po\u2019 di giorni consiglio di farlo, e solo alla fine del soggiorno: perch\u00e9 Monaco \u00e8 suo malgrado indissolubilmente legata alla storia del nazismo e perch\u00e9 bisogna conoscere gi\u00e0 la geografia della citt\u00e0 &#8230; <a title=\"Il Centro di documentazione del nazionalsocialismo di Monaco di Baviera\" class=\"read-more\" href=\"https:\/\/www.viaggiculturalieuropa.it\/blog\/centro-di-documentazione-del-nazionalsocialismo-di-monaco-di-baviera\/\">Leggi tutto<span class=\"screen-reader-text\">Il Centro di documentazione del nazionalsocialismo di Monaco di Baviera<\/span><\/a><\/p>\n","protected":false},"author":6,"featured_media":0,"comment_status":"open","ping_status":"open","sticky":false,"template":"","format":"standard","meta":{"telegram_tosend":false,"telegram_tosend_message":"","telegram_tosend_target":0,"_exactmetrics_skip_tracking":false,"_exactmetrics_sitenote_active":false,"_exactmetrics_sitenote_note":"","_exactmetrics_sitenote_category":0,"_bos_mb_destination":[""],"footnotes":""},"categories":[17],"tags":[],"class_list":["post-2511","post","type-post","status-publish","format-standard","hentry","category-germania"],"yoast_head":"<!-- This site is optimized with the Yoast SEO plugin v27.4 - https:\/\/yoast.com\/product\/yoast-seo-wordpress\/ -->\n<title>Il Centro di documentazione del nazionalsocialismo di Monaco di Baviera<\/title>\n<meta name=\"description\" content=\"Il Centro di documentazione del nazionalsocialismo (NS-Dokumentationszentrum M\u00fcnchen) \u00e8 il primo \u201cmuseo del nazismo\u201d mai costruito.\" \/>\n<meta name=\"robots\" content=\"index, follow, max-snippet:-1, max-image-preview:large, max-video-preview:-1\" \/>\n<link rel=\"canonical\" href=\"https:\/\/www.viaggiculturalieuropa.it\/blog\/centro-di-documentazione-del-nazionalsocialismo-di-monaco-di-baviera\/\" \/>\n<meta property=\"og:locale\" content=\"it_IT\" \/>\n<meta property=\"og:type\" content=\"article\" \/>\n<meta property=\"og:title\" content=\"Il Centro di documentazione del nazionalsocialismo di Monaco di Baviera\" \/>\n<meta property=\"og:description\" content=\"Il Centro di documentazione del nazionalsocialismo (NS-Dokumentationszentrum M\u00fcnchen) \u00e8 il primo \u201cmuseo del nazismo\u201d mai costruito.\" \/>\n<meta property=\"og:url\" content=\"https:\/\/www.viaggiculturalieuropa.it\/blog\/centro-di-documentazione-del-nazionalsocialismo-di-monaco-di-baviera\/\" \/>\n<meta property=\"og:site_name\" content=\"Viaggi Culturali Europa\" \/>\n<meta property=\"article:published_time\" content=\"2019-04-27T18:40:18+00:00\" \/>\n<meta property=\"article:modified_time\" content=\"2024-04-09T18:51:45+00:00\" \/>\n<meta property=\"og:image\" content=\"https:\/\/live.staticflickr.com\/65535\/40748860023_f7a7597b24_b.jpg\" \/>\n<meta name=\"author\" content=\"Chiara Torrisi\" \/>\n<meta name=\"twitter:card\" content=\"summary_large_image\" \/>\n<meta name=\"twitter:label1\" content=\"Scritto da\" \/>\n\t<meta name=\"twitter:data1\" content=\"Chiara Torrisi\" \/>\n\t<meta name=\"twitter:label2\" content=\"Tempo di lettura stimato\" \/>\n\t<meta name=\"twitter:data2\" content=\"7 minuti\" \/>\n<script type=\"application\/ld+json\" class=\"yoast-schema-graph\">{\"@context\":\"https:\\\/\\\/schema.org\",\"@graph\":[{\"@type\":\"Article\",\"@id\":\"https:\\\/\\\/www.viaggiculturalieuropa.it\\\/blog\\\/centro-di-documentazione-del-nazionalsocialismo-di-monaco-di-baviera\\\/#article\",\"isPartOf\":{\"@id\":\"https:\\\/\\\/www.viaggiculturalieuropa.it\\\/blog\\\/centro-di-documentazione-del-nazionalsocialismo-di-monaco-di-baviera\\\/\"},\"author\":{\"name\":\"Chiara Torrisi\",\"@id\":\"https:\\\/\\\/www.viaggiculturalieuropa.it\\\/blog\\\/#\\\/schema\\\/person\\\/3a3c2dbcf57f42189ceb9f54491a336d\"},\"headline\":\"Il Centro di documentazione del nazionalsocialismo di Monaco di Baviera\",\"datePublished\":\"2019-04-27T18:40:18+00:00\",\"dateModified\":\"2024-04-09T18:51:45+00:00\",\"mainEntityOfPage\":{\"@id\":\"https:\\\/\\\/www.viaggiculturalieuropa.it\\\/blog\\\/centro-di-documentazione-del-nazionalsocialismo-di-monaco-di-baviera\\\/\"},\"wordCount\":1123,\"commentCount\":0,\"publisher\":{\"@id\":\"https:\\\/\\\/www.viaggiculturalieuropa.it\\\/blog\\\/#organization\"},\"image\":{\"@id\":\"https:\\\/\\\/www.viaggiculturalieuropa.it\\\/blog\\\/centro-di-documentazione-del-nazionalsocialismo-di-monaco-di-baviera\\\/#primaryimage\"},\"thumbnailUrl\":\"https:\\\/\\\/live.staticflickr.com\\\/65535\\\/40748860023_f7a7597b24_b.jpg\",\"articleSection\":[\"Germania\"],\"inLanguage\":\"it-IT\",\"potentialAction\":[{\"@type\":\"CommentAction\",\"name\":\"Comment\",\"target\":[\"https:\\\/\\\/www.viaggiculturalieuropa.it\\\/blog\\\/centro-di-documentazione-del-nazionalsocialismo-di-monaco-di-baviera\\\/#respond\"]}]},{\"@type\":\"WebPage\",\"@id\":\"https:\\\/\\\/www.viaggiculturalieuropa.it\\\/blog\\\/centro-di-documentazione-del-nazionalsocialismo-di-monaco-di-baviera\\\/\",\"url\":\"https:\\\/\\\/www.viaggiculturalieuropa.it\\\/blog\\\/centro-di-documentazione-del-nazionalsocialismo-di-monaco-di-baviera\\\/\",\"name\":\"Il Centro di documentazione del nazionalsocialismo di Monaco di Baviera\",\"isPartOf\":{\"@id\":\"https:\\\/\\\/www.viaggiculturalieuropa.it\\\/blog\\\/#website\"},\"primaryImageOfPage\":{\"@id\":\"https:\\\/\\\/www.viaggiculturalieuropa.it\\\/blog\\\/centro-di-documentazione-del-nazionalsocialismo-di-monaco-di-baviera\\\/#primaryimage\"},\"image\":{\"@id\":\"https:\\\/\\\/www.viaggiculturalieuropa.it\\\/blog\\\/centro-di-documentazione-del-nazionalsocialismo-di-monaco-di-baviera\\\/#primaryimage\"},\"thumbnailUrl\":\"https:\\\/\\\/live.staticflickr.com\\\/65535\\\/40748860023_f7a7597b24_b.jpg\",\"datePublished\":\"2019-04-27T18:40:18+00:00\",\"dateModified\":\"2024-04-09T18:51:45+00:00\",\"description\":\"Il Centro di documentazione del nazionalsocialismo (NS-Dokumentationszentrum M\u00fcnchen) \u00e8 il primo \u201cmuseo del nazismo\u201d mai costruito.\",\"breadcrumb\":{\"@id\":\"https:\\\/\\\/www.viaggiculturalieuropa.it\\\/blog\\\/centro-di-documentazione-del-nazionalsocialismo-di-monaco-di-baviera\\\/#breadcrumb\"},\"inLanguage\":\"it-IT\",\"potentialAction\":[{\"@type\":\"ReadAction\",\"target\":[\"https:\\\/\\\/www.viaggiculturalieuropa.it\\\/blog\\\/centro-di-documentazione-del-nazionalsocialismo-di-monaco-di-baviera\\\/\"]}]},{\"@type\":\"ImageObject\",\"inLanguage\":\"it-IT\",\"@id\":\"https:\\\/\\\/www.viaggiculturalieuropa.it\\\/blog\\\/centro-di-documentazione-del-nazionalsocialismo-di-monaco-di-baviera\\\/#primaryimage\",\"url\":\"https:\\\/\\\/live.staticflickr.com\\\/65535\\\/40748860023_f7a7597b24_b.jpg\",\"contentUrl\":\"https:\\\/\\\/live.staticflickr.com\\\/65535\\\/40748860023_f7a7597b24_b.jpg\"},{\"@type\":\"BreadcrumbList\",\"@id\":\"https:\\\/\\\/www.viaggiculturalieuropa.it\\\/blog\\\/centro-di-documentazione-del-nazionalsocialismo-di-monaco-di-baviera\\\/#breadcrumb\",\"itemListElement\":[{\"@type\":\"ListItem\",\"position\":1,\"name\":\"Home\",\"item\":\"https:\\\/\\\/www.viaggiculturalieuropa.it\\\/blog\\\/\"},{\"@type\":\"ListItem\",\"position\":2,\"name\":\"Il Centro di documentazione del nazionalsocialismo di Monaco di Baviera\"}]},{\"@type\":\"WebSite\",\"@id\":\"https:\\\/\\\/www.viaggiculturalieuropa.it\\\/blog\\\/#website\",\"url\":\"https:\\\/\\\/www.viaggiculturalieuropa.it\\\/blog\\\/\",\"name\":\"Viaggi Culturali Europa\",\"description\":\"Scovo i luoghi culturali che hanno creato nel tempo le identit\u00e0 europee e li porto a conoscenza di chi ama viaggiare.\",\"publisher\":{\"@id\":\"https:\\\/\\\/www.viaggiculturalieuropa.it\\\/blog\\\/#organization\"},\"potentialAction\":[{\"@type\":\"SearchAction\",\"target\":{\"@type\":\"EntryPoint\",\"urlTemplate\":\"https:\\\/\\\/www.viaggiculturalieuropa.it\\\/blog\\\/?s={search_term_string}\"},\"query-input\":{\"@type\":\"PropertyValueSpecification\",\"valueRequired\":true,\"valueName\":\"search_term_string\"}}],\"inLanguage\":\"it-IT\"},{\"@type\":\"Organization\",\"@id\":\"https:\\\/\\\/www.viaggiculturalieuropa.it\\\/blog\\\/#organization\",\"name\":\"Viaggi Culturali Europa\",\"url\":\"https:\\\/\\\/www.viaggiculturalieuropa.it\\\/blog\\\/\",\"logo\":{\"@type\":\"ImageObject\",\"inLanguage\":\"it-IT\",\"@id\":\"https:\\\/\\\/www.viaggiculturalieuropa.it\\\/blog\\\/#\\\/schema\\\/logo\\\/image\\\/\",\"url\":\"https:\\\/\\\/www.viaggiculturalieuropa.it\\\/blog\\\/wp-content\\\/uploads\\\/2015\\\/08\\\/viaggi_culturali_europa.png\",\"contentUrl\":\"https:\\\/\\\/www.viaggiculturalieuropa.it\\\/blog\\\/wp-content\\\/uploads\\\/2015\\\/08\\\/viaggi_culturali_europa.png\",\"width\":300,\"height\":44,\"caption\":\"Viaggi Culturali Europa\"},\"image\":{\"@id\":\"https:\\\/\\\/www.viaggiculturalieuropa.it\\\/blog\\\/#\\\/schema\\\/logo\\\/image\\\/\"}},{\"@type\":\"Person\",\"@id\":\"https:\\\/\\\/www.viaggiculturalieuropa.it\\\/blog\\\/#\\\/schema\\\/person\\\/3a3c2dbcf57f42189ceb9f54491a336d\",\"name\":\"Chiara Torrisi\",\"image\":{\"@type\":\"ImageObject\",\"inLanguage\":\"it-IT\",\"@id\":\"https:\\\/\\\/www.viaggiculturalieuropa.it\\\/blog\\\/wp-content\\\/uploads\\\/2019\\\/03\\\/Chiara_Torrisi-96x96.jpeg\",\"url\":\"https:\\\/\\\/www.viaggiculturalieuropa.it\\\/blog\\\/wp-content\\\/uploads\\\/2019\\\/03\\\/Chiara_Torrisi-96x96.jpeg\",\"contentUrl\":\"https:\\\/\\\/www.viaggiculturalieuropa.it\\\/blog\\\/wp-content\\\/uploads\\\/2019\\\/03\\\/Chiara_Torrisi-96x96.jpeg\",\"caption\":\"Chiara Torrisi\"},\"description\":\"Collaboratore presso Museum f\u00fcr Ur- und Fr\u00fchgeschichte Th\u00fcringens. Visita il profilo Linkedin di Chiara Torrisi per avere maggiori informazioni.\",\"url\":\"https:\\\/\\\/www.viaggiculturalieuropa.it\\\/blog\\\/author\\\/chiara-torrisi\\\/\"}]}<\/script>\n<!-- \/ Yoast SEO plugin. -->","yoast_head_json":{"title":"Il Centro di documentazione del nazionalsocialismo di Monaco di Baviera","description":"Il Centro di documentazione del nazionalsocialismo (NS-Dokumentationszentrum M\u00fcnchen) \u00e8 il primo \u201cmuseo del nazismo\u201d mai costruito.","robots":{"index":"index","follow":"follow","max-snippet":"max-snippet:-1","max-image-preview":"max-image-preview:large","max-video-preview":"max-video-preview:-1"},"canonical":"https:\/\/www.viaggiculturalieuropa.it\/blog\/centro-di-documentazione-del-nazionalsocialismo-di-monaco-di-baviera\/","og_locale":"it_IT","og_type":"article","og_title":"Il Centro di documentazione del nazionalsocialismo di Monaco di Baviera","og_description":"Il Centro di documentazione del nazionalsocialismo (NS-Dokumentationszentrum M\u00fcnchen) \u00e8 il primo \u201cmuseo del nazismo\u201d mai costruito.","og_url":"https:\/\/www.viaggiculturalieuropa.it\/blog\/centro-di-documentazione-del-nazionalsocialismo-di-monaco-di-baviera\/","og_site_name":"Viaggi Culturali Europa","article_published_time":"2019-04-27T18:40:18+00:00","article_modified_time":"2024-04-09T18:51:45+00:00","og_image":[{"url":"https:\/\/live.staticflickr.com\/65535\/40748860023_f7a7597b24_b.jpg","type":"","width":"","height":""}],"author":"Chiara Torrisi","twitter_card":"summary_large_image","twitter_misc":{"Scritto da":"Chiara Torrisi","Tempo di lettura stimato":"7 minuti"},"schema":{"@context":"https:\/\/schema.org","@graph":[{"@type":"Article","@id":"https:\/\/www.viaggiculturalieuropa.it\/blog\/centro-di-documentazione-del-nazionalsocialismo-di-monaco-di-baviera\/#article","isPartOf":{"@id":"https:\/\/www.viaggiculturalieuropa.it\/blog\/centro-di-documentazione-del-nazionalsocialismo-di-monaco-di-baviera\/"},"author":{"name":"Chiara Torrisi","@id":"https:\/\/www.viaggiculturalieuropa.it\/blog\/#\/schema\/person\/3a3c2dbcf57f42189ceb9f54491a336d"},"headline":"Il Centro di documentazione del nazionalsocialismo di Monaco di Baviera","datePublished":"2019-04-27T18:40:18+00:00","dateModified":"2024-04-09T18:51:45+00:00","mainEntityOfPage":{"@id":"https:\/\/www.viaggiculturalieuropa.it\/blog\/centro-di-documentazione-del-nazionalsocialismo-di-monaco-di-baviera\/"},"wordCount":1123,"commentCount":0,"publisher":{"@id":"https:\/\/www.viaggiculturalieuropa.it\/blog\/#organization"},"image":{"@id":"https:\/\/www.viaggiculturalieuropa.it\/blog\/centro-di-documentazione-del-nazionalsocialismo-di-monaco-di-baviera\/#primaryimage"},"thumbnailUrl":"https:\/\/live.staticflickr.com\/65535\/40748860023_f7a7597b24_b.jpg","articleSection":["Germania"],"inLanguage":"it-IT","potentialAction":[{"@type":"CommentAction","name":"Comment","target":["https:\/\/www.viaggiculturalieuropa.it\/blog\/centro-di-documentazione-del-nazionalsocialismo-di-monaco-di-baviera\/#respond"]}]},{"@type":"WebPage","@id":"https:\/\/www.viaggiculturalieuropa.it\/blog\/centro-di-documentazione-del-nazionalsocialismo-di-monaco-di-baviera\/","url":"https:\/\/www.viaggiculturalieuropa.it\/blog\/centro-di-documentazione-del-nazionalsocialismo-di-monaco-di-baviera\/","name":"Il Centro di documentazione del nazionalsocialismo di Monaco di Baviera","isPartOf":{"@id":"https:\/\/www.viaggiculturalieuropa.it\/blog\/#website"},"primaryImageOfPage":{"@id":"https:\/\/www.viaggiculturalieuropa.it\/blog\/centro-di-documentazione-del-nazionalsocialismo-di-monaco-di-baviera\/#primaryimage"},"image":{"@id":"https:\/\/www.viaggiculturalieuropa.it\/blog\/centro-di-documentazione-del-nazionalsocialismo-di-monaco-di-baviera\/#primaryimage"},"thumbnailUrl":"https:\/\/live.staticflickr.com\/65535\/40748860023_f7a7597b24_b.jpg","datePublished":"2019-04-27T18:40:18+00:00","dateModified":"2024-04-09T18:51:45+00:00","description":"Il Centro di documentazione del nazionalsocialismo (NS-Dokumentationszentrum M\u00fcnchen) \u00e8 il primo \u201cmuseo del nazismo\u201d mai costruito.","breadcrumb":{"@id":"https:\/\/www.viaggiculturalieuropa.it\/blog\/centro-di-documentazione-del-nazionalsocialismo-di-monaco-di-baviera\/#breadcrumb"},"inLanguage":"it-IT","potentialAction":[{"@type":"ReadAction","target":["https:\/\/www.viaggiculturalieuropa.it\/blog\/centro-di-documentazione-del-nazionalsocialismo-di-monaco-di-baviera\/"]}]},{"@type":"ImageObject","inLanguage":"it-IT","@id":"https:\/\/www.viaggiculturalieuropa.it\/blog\/centro-di-documentazione-del-nazionalsocialismo-di-monaco-di-baviera\/#primaryimage","url":"https:\/\/live.staticflickr.com\/65535\/40748860023_f7a7597b24_b.jpg","contentUrl":"https:\/\/live.staticflickr.com\/65535\/40748860023_f7a7597b24_b.jpg"},{"@type":"BreadcrumbList","@id":"https:\/\/www.viaggiculturalieuropa.it\/blog\/centro-di-documentazione-del-nazionalsocialismo-di-monaco-di-baviera\/#breadcrumb","itemListElement":[{"@type":"ListItem","position":1,"name":"Home","item":"https:\/\/www.viaggiculturalieuropa.it\/blog\/"},{"@type":"ListItem","position":2,"name":"Il Centro di documentazione del nazionalsocialismo di Monaco di Baviera"}]},{"@type":"WebSite","@id":"https:\/\/www.viaggiculturalieuropa.it\/blog\/#website","url":"https:\/\/www.viaggiculturalieuropa.it\/blog\/","name":"Viaggi Culturali Europa","description":"Scovo i luoghi culturali che hanno creato nel tempo le identit\u00e0 europee e li porto a conoscenza di chi ama viaggiare.","publisher":{"@id":"https:\/\/www.viaggiculturalieuropa.it\/blog\/#organization"},"potentialAction":[{"@type":"SearchAction","target":{"@type":"EntryPoint","urlTemplate":"https:\/\/www.viaggiculturalieuropa.it\/blog\/?s={search_term_string}"},"query-input":{"@type":"PropertyValueSpecification","valueRequired":true,"valueName":"search_term_string"}}],"inLanguage":"it-IT"},{"@type":"Organization","@id":"https:\/\/www.viaggiculturalieuropa.it\/blog\/#organization","name":"Viaggi Culturali Europa","url":"https:\/\/www.viaggiculturalieuropa.it\/blog\/","logo":{"@type":"ImageObject","inLanguage":"it-IT","@id":"https:\/\/www.viaggiculturalieuropa.it\/blog\/#\/schema\/logo\/image\/","url":"https:\/\/www.viaggiculturalieuropa.it\/blog\/wp-content\/uploads\/2015\/08\/viaggi_culturali_europa.png","contentUrl":"https:\/\/www.viaggiculturalieuropa.it\/blog\/wp-content\/uploads\/2015\/08\/viaggi_culturali_europa.png","width":300,"height":44,"caption":"Viaggi Culturali Europa"},"image":{"@id":"https:\/\/www.viaggiculturalieuropa.it\/blog\/#\/schema\/logo\/image\/"}},{"@type":"Person","@id":"https:\/\/www.viaggiculturalieuropa.it\/blog\/#\/schema\/person\/3a3c2dbcf57f42189ceb9f54491a336d","name":"Chiara Torrisi","image":{"@type":"ImageObject","inLanguage":"it-IT","@id":"https:\/\/www.viaggiculturalieuropa.it\/blog\/wp-content\/uploads\/2019\/03\/Chiara_Torrisi-96x96.jpeg","url":"https:\/\/www.viaggiculturalieuropa.it\/blog\/wp-content\/uploads\/2019\/03\/Chiara_Torrisi-96x96.jpeg","contentUrl":"https:\/\/www.viaggiculturalieuropa.it\/blog\/wp-content\/uploads\/2019\/03\/Chiara_Torrisi-96x96.jpeg","caption":"Chiara Torrisi"},"description":"Collaboratore presso Museum f\u00fcr Ur- und Fr\u00fchgeschichte Th\u00fcringens. Visita il profilo Linkedin di Chiara Torrisi per avere maggiori informazioni.","url":"https:\/\/www.viaggiculturalieuropa.it\/blog\/author\/chiara-torrisi\/"}]}},"_links":{"self":[{"href":"https:\/\/www.viaggiculturalieuropa.it\/blog\/wp-json\/wp\/v2\/posts\/2511","targetHints":{"allow":["GET"]}}],"collection":[{"href":"https:\/\/www.viaggiculturalieuropa.it\/blog\/wp-json\/wp\/v2\/posts"}],"about":[{"href":"https:\/\/www.viaggiculturalieuropa.it\/blog\/wp-json\/wp\/v2\/types\/post"}],"author":[{"embeddable":true,"href":"https:\/\/www.viaggiculturalieuropa.it\/blog\/wp-json\/wp\/v2\/users\/6"}],"replies":[{"embeddable":true,"href":"https:\/\/www.viaggiculturalieuropa.it\/blog\/wp-json\/wp\/v2\/comments?post=2511"}],"version-history":[{"count":6,"href":"https:\/\/www.viaggiculturalieuropa.it\/blog\/wp-json\/wp\/v2\/posts\/2511\/revisions"}],"predecessor-version":[{"id":2946,"href":"https:\/\/www.viaggiculturalieuropa.it\/blog\/wp-json\/wp\/v2\/posts\/2511\/revisions\/2946"}],"wp:attachment":[{"href":"https:\/\/www.viaggiculturalieuropa.it\/blog\/wp-json\/wp\/v2\/media?parent=2511"}],"wp:term":[{"taxonomy":"category","embeddable":true,"href":"https:\/\/www.viaggiculturalieuropa.it\/blog\/wp-json\/wp\/v2\/categories?post=2511"},{"taxonomy":"post_tag","embeddable":true,"href":"https:\/\/www.viaggiculturalieuropa.it\/blog\/wp-json\/wp\/v2\/tags?post=2511"}],"curies":[{"name":"wp","href":"https:\/\/api.w.org\/{rel}","templated":true}]}}