{"id":2793,"date":"2021-07-05T14:43:58","date_gmt":"2021-07-05T12:43:58","guid":{"rendered":"https:\/\/www.viaggiculturalieuropa.it\/blog\/?p=2793"},"modified":"2021-07-05T14:43:58","modified_gmt":"2021-07-05T12:43:58","slug":"cosa-vedere-in-val-di-fassa","status":"publish","type":"post","link":"https:\/\/www.viaggiculturalieuropa.it\/blog\/cosa-vedere-in-val-di-fassa\/","title":{"rendered":"Cosa vedere in Val di Fassa: guida alla suggestiva valle del Trentino"},"content":{"rendered":"<p>Sei desideroso di sapere <strong>cosa vedere in Val di Fassa<\/strong>? In questo articolo scoprirai quali sono i luoghi storici pi\u00f9 belli che caratterizzano questo territorio magico del Trentino.<\/p>\n<p><a title=\"Val di Fassa\" href=\"https:\/\/www.flickr.com\/photos\/lorenzapanizza\/27451744575\/\" target=\"_blank\" rel=\"noopener\" data-flickr-embed=\"true\"><img loading=\"lazy\" decoding=\"async\" class=\"alignnone\" title=\"Cosa vedere in Val di Fassa\" src=\"https:\/\/live.staticflickr.com\/7686\/27451744575_a5e9210eb7_b.jpg\" alt=\"Cosa vedere in Val di Fassa\" width=\"1024\" height=\"562\" \/><\/a><script async src=\"\/\/embedr.flickr.com\/assets\/client-code.js\" charset=\"utf-8\"><\/script><\/p>\n<p><!--more--><\/p>\n<h1>Cosa vedere in Val di Fassa<\/h1>\n<p>Il Trentino \u00e8 una delle mete pi\u00f9 ambite d\u2019Italia e tra poco <strong>scoprirai cosa vedere in Val di Fassa, una delle vallate pi\u00f9 belle e suggestive<\/strong>.<\/p>\n<p>Il tratto distintivo del territorio \u00e8 la presenza di importanti massicci montuosi delle Dolomiti, i cosiddetti Monti Pallidi, che hanno nella Marmolada e il Gruppo del Sella i pi\u00f9 frequentati.<\/p>\n<p>La Val di Fassa si trova nel settore nord orientale del Trentino a confine con l\u2019Austria.<\/p>\n<p>Vediamo quali sono i paesi da vedere in Val di Fassa.<\/p>\n<p>&nbsp;<\/p>\n<h2>Paesi da non perdere<\/h2>\n<h3>Canazei<\/h3>\n<p><a title=\"Trentino\" href=\"https:\/\/www.flickr.com\/photos\/140507453@N05\/50225482348\/\" target=\"_blank\" rel=\"noopener\" data-flickr-embed=\"true\"><img loading=\"lazy\" decoding=\"async\" class=\"alignnone\" title=\"Canazei - Trentino\" src=\"https:\/\/live.staticflickr.com\/65535\/50225482348_079cc3f808_b.jpg\" alt=\"Canazei - Trentino\" width=\"1024\" height=\"683\" \/><\/a><script async src=\"\/\/embedr.flickr.com\/assets\/client-code.js\" charset=\"utf-8\"><\/script><\/p>\n<p>Se ti stai chiedendo cosa vedere in Val di Fassa in estate una risposta di sicuro la trovi a Canazie.<\/p>\n<p>Localit\u00e0 turistica con le tipiche case in legno decorate sui balconi da splendidi e profumati fiori. Immersa nel verde \u00e8 ideale per grandi e piccini.<\/p>\n<p>Dal punto di vista culturale non c\u2019\u00e8 molto da vedere, perch\u00e9 il paese \u00e8 storicamente recente, dunque non ha una storicit\u00e0 sostanziosa che giustificherebbe la presenza di monumenti.<\/p>\n<p>Voglio per\u00f2 segnalarti nella frazione di Gries una chiesa dalla storia curiosa con le tipiche forme degli edifici ecclesiastici del centro Europa, come le <a href=\"https:\/\/www.viaggiculturalieuropa.it\/blog\/cosa-visitare-in-baviera-tour-delle-chiese-barocche\/\" target=\"_blank\" rel=\"noopener\">chiese della Baviera<\/a> o altri territori di tradizione teutonica: <strong>la chiesa della Madonna della Neve<\/strong>.<\/p>\n<p><a title=\"Canazei (Tn). Chiesa. 2013.\" href=\"https:\/\/www.flickr.com\/photos\/fotogino\/48444812532\/\" target=\"_blank\" rel=\"noopener\" data-flickr-embed=\"true\"><img loading=\"lazy\" decoding=\"async\" class=\"alignnone\" title=\"Canazei - chiesa della Madonna della Neve\" src=\"https:\/\/live.staticflickr.com\/65535\/48444812532_6416511820_b.jpg\" alt=\"Canazei - chiesa della Madonna della Neve\" width=\"1024\" height=\"768\" \/><\/a><script async src=\"\/\/embedr.flickr.com\/assets\/client-code.js\" charset=\"utf-8\"><\/script><\/p>\n<p>Molto suggestivo il nome, ma \u00e8 la forma che ha catturato la mia attenzione e mi ha fatto venire in mente la Cappella di San Bartolomeo sul <a href=\"https:\/\/www.viaggiculturalieuropa.it\/blog\/il-lago-di-konigssee-una-guida-completa-sulla-traversata\/\" target=\"_blank\" rel=\"noopener\">Lago di K\u00f6nigssee<\/a>.<\/p>\n<p>L\u2019edificio risale al XVI secolo e da allora \u00e8 considerata un punto di riferimento culturale per l\u2019intero territorio, una delle chiese pi\u00f9 antiche in questa zona del Trentino.<\/p>\n<p>Prima di proseguire con la nostra guida su cosa vedere in Val di Fassa voglio raccontarti un aneddoto storico che mi ha molto colpito.<\/p>\n<p>Durante la Prima guerra mondiale l\u2019esercito austriaco requis\u00ec con la forza le campane della Chiesa della Madonna della Neve e nel dopoguerra l\u2019edificio fu convertito in cinema e centro ricreativo, dimenticato come luogo di culto.<\/p>\n<p>Le motivazioni non sono ben chiare, perch\u00e9 persino gli arredi e le suppellettili sacre vennero trasferite altrove. Divenne una sorta di luogo maledetto. E la situazione peggior\u00f2 sempre pi\u00f9, finch\u00e9 la chiesa fu definitivamente abbandonata fino agli anni \u201870 del Novecento.<\/p>\n<p>Tra gli anni \u201870 e \u201880 l&#8217;edificio venne ristrutturato e la chiesa fu cos\u00ec nuovamente utilizzata per le celebrazioni religiose.<\/p>\n<p>Come accade in molti altre parti d\u2019Europa, gli edifici storici vengono dismessi senza un reale motivo e in molti casi vengono dimenticati, cos\u00ec per fortuna non \u00e8 stato per questo gioiello di architettura trentina, che si lega alla tradizione artistica austriaca e tedesca.<\/p>\n<p>&nbsp;<\/p>\n<h3>Moena<\/h3>\n<p><a title=\"Italia 81\" href=\"https:\/\/www.flickr.com\/photos\/eloyrodri\/49824379583\/\" target=\"_blank\" rel=\"noopener\" data-flickr-embed=\"true\"><img loading=\"lazy\" decoding=\"async\" class=\"alignnone\" title=\"Moena - Trentino\" src=\"https:\/\/live.staticflickr.com\/65535\/49824379583_3f542c2763_b.jpg\" alt=\"Moena - Trentino\" width=\"1024\" height=\"683\" \/><\/a><script async src=\"\/\/embedr.flickr.com\/assets\/client-code.js\" charset=\"utf-8\"><\/script><\/p>\n<p>Cosa visitare in Val di Fassa? Ecco un altro paese suggestivo. Qui, oltre al paesino, che merita una passeggiata, dal punto di vista storico ti consiglio una visita al suggestivo Forte Someda.<\/p>\n<p>Parliamo di una fortificazione militare austro-ungarica, che si trova vicino alla frazione di Someda.<\/p>\n<p>Questo edificio militare costruito alla fine dell\u2019Ottocento, controllava la vallata, come \u00e8 solito dei forti alpini e apparteneva al &#8220;sottosbarramento di Moena&#8221;, parte del cosiddetto &#8220;Sbarramento Passo Rolle&#8221; detto anche &#8220;Subrayon IV&#8221;. Se non lo sai rappresenta il pi\u00f9 grande sistema difensivo che l\u2019Austria ha mai costruito sul confine italiano.<\/p>\n<p><a title=\"Forte Someda - 1\" href=\"https:\/\/www.flickr.com\/photos\/anto_gal\/16025651020\/\" target=\"_blank\" rel=\"noopener\" data-flickr-embed=\"true\"><img loading=\"lazy\" decoding=\"async\" class=\"alignnone\" title=\"Forte Someda\" src=\"https:\/\/live.staticflickr.com\/7480\/16025651020_87cf355e91_b.jpg\" alt=\"Forte Someda\" width=\"1024\" height=\"767\" \/><\/a><script async src=\"\/\/embedr.flickr.com\/assets\/client-code.js\" charset=\"utf-8\"><\/script><\/p>\n<p>Oggi \u00e8 un rudere che porta con s\u00e9 la suggestione degli edifici abbandonati. Si trova in un punto non agevole alle visite con bambini e pu\u00f2 essere fotografato solo dall\u2019esterno, per\u00f2 se ami l\u2019archeologia industriale e militare, allora \u00e8 il posto che fa per te.<\/p>\n<p>Arriverai dopo una bella passeggiata sulle alture alpine e sicuramente troverai uno dei punti panoramici pi\u00f9 interessanti della vallata.<\/p>\n<p>&nbsp;<\/p>\n<h3>Campitello di Fassa<\/h3>\n<p><a title=\"Campitello\" href=\"https:\/\/www.flickr.com\/photos\/127651769@N03\/28723423054\/\" target=\"_blank\" rel=\"noopener\" data-flickr-embed=\"true\"><img loading=\"lazy\" decoding=\"async\" class=\"alignnone\" title=\"Campitello di Fassa\" src=\"https:\/\/live.staticflickr.com\/7519\/28723423054_3bcd571bb6_b.jpg\" alt=\"Campitello di Fassa\" width=\"1024\" height=\"683\" \/><\/a><script async src=\"\/\/embedr.flickr.com\/assets\/client-code.js\" charset=\"utf-8\"><\/script><\/p>\n<p>Anche Campitello come i paesi citati precedentemente \u00e8 una localit\u00e0 molto turistica. Il centro storico \u00e8 carino e ricco di negozietti di prodotti tipici.<\/p>\n<p>Campitello di Fassa \u00e8 adatto soprattutto alle famiglie, perch\u00e9 \u00e8 attraversato da una bellissima strada che ha come estremi Canazei e Campestrin. Lungo la strada, immersa in uno splendido bosco, trovi aree giochi e parchi avventura per i bambini, oltre a un maneggio attrezzato per tutte le et\u00e0.<\/p>\n<p>Se stai pensando a cosa fare in Val di Fassa con i bambini, sicuramente puoi inserire nella lista le passeggiate a cavallo e lo svago sui giochi in legno, e a Campitello trovi tutto quello che ti serve per far giocare i tuoi bambini in sicurezza.<\/p>\n<p>&nbsp;<\/p>\n<h2>Cose da fare in Val di Fassa<\/h2>\n<p><a title=\"J\u00ebuf de Sela\/Sellajoch\/Passo Sella\" href=\"https:\/\/www.flickr.com\/photos\/fede_92\/51286325376\/\" target=\"_blank\" rel=\"noopener\" data-flickr-embed=\"true\"><img loading=\"lazy\" decoding=\"async\" class=\"alignnone\" title=\"Passo Sella\" src=\"https:\/\/live.staticflickr.com\/65535\/51286325376_45284332b2_b.jpg\" alt=\"Passo Sella\" width=\"1024\" height=\"427\" \/><\/a><script async src=\"\/\/embedr.flickr.com\/assets\/client-code.js\" charset=\"utf-8\"><\/script><\/p>\n<p>Proseguiamo con la nostra guida su cosa vedere in Val di Fassa e vediamo quali sono le migliori passeggiate, se hai intenzione di fermarti in Trentino per una settimana.<\/p>\n<p>La prima cosa da fare \u00e8 esplorare il <strong>Passo Sella<\/strong>. Il punto di partenza \u00e8 a Campitello di Fassa. Prendi la funivia Col Rodella e arriverai all\u2019omonimo rifugio. Da qui parte una incredibile passeggiata che ti porter\u00e0 a esplorare scorci meravigliosi.<\/p>\n<p>Il passo \u00e8 costellato di baite e rifugi quindi non avrai problemi a trovare ristoro per cibo, acqua e bagni. Consigliato anche alle passeggiate con bambini. Il percorso si chiude al Rifugio Salei, dove nei dintorni trovi funivie e seggiovie che ti porteranno a valle sul lato della localit\u00e0 Sassolungo.<\/p>\n<p>Il Passo Sella \u00e8 delizioso sia di inverno, con il paesaggio innevato, sia d\u2019estate. Siamo a 2240 metri s.l.m.<\/p>\n<p>Seconda tappa imperdibile \u00e8 rappresentata dalla <strong>Val San Nicol\u00f2<\/strong>. Contro quello che puoi leggere in giro, la passeggiata non \u00e8 consigliata ai bambini sotto i 6 anni. Io ci sono stato con un bambino di due anni e non \u00e8 stato affatto semplice.<\/p>\n<p>La Val San Nicol\u00f2 si pu\u00f2 raggiungere in diversi modi, vediamo quali sono.<\/p>\n<p>A causa degli alberi caduti dopo il maltempo del 2018 \u00e8 vietato l\u2019accesso alle auto, quindi devi parcheggiare a Pozza di Fassa.<\/p>\n<p>Da qui puoi prendere un bus navetta fino alla Baita Ta Cajaa, oppure puoi salire sul trenino panoramico che ferma alla Baita Ciampi\u00e8.<\/p>\n<p>Ne vale la pena? Assolutamente s\u00ec, ma spera che non piova perch\u00e9 le baite sono distanti l\u2019una dall\u2019altra e i mezzi per scendere al parcheggio di Pozza di Fassa hanno degli orari ben precisi.<\/p>\n<p>&nbsp;<\/p>\n<h2>Dove dormire in Val di Fassa<\/h2>\n<p>Prima di chiudere questa guida su cosa vedere in Val di Fassa, ci teniamo a darti dei suggerimenti su dove dormire. Ecco tre hotel ottimi per tutte le famiglie:<\/p>\n<ul>\n<li style=\"list-style-type: none;\">\n<ul>\n<li><a href=\"https:\/\/www.booking.com\/hotel\/it\/stella-montis.it.html?aid=850524&amp;no_rooms=1&amp;group_adults=2\" target=\"_blank\" rel=\"sponsored noopener\">Hotel Stella Montis<\/a> (Campitello di Fassa) &#8212; Immerso nel verde ma non lontano dalle attrazioni<\/li>\n<li><a href=\"https:\/\/www.booking.com\/hotel\/it\/central-moena.it.html?aid=850524&amp;no_rooms=1&amp;group_adults=2\" target=\"_blank\" rel=\"sponsored noopener\">Central Hotel<\/a> (Moena) &#8212; Per chi ama i pernottamenti in paese<\/li>\n<li><a href=\"https:\/\/www.booking.com\/hotel\/it\/medil.it.html?aid=850524&amp;no_rooms=1&amp;group_adults=2\" target=\"_blank\" rel=\"sponsored noopener\">Hotel Medil<\/a> (Campitello di Fassa) &#8212; Ottima qualit\u00e0 prezzo<\/li>\n<\/ul>\n<\/li>\n<\/ul>\n","protected":false},"excerpt":{"rendered":"<p>Sei desideroso di sapere cosa vedere in Val di Fassa? In questo articolo scoprirai quali sono i luoghi storici pi\u00f9 belli che caratterizzano questo territorio magico del Trentino.<\/p>\n","protected":false},"author":2,"featured_media":0,"comment_status":"open","ping_status":"open","sticky":false,"template":"","format":"standard","meta":{"telegram_tosend":false,"telegram_tosend_message":"","telegram_tosend_target":0,"_exactmetrics_skip_tracking":false,"_exactmetrics_sitenote_active":false,"_exactmetrics_sitenote_note":"","_exactmetrics_sitenote_category":0,"_bos_mb_destination":["Val di Fassa"],"footnotes":""},"categories":[8],"tags":[],"class_list":["post-2793","post","type-post","status-publish","format-standard","hentry","category-italia"],"yoast_head":"<!-- This site is optimized with the Yoast SEO plugin v27.4 - https:\/\/yoast.com\/product\/yoast-seo-wordpress\/ -->\n<title>Cosa vedere in Val di Fassa: guida alla suggestiva valle del Trentino<\/title>\n<meta name=\"description\" content=\"Il Trentino \u00e8 una delle mete pi\u00f9 ambite d\u2019Italia e tra poco scoprirai cosa vedere in Val di Fassa, una delle vallate pi\u00f9 belle e suggestive.\" \/>\n<meta name=\"robots\" content=\"index, follow, max-snippet:-1, max-image-preview:large, max-video-preview:-1\" \/>\n<link rel=\"canonical\" href=\"https:\/\/www.viaggiculturalieuropa.it\/blog\/cosa-vedere-in-val-di-fassa\/\" \/>\n<meta property=\"og:locale\" content=\"it_IT\" \/>\n<meta property=\"og:type\" content=\"article\" \/>\n<meta property=\"og:title\" content=\"Cosa vedere in Val di Fassa: guida alla suggestiva valle del Trentino\" \/>\n<meta property=\"og:description\" content=\"Il Trentino \u00e8 una delle mete pi\u00f9 ambite d\u2019Italia e tra poco scoprirai cosa vedere in Val di Fassa, una delle vallate pi\u00f9 belle e suggestive.\" \/>\n<meta property=\"og:url\" content=\"https:\/\/www.viaggiculturalieuropa.it\/blog\/cosa-vedere-in-val-di-fassa\/\" \/>\n<meta property=\"og:site_name\" content=\"Viaggi Culturali Europa\" \/>\n<meta property=\"article:published_time\" content=\"2021-07-05T12:43:58+00:00\" \/>\n<meta property=\"og:image\" content=\"https:\/\/live.staticflickr.com\/7686\/27451744575_a5e9210eb7_b.jpg\" \/>\n<meta name=\"author\" content=\"Alessandro Paoli\" \/>\n<meta name=\"twitter:card\" content=\"summary_large_image\" \/>\n<meta name=\"twitter:label1\" content=\"Scritto da\" \/>\n\t<meta name=\"twitter:data1\" content=\"Alessandro Paoli\" \/>\n\t<meta name=\"twitter:label2\" content=\"Tempo di lettura stimato\" \/>\n\t<meta name=\"twitter:data2\" content=\"7 minuti\" \/>\n<script type=\"application\/ld+json\" class=\"yoast-schema-graph\">{\"@context\":\"https:\\\/\\\/schema.org\",\"@graph\":[{\"@type\":\"Article\",\"@id\":\"https:\\\/\\\/www.viaggiculturalieuropa.it\\\/blog\\\/cosa-vedere-in-val-di-fassa\\\/#article\",\"isPartOf\":{\"@id\":\"https:\\\/\\\/www.viaggiculturalieuropa.it\\\/blog\\\/cosa-vedere-in-val-di-fassa\\\/\"},\"author\":{\"name\":\"Alessandro Paoli\",\"@id\":\"https:\\\/\\\/www.viaggiculturalieuropa.it\\\/blog\\\/#\\\/schema\\\/person\\\/c308935b9c5ce1c1f251a716046a5e77\"},\"headline\":\"Cosa vedere in Val di Fassa: guida alla suggestiva valle del Trentino\",\"datePublished\":\"2021-07-05T12:43:58+00:00\",\"mainEntityOfPage\":{\"@id\":\"https:\\\/\\\/www.viaggiculturalieuropa.it\\\/blog\\\/cosa-vedere-in-val-di-fassa\\\/\"},\"wordCount\":1096,\"commentCount\":0,\"publisher\":{\"@id\":\"https:\\\/\\\/www.viaggiculturalieuropa.it\\\/blog\\\/#organization\"},\"image\":{\"@id\":\"https:\\\/\\\/www.viaggiculturalieuropa.it\\\/blog\\\/cosa-vedere-in-val-di-fassa\\\/#primaryimage\"},\"thumbnailUrl\":\"https:\\\/\\\/live.staticflickr.com\\\/7686\\\/27451744575_a5e9210eb7_b.jpg\",\"articleSection\":[\"Italia\"],\"inLanguage\":\"it-IT\",\"potentialAction\":[{\"@type\":\"CommentAction\",\"name\":\"Comment\",\"target\":[\"https:\\\/\\\/www.viaggiculturalieuropa.it\\\/blog\\\/cosa-vedere-in-val-di-fassa\\\/#respond\"]}]},{\"@type\":\"WebPage\",\"@id\":\"https:\\\/\\\/www.viaggiculturalieuropa.it\\\/blog\\\/cosa-vedere-in-val-di-fassa\\\/\",\"url\":\"https:\\\/\\\/www.viaggiculturalieuropa.it\\\/blog\\\/cosa-vedere-in-val-di-fassa\\\/\",\"name\":\"Cosa vedere in Val di Fassa: guida alla suggestiva valle del Trentino\",\"isPartOf\":{\"@id\":\"https:\\\/\\\/www.viaggiculturalieuropa.it\\\/blog\\\/#website\"},\"primaryImageOfPage\":{\"@id\":\"https:\\\/\\\/www.viaggiculturalieuropa.it\\\/blog\\\/cosa-vedere-in-val-di-fassa\\\/#primaryimage\"},\"image\":{\"@id\":\"https:\\\/\\\/www.viaggiculturalieuropa.it\\\/blog\\\/cosa-vedere-in-val-di-fassa\\\/#primaryimage\"},\"thumbnailUrl\":\"https:\\\/\\\/live.staticflickr.com\\\/7686\\\/27451744575_a5e9210eb7_b.jpg\",\"datePublished\":\"2021-07-05T12:43:58+00:00\",\"description\":\"Il Trentino \u00e8 una delle mete pi\u00f9 ambite d\u2019Italia e tra poco scoprirai cosa vedere in Val di Fassa, una delle vallate pi\u00f9 belle e suggestive.\",\"breadcrumb\":{\"@id\":\"https:\\\/\\\/www.viaggiculturalieuropa.it\\\/blog\\\/cosa-vedere-in-val-di-fassa\\\/#breadcrumb\"},\"inLanguage\":\"it-IT\",\"potentialAction\":[{\"@type\":\"ReadAction\",\"target\":[\"https:\\\/\\\/www.viaggiculturalieuropa.it\\\/blog\\\/cosa-vedere-in-val-di-fassa\\\/\"]}]},{\"@type\":\"ImageObject\",\"inLanguage\":\"it-IT\",\"@id\":\"https:\\\/\\\/www.viaggiculturalieuropa.it\\\/blog\\\/cosa-vedere-in-val-di-fassa\\\/#primaryimage\",\"url\":\"https:\\\/\\\/live.staticflickr.com\\\/7686\\\/27451744575_a5e9210eb7_b.jpg\",\"contentUrl\":\"https:\\\/\\\/live.staticflickr.com\\\/7686\\\/27451744575_a5e9210eb7_b.jpg\"},{\"@type\":\"BreadcrumbList\",\"@id\":\"https:\\\/\\\/www.viaggiculturalieuropa.it\\\/blog\\\/cosa-vedere-in-val-di-fassa\\\/#breadcrumb\",\"itemListElement\":[{\"@type\":\"ListItem\",\"position\":1,\"name\":\"Home\",\"item\":\"https:\\\/\\\/www.viaggiculturalieuropa.it\\\/blog\\\/\"},{\"@type\":\"ListItem\",\"position\":2,\"name\":\"Cosa vedere in Val di Fassa: guida alla suggestiva valle del Trentino\"}]},{\"@type\":\"WebSite\",\"@id\":\"https:\\\/\\\/www.viaggiculturalieuropa.it\\\/blog\\\/#website\",\"url\":\"https:\\\/\\\/www.viaggiculturalieuropa.it\\\/blog\\\/\",\"name\":\"Viaggi Culturali Europa\",\"description\":\"Scovo i luoghi culturali che hanno creato nel tempo le identit\u00e0 europee e li porto a conoscenza di chi ama viaggiare.\",\"publisher\":{\"@id\":\"https:\\\/\\\/www.viaggiculturalieuropa.it\\\/blog\\\/#organization\"},\"potentialAction\":[{\"@type\":\"SearchAction\",\"target\":{\"@type\":\"EntryPoint\",\"urlTemplate\":\"https:\\\/\\\/www.viaggiculturalieuropa.it\\\/blog\\\/?s={search_term_string}\"},\"query-input\":{\"@type\":\"PropertyValueSpecification\",\"valueRequired\":true,\"valueName\":\"search_term_string\"}}],\"inLanguage\":\"it-IT\"},{\"@type\":\"Organization\",\"@id\":\"https:\\\/\\\/www.viaggiculturalieuropa.it\\\/blog\\\/#organization\",\"name\":\"Viaggi Culturali Europa\",\"url\":\"https:\\\/\\\/www.viaggiculturalieuropa.it\\\/blog\\\/\",\"logo\":{\"@type\":\"ImageObject\",\"inLanguage\":\"it-IT\",\"@id\":\"https:\\\/\\\/www.viaggiculturalieuropa.it\\\/blog\\\/#\\\/schema\\\/logo\\\/image\\\/\",\"url\":\"https:\\\/\\\/www.viaggiculturalieuropa.it\\\/blog\\\/wp-content\\\/uploads\\\/2015\\\/08\\\/viaggi_culturali_europa.png\",\"contentUrl\":\"https:\\\/\\\/www.viaggiculturalieuropa.it\\\/blog\\\/wp-content\\\/uploads\\\/2015\\\/08\\\/viaggi_culturali_europa.png\",\"width\":300,\"height\":44,\"caption\":\"Viaggi Culturali Europa\"},\"image\":{\"@id\":\"https:\\\/\\\/www.viaggiculturalieuropa.it\\\/blog\\\/#\\\/schema\\\/logo\\\/image\\\/\"}},{\"@type\":\"Person\",\"@id\":\"https:\\\/\\\/www.viaggiculturalieuropa.it\\\/blog\\\/#\\\/schema\\\/person\\\/c308935b9c5ce1c1f251a716046a5e77\",\"name\":\"Alessandro Paoli\",\"image\":{\"@type\":\"ImageObject\",\"inLanguage\":\"it-IT\",\"@id\":\"https:\\\/\\\/secure.gravatar.com\\\/avatar\\\/a06e1e35af134cbabb249dd93e2e616241fa2788c42ccdd07d6cfa1217a89052?s=96&d=blank&r=g\",\"url\":\"https:\\\/\\\/secure.gravatar.com\\\/avatar\\\/a06e1e35af134cbabb249dd93e2e616241fa2788c42ccdd07d6cfa1217a89052?s=96&d=blank&r=g\",\"contentUrl\":\"https:\\\/\\\/secure.gravatar.com\\\/avatar\\\/a06e1e35af134cbabb249dd93e2e616241fa2788c42ccdd07d6cfa1217a89052?s=96&d=blank&r=g\",\"caption\":\"Alessandro Paoli\"},\"sameAs\":[\"http:\\\/\\\/www.viaggiculturalieuropa.it\"],\"url\":\"https:\\\/\\\/www.viaggiculturalieuropa.it\\\/blog\\\/author\\\/alessandro\\\/\"}]}<\/script>\n<!-- \/ Yoast SEO plugin. -->","yoast_head_json":{"title":"Cosa vedere in Val di Fassa: guida alla suggestiva valle del Trentino","description":"Il Trentino \u00e8 una delle mete pi\u00f9 ambite d\u2019Italia e tra poco scoprirai cosa vedere in Val di Fassa, una delle vallate pi\u00f9 belle e suggestive.","robots":{"index":"index","follow":"follow","max-snippet":"max-snippet:-1","max-image-preview":"max-image-preview:large","max-video-preview":"max-video-preview:-1"},"canonical":"https:\/\/www.viaggiculturalieuropa.it\/blog\/cosa-vedere-in-val-di-fassa\/","og_locale":"it_IT","og_type":"article","og_title":"Cosa vedere in Val di Fassa: guida alla suggestiva valle del Trentino","og_description":"Il Trentino \u00e8 una delle mete pi\u00f9 ambite d\u2019Italia e tra poco scoprirai cosa vedere in Val di Fassa, una delle vallate pi\u00f9 belle e suggestive.","og_url":"https:\/\/www.viaggiculturalieuropa.it\/blog\/cosa-vedere-in-val-di-fassa\/","og_site_name":"Viaggi Culturali Europa","article_published_time":"2021-07-05T12:43:58+00:00","og_image":[{"url":"https:\/\/live.staticflickr.com\/7686\/27451744575_a5e9210eb7_b.jpg","type":"","width":"","height":""}],"author":"Alessandro Paoli","twitter_card":"summary_large_image","twitter_misc":{"Scritto da":"Alessandro Paoli","Tempo di lettura stimato":"7 minuti"},"schema":{"@context":"https:\/\/schema.org","@graph":[{"@type":"Article","@id":"https:\/\/www.viaggiculturalieuropa.it\/blog\/cosa-vedere-in-val-di-fassa\/#article","isPartOf":{"@id":"https:\/\/www.viaggiculturalieuropa.it\/blog\/cosa-vedere-in-val-di-fassa\/"},"author":{"name":"Alessandro Paoli","@id":"https:\/\/www.viaggiculturalieuropa.it\/blog\/#\/schema\/person\/c308935b9c5ce1c1f251a716046a5e77"},"headline":"Cosa vedere in Val di Fassa: guida alla suggestiva valle del Trentino","datePublished":"2021-07-05T12:43:58+00:00","mainEntityOfPage":{"@id":"https:\/\/www.viaggiculturalieuropa.it\/blog\/cosa-vedere-in-val-di-fassa\/"},"wordCount":1096,"commentCount":0,"publisher":{"@id":"https:\/\/www.viaggiculturalieuropa.it\/blog\/#organization"},"image":{"@id":"https:\/\/www.viaggiculturalieuropa.it\/blog\/cosa-vedere-in-val-di-fassa\/#primaryimage"},"thumbnailUrl":"https:\/\/live.staticflickr.com\/7686\/27451744575_a5e9210eb7_b.jpg","articleSection":["Italia"],"inLanguage":"it-IT","potentialAction":[{"@type":"CommentAction","name":"Comment","target":["https:\/\/www.viaggiculturalieuropa.it\/blog\/cosa-vedere-in-val-di-fassa\/#respond"]}]},{"@type":"WebPage","@id":"https:\/\/www.viaggiculturalieuropa.it\/blog\/cosa-vedere-in-val-di-fassa\/","url":"https:\/\/www.viaggiculturalieuropa.it\/blog\/cosa-vedere-in-val-di-fassa\/","name":"Cosa vedere in Val di Fassa: guida alla suggestiva valle del Trentino","isPartOf":{"@id":"https:\/\/www.viaggiculturalieuropa.it\/blog\/#website"},"primaryImageOfPage":{"@id":"https:\/\/www.viaggiculturalieuropa.it\/blog\/cosa-vedere-in-val-di-fassa\/#primaryimage"},"image":{"@id":"https:\/\/www.viaggiculturalieuropa.it\/blog\/cosa-vedere-in-val-di-fassa\/#primaryimage"},"thumbnailUrl":"https:\/\/live.staticflickr.com\/7686\/27451744575_a5e9210eb7_b.jpg","datePublished":"2021-07-05T12:43:58+00:00","description":"Il Trentino \u00e8 una delle mete pi\u00f9 ambite d\u2019Italia e tra poco scoprirai cosa vedere in Val di Fassa, una delle vallate pi\u00f9 belle e suggestive.","breadcrumb":{"@id":"https:\/\/www.viaggiculturalieuropa.it\/blog\/cosa-vedere-in-val-di-fassa\/#breadcrumb"},"inLanguage":"it-IT","potentialAction":[{"@type":"ReadAction","target":["https:\/\/www.viaggiculturalieuropa.it\/blog\/cosa-vedere-in-val-di-fassa\/"]}]},{"@type":"ImageObject","inLanguage":"it-IT","@id":"https:\/\/www.viaggiculturalieuropa.it\/blog\/cosa-vedere-in-val-di-fassa\/#primaryimage","url":"https:\/\/live.staticflickr.com\/7686\/27451744575_a5e9210eb7_b.jpg","contentUrl":"https:\/\/live.staticflickr.com\/7686\/27451744575_a5e9210eb7_b.jpg"},{"@type":"BreadcrumbList","@id":"https:\/\/www.viaggiculturalieuropa.it\/blog\/cosa-vedere-in-val-di-fassa\/#breadcrumb","itemListElement":[{"@type":"ListItem","position":1,"name":"Home","item":"https:\/\/www.viaggiculturalieuropa.it\/blog\/"},{"@type":"ListItem","position":2,"name":"Cosa vedere in Val di Fassa: guida alla suggestiva valle del Trentino"}]},{"@type":"WebSite","@id":"https:\/\/www.viaggiculturalieuropa.it\/blog\/#website","url":"https:\/\/www.viaggiculturalieuropa.it\/blog\/","name":"Viaggi Culturali Europa","description":"Scovo i luoghi culturali che hanno creato nel tempo le identit\u00e0 europee e li porto a conoscenza di chi ama viaggiare.","publisher":{"@id":"https:\/\/www.viaggiculturalieuropa.it\/blog\/#organization"},"potentialAction":[{"@type":"SearchAction","target":{"@type":"EntryPoint","urlTemplate":"https:\/\/www.viaggiculturalieuropa.it\/blog\/?s={search_term_string}"},"query-input":{"@type":"PropertyValueSpecification","valueRequired":true,"valueName":"search_term_string"}}],"inLanguage":"it-IT"},{"@type":"Organization","@id":"https:\/\/www.viaggiculturalieuropa.it\/blog\/#organization","name":"Viaggi Culturali Europa","url":"https:\/\/www.viaggiculturalieuropa.it\/blog\/","logo":{"@type":"ImageObject","inLanguage":"it-IT","@id":"https:\/\/www.viaggiculturalieuropa.it\/blog\/#\/schema\/logo\/image\/","url":"https:\/\/www.viaggiculturalieuropa.it\/blog\/wp-content\/uploads\/2015\/08\/viaggi_culturali_europa.png","contentUrl":"https:\/\/www.viaggiculturalieuropa.it\/blog\/wp-content\/uploads\/2015\/08\/viaggi_culturali_europa.png","width":300,"height":44,"caption":"Viaggi Culturali Europa"},"image":{"@id":"https:\/\/www.viaggiculturalieuropa.it\/blog\/#\/schema\/logo\/image\/"}},{"@type":"Person","@id":"https:\/\/www.viaggiculturalieuropa.it\/blog\/#\/schema\/person\/c308935b9c5ce1c1f251a716046a5e77","name":"Alessandro Paoli","image":{"@type":"ImageObject","inLanguage":"it-IT","@id":"https:\/\/secure.gravatar.com\/avatar\/a06e1e35af134cbabb249dd93e2e616241fa2788c42ccdd07d6cfa1217a89052?s=96&d=blank&r=g","url":"https:\/\/secure.gravatar.com\/avatar\/a06e1e35af134cbabb249dd93e2e616241fa2788c42ccdd07d6cfa1217a89052?s=96&d=blank&r=g","contentUrl":"https:\/\/secure.gravatar.com\/avatar\/a06e1e35af134cbabb249dd93e2e616241fa2788c42ccdd07d6cfa1217a89052?s=96&d=blank&r=g","caption":"Alessandro Paoli"},"sameAs":["http:\/\/www.viaggiculturalieuropa.it"],"url":"https:\/\/www.viaggiculturalieuropa.it\/blog\/author\/alessandro\/"}]}},"_links":{"self":[{"href":"https:\/\/www.viaggiculturalieuropa.it\/blog\/wp-json\/wp\/v2\/posts\/2793","targetHints":{"allow":["GET"]}}],"collection":[{"href":"https:\/\/www.viaggiculturalieuropa.it\/blog\/wp-json\/wp\/v2\/posts"}],"about":[{"href":"https:\/\/www.viaggiculturalieuropa.it\/blog\/wp-json\/wp\/v2\/types\/post"}],"author":[{"embeddable":true,"href":"https:\/\/www.viaggiculturalieuropa.it\/blog\/wp-json\/wp\/v2\/users\/2"}],"replies":[{"embeddable":true,"href":"https:\/\/www.viaggiculturalieuropa.it\/blog\/wp-json\/wp\/v2\/comments?post=2793"}],"version-history":[{"count":9,"href":"https:\/\/www.viaggiculturalieuropa.it\/blog\/wp-json\/wp\/v2\/posts\/2793\/revisions"}],"predecessor-version":[{"id":2803,"href":"https:\/\/www.viaggiculturalieuropa.it\/blog\/wp-json\/wp\/v2\/posts\/2793\/revisions\/2803"}],"wp:attachment":[{"href":"https:\/\/www.viaggiculturalieuropa.it\/blog\/wp-json\/wp\/v2\/media?parent=2793"}],"wp:term":[{"taxonomy":"category","embeddable":true,"href":"https:\/\/www.viaggiculturalieuropa.it\/blog\/wp-json\/wp\/v2\/categories?post=2793"},{"taxonomy":"post_tag","embeddable":true,"href":"https:\/\/www.viaggiculturalieuropa.it\/blog\/wp-json\/wp\/v2\/tags?post=2793"}],"curies":[{"name":"wp","href":"https:\/\/api.w.org\/{rel}","templated":true}]}}