{"id":597,"date":"2016-04-29T16:13:06","date_gmt":"2016-04-29T14:13:06","guid":{"rendered":"http:\/\/www.viaggiculturalieuropa.it\/blog\/?p=597"},"modified":"2017-11-21T13:01:26","modified_gmt":"2017-11-21T12:01:26","slug":"cosa-vedere-breslavia-3-giorni","status":"publish","type":"post","link":"https:\/\/www.viaggiculturalieuropa.it\/blog\/cosa-vedere-breslavia-3-giorni\/","title":{"rendered":"Cosa vedere a Breslavia in 3 giorni"},"content":{"rendered":"<p class=\"western\"><strong>Sapevi che Breslavia \u00e8 stata nominata capitale europea della cultura 2016<\/strong>? In questo articolo ti spiegher\u00f2 perch\u00e9 ha ricevuto questo alto riconoscimento e <strong>ti illustrer\u00f2 cosa vedere a Breslavia<\/strong>\u00a0qualora decidessi di visitarla in tre giorni. Una breve guida di Breslavia da consultare prima e durante il tuo viaggio culturale nel cuore dell&#8217;Est Europa, tra gli antichi territori dei signori di\u00a0Slesia, Boemia e Polonia.<\/p>\n<p><iframe loading=\"lazy\" src=\"https:\/\/umap.openstreetmap.fr\/it\/map\/cosa-vedere-a-breslavia-in-3-giorni_83246?scaleControl=true&amp;miniMap=true&amp;scrollWheelZoom=false&amp;zoomControl=true&amp;allowEdit=false&amp;moreControl=true&amp;datalayersControl=true&amp;onLoadPanel=undefined&amp;captionBar=false\" width=\"900\" height=\"450\" frameborder=\"0\"><\/iframe><\/p>\n<p><span style=\"color: #808080; font-size: 12px;\">Mappa di Breslavia<\/span><\/p>\n<p>&nbsp;<\/p>\n<p>Prima di darti qualche dritta su cosa vedere a Breslavia, voglio farti capire dove si trova Breslavia e descriverti le <strong>peculiarit\u00e0 geografiche che hanno garantito alla citt\u00e0 lunghi periodi di prosperit\u00e0<\/strong>.<!--more--><\/p>\n<p>Il primo insediamento risale al pieno Medioevo (X secolo), gli abitanti si stanziarono lungo il <strong>fiume Oder<\/strong> su un&#8217;isola fluviale che favoriva il controllo della via d&#8217;acqua sia per i traffici commerciali, sia per la difesa dai nemici.<\/p>\n<p>A fondarla fu Vratislao I, duca di Boemia (894-921), che gli attribu\u00ec il nome di <span class=\"testocorsivo\">Wrotizla. Il territorio non fu scelto a caso e, oltre al favorevole accesso fluviale, era ricco di boschi, per la raccolta della legna e la produzione di carbone, e campi coltivabili a cereali. Nel XI secolo l&#8217;economia locale crebbe a tal punto da portare la Chiesa a instaurarci una sede vescovile, garantendosi il pieno controllo del commercio dei cereali. Le spiccate risorse naturali ben presto fecero gola anche ai poteri amministrativi che se la contesero in duri scontri militari, alla fine l&#8217;intera regione pass\u00f2 sotto il dominio dei signori di Polonia. <\/span><\/p>\n<p><span class=\"testocorsivo\">Nel 1261 l&#8217;insediamento ormai diventato una grande citt\u00e0 ottenne la prima carta comunale ed entr\u00f2 a far parte della <strong>Lega Anseatica<\/strong>, la potentissima gilda di citt\u00e0 mercantili dell&#8217;Europa nord-orientale. <\/span><\/p>\n<p>La citt\u00e0 polacca sull&#8217;Oder come alcuni storici l&#8217;hanno ribattezzata ebbe nei secoli a seguire un ruolo sempre maggiore nelle dinamiche politiche ed economiche dell&#8217;area est europea.<\/p>\n<p>La connotazione del territorio a essere conteso dalle famiglie di duchi e baroni ha portato Breslavia a essere culturalmente una delle citt\u00e0 polacco-boeme che pi\u00f9 hanno risentito dell&#8217;<strong>influenza germanica<\/strong>. Non \u00e8 un caso, come ho gi\u00e0 precisato, che fu accolta subito nella Lega Anseatica. E proprio grazie al fiume di Breslavia, l&#8217;intera regione non conobbe mai i lunghi periodi di carestia, che preso d&#8217;assalto invece quei territori privi di corsi d&#8217;acqua navigabili e difficili da\u00a0raggiungere.<\/p>\n<p>Oggi compiere un viaggio in Polonia\u00a0e non avere le idee chiare su cosa vedere a Breslavia e nel\u00a0suo fantastico territorio sarebbe poco intelligente. Dopo <a href=\"http:\/\/www.viaggiculturalieuropa.it\/blog\/visitare-cracovia-e-dintorni\/\">Cracovia<\/a>, credo sia la seconda citt\u00e0 pi\u00f9 bella della Polonia.<\/p>\n<p>&nbsp;<\/p>\n<h2>Visitare Breslavia<\/h2>\n<p><a title=\"W.\" href=\"https:\/\/www.flickr.com\/photos\/minkusd\/4464521411\/in\/photolist-7NvQF6-aCnffE-88k2JP-doifMN-9ZL3k8-4VgftE-6NstvL-bYZUUQ-zEMTHG-77PxzN-zEMSV9-57366s-4KSGvh-rpzJT8-kzwkiJ-ixbdYD-7jfjz4-8aop2r-7jfjht-jBCtgG-iqgc9s-oGQWWx-55xX5s-8qAKMu-ehrDg9-f1EVta-Azwj41-d27vfS-rSCy69-dGnfkM-4VtWpb-5SSH1H-ehkUrZ-awAkPu-84Cmcd-kphjJg-nASKHL-ekz5eE-agCxJN-fzfkuN-ABPEsv-AACczY-5tg6ya-3dtneJ-53L3gk-ogGxdn-9GVejE-zEWaPH-87PXG3-AzwpHC\" data-flickr-embed=\"true\"><img loading=\"lazy\" decoding=\"async\" src=\"https:\/\/farm5.staticflickr.com\/4060\/4464521411_a334fa824b_b.jpg\" alt=\"W.\" width=\"1024\" height=\"683\" \/><\/a><script src=\"\/\/embedr.flickr.com\/assets\/client-code.js\" async=\"\" charset=\"utf-8\"><\/script><\/p>\n<p>Il flusso turistico negli ultimi anni \u00e8 cresciuto notevolmente, ma la visita alla citt\u00e0 \u00e8 ancora accessibile a chi come noi cerca luoghi culturali di qualit\u00e0. <strong>A proposito\u00a0voglio raccontarti un curioso aneddoto che ho scoperto qualche settimana fa<\/strong>. Ti far\u00e0 sorridere. Poi ti prometto che finalmente ti illustrer\u00f2 nel dettaglio cosa vedere a Breslavia.<\/p>\n<p>Nonostante sia una delle citt\u00e0 pi\u00f9 belle della Polonia, Breslavia \u00e8 stata conosciuta dal turismo italiano solo negli ultimi anni. Moltissimi avventurieri hanno scoperto <strong>Wroclaw<\/strong>, come viene chiamata in polacco, per puro caso. Alcuni viaggiatori raccontano nei loro blog, che grazie agli albergatori cechi hanno conosciuto Breslavia e sono stati convinti\u00a0a sconfinare di alcuni chilometri.<\/p>\n<p>Una storia curiosa, quasi assurda, che per\u00f2 li ha portati a capire dove si trova Breslavia. Non sapevano ben cosa vedere a Breslavia, ma una volta arrivati, <strong>sono rimasti incantati dall&#8217;oggettiva bellezza del centro storico, dalle case che tanto ricordano quelle di\u00a0H\u00e4nsel e Gretel e dallo stile gotico che le dona un tocco di magia<\/strong>. Per questo, credo, che saranno in debito per tutta la vita con gli albergatori della Repubblica Ceca.<\/p>\n<p>Tra questi viaggiatori italiani uno su tre dice che ne ha approfittato addirittura per allungare il pernottamento fino a tre giorni\u00a0e non perdere l&#8217;occasione di pernottare una camera in uno dei <strong>migliori hotel di Breslavia<\/strong>. La grande maggioranza (79%) ha confessato che non conosceva il polacco e ha deciso che andare a occhio non era proprio la scelta migliore. Concordo, anche io non vado mai a caso nella scelta dell&#8217;hotel. Perci\u00f2 per cadere sul morbido e andare sul sicuro hanno preferito prenotare subito una stanza sul portale italiano con il maggior tasso di garanzia e affidabilit\u00e0: <a href=\"http:\/\/www.booking.com\/searchresults.it.html?city=-537080&amp;nflt=ht_id%253D204%253Breview_score%253D80&amp;aid=850524\" rel=\"nofollow\">Booking.com<\/a>.<\/p>\n<p>Per facilitarti la ricerca ed evitarti inutili perdite di tempo, ti indico la\u00a0<a href=\"http:\/\/www.booking.com\/searchresults.it.html?city=-537080&amp;nflt=ht_id%253D204%253Breview_score%253D80&amp;aid=850524\" rel=\"nofollow\">lista<\/a>\u00a0con i migliori hotel di Breslavia, dove gli utenti hanno lasciato recensioni positive in relazione al comfort e alla posizione, che io stesso ho seguito quando ho visitato la bellissima Breslavia.<\/p>\n<p>&nbsp;<\/p>\n<h2>Luoghi di interesse: cosa vedere a Wroclaw<\/h2>\n<p><a title=\"Wroclaw night panorama\" href=\"https:\/\/www.flickr.com\/photos\/lulek\/11935450796\/in\/photolist-jbGiGq-tUaVP-s35GpN-tUaUL-a2D3au-dspZp2-aCFHmC-zdammt-jRRku8-8UaL7r-tUaSo-oWkaPw-tUaRk-dZiDHG-p8Pos3-4TqVnV-5mdfH7-tUaQb-8dopPP-bjCpTT-82wZxd-doifMN-6RwgbS-cGtQbW-v8zHBj-tGkXm-bYZUUQ-rYA3uo-imawt7-zEMTHG-6JB1bo-kzwkiJ-6sBVSB-j6f2cF-ro3SBw-5m8YTc-8FHJ2P-uFAeQC-EqyXy-ejRqyN-9wGy3a-bpfB6a-7BfqG4-hgpULo-7oK34M-swjacE-mw4WBU-6n9oQc-r97Af2-8xEQeh\" data-flickr-embed=\"true\"><img loading=\"lazy\" decoding=\"async\" src=\"https:\/\/farm4.staticflickr.com\/3728\/11935450796_3bb337987a_b.jpg\" alt=\"Wroclaw night panorama\" width=\"1024\" height=\"494\" \/><\/a><script src=\"\/\/embedr.flickr.com\/assets\/client-code.js\" async=\"\" charset=\"utf-8\"><\/script><\/p>\n<p>Ora \u00e8 giunto il momento di illustrarti cosa vedere a Breslavia in 3 giorni.<\/p>\n<p><strong>Il primo giorno<\/strong> \u00e8 all&#8217;insegna del\u00a0gotico polacco.\u00a0<span style=\"line-height: 1.5;\">Per prima cosa\u00a0ti consiglio di visitare la <strong>Cattedrale di Breslavia<\/strong> dedicata a San Giovanni Battista, uno dei migliori esempi gotici della Polonia. Nonostante sia stata distrutta e incendiata pi\u00f9 volte e abbia rappresentato il pomo della discordia in diverse vicende politiche, \u00e8 stata sempre ricostruita pi\u00f9 imponente e maestosa di prima. <\/span><\/p>\n<p><span style=\"line-height: 1.5;\">Non molto lontani dalla cattedrale sono molto interessanti gli edifici del <strong>Municipio di Breslavia<\/strong> e dell&#8217;antica <strong>Universit\u00e0 di Wroclaw<\/strong>, che ti permetteranno di ampliare la conoscenza dell&#8217;architettura gotica polacca. In questo modo avrai un&#8217;idea sia delle strutture di architettura sacra, sia dell&#8217;edilizia civile e amministrativa. Il Municipio sorge nella grande Piazza del Mercato con la torre dell&#8217;orologio astronomico (costruito nel 1580), che svetta alta per scandire, oggi come nel passato, le giornate di tutti i cittadini. All&#8217;interno dell&#8217;edificio sono state musealizzate e rese accessibili al pubblico alcune sfarzose sale (medievali e moderne) e la cantina tardo medievale che si trova nel seminterrato.<\/span><\/p>\n<p>Assodato cosa vedere a Breslavia il primo giorno e dopo una notte confortevole e riposante, passiamo al secondo giorno.<\/p>\n<p><strong>Il secondo giorno<\/strong> vale la pena puntare su un altro tipo di architettura, quella contemporanea. Visita la <strong>Sala del centenario<\/strong>,\u00a0progettata da Max Berg e costruita agli inizi del &#8216;900. Il nome richiama il centenario della Battaglia di Lipsia (1813), che commemora la pesante sconfitta subita da Napoleone Bonaparte e il suo successivo tracollo nelle campagne di Germania. Uno scontro che ha deciso le sorti geopolitiche dell&#8217;Europa.\u00a0L&#8217;edificio fa parte della lista\u00a0Patrimonio dell&#8217;Umanit\u00e0 UNESCO dal 2006. Attualmente usata per eventi sportivi e per concerti.<br \/>\nIl pomeriggio, prenditi una pausa! Alla fine viaggiare significa conoscere e togliersi di dosso lo stress, giusto?<br \/>\nFermati in uno dei mille locali della\u00a0<strong>Rynek di Breslavia<\/strong>, il cuore pulsante del centro storico. Ricco\u00a0di vita a qualsiasi ora del d\u00ec\u00a0e della notte. In realt\u00e0 il mio consiglio non \u00e8 finalizzato alla movida, ma a farti rilassare in uno dei pi\u00f9 grandi progetti urbanistici esistenti in Europa contornato dal Fondaco dei Tessuti e dal Municipio (di cui ti ho gi\u00e0 parlato). Tra le cose\u00a0da vedere a\u00a0Breslavia c&#8217;\u00e8 anche questo pezzo da novanta invidiato da tutta Europa. Capisci ora perch\u00e9 l&#8217;hanno nominata addirittura capitale della cultura?<\/p>\n<p>Cosa vedere a Breslavia prima della partenza?<\/p>\n<p><strong>Terzo e ultimo giorno<\/strong> della nostra guida dedicato al <strong>Panorama di Raclawice<\/strong>, che, attenzione, non si tratta di una vista panoramica. Il Panorama di Rac\u0142awice (in polacco: <i>Panorama Rac\u0142awicka<\/i>) \u00e8 un monumentale dipinto panoramico che raffigura la\u00a0Battaglia di Rac\u0142awice (1794), che diede inizio alla Rivolta di Ko\u015bciuszko, la quale ambiva a rendere\u00a0la Polonia indipendente dall&#8217;Impero russo. Anche se la Rivolta non ebbe un esito felice, per l&#8217;identit\u00e0 culturale polacca questa battaglia rappresenta una tappa fondamentale e ha contribuito a plasmare la coscienze storica e politica dei cittadini polacchi.<\/p>\n<p>Il Panorama fu terminato gli ultimi anni del XIX secolo e oggi \u00e8 esposto in un edificio circolare. L&#8217;opera \u00e8 esposta in forma circolare come scena unica e continua. Il punto di osservazione \u00e8 centrale e molte delle scene sono visibili da diverse angolazioni. Questa particolare prospettiva fu usata per esaltare l&#8217;intera narrazione, inoltre l&#8217;autore decise di giocare molto con la luce e creare contrasti che conferissero al dipinto un aspetto ancora pi\u00f9 realistico.<\/p>\n<p>Dopo aver capito cosa vedere a Breslavia, chiudi la giornata deliziando il palato con uno dei piatti della tradizione polacca. Se\u00a0non sai quale scegliere, ecco una <a href=\"https:\/\/www.tripadvisor.it\/Restaurants-g274812-Wroclaw_Lower_Silesia_Province_Southern_Poland.html#MAINWRAP\">lista<\/a> dei migliori ristoranti di Breslavia che cucinano piatti tipici.<\/p>\n","protected":false},"excerpt":{"rendered":"<p>Sapevi che Breslavia \u00e8 stata nominata capitale europea della cultura 2016? In questo articolo ti spiegher\u00f2 perch\u00e9 ha ricevuto questo alto riconoscimento e ti illustrer\u00f2 cosa vedere a Breslavia\u00a0qualora decidessi di visitarla in tre giorni. Una breve guida di Breslavia da consultare prima e durante il tuo viaggio culturale nel cuore dell&#8217;Est Europa, tra gli &#8230; <a title=\"Cosa vedere a Breslavia in 3 giorni\" class=\"read-more\" href=\"https:\/\/www.viaggiculturalieuropa.it\/blog\/cosa-vedere-breslavia-3-giorni\/\">Leggi tutto<span class=\"screen-reader-text\">Cosa vedere a Breslavia in 3 giorni<\/span><\/a><\/p>\n","protected":false},"author":2,"featured_media":0,"comment_status":"open","ping_status":"open","sticky":false,"template":"","format":"standard","meta":{"telegram_tosend":false,"telegram_tosend_message":"","telegram_tosend_target":0,"_exactmetrics_skip_tracking":false,"_exactmetrics_sitenote_active":false,"_exactmetrics_sitenote_note":"","_exactmetrics_sitenote_category":0,"_bos_mb_destination":["Breslavia"],"footnotes":""},"categories":[21],"tags":[],"class_list":["post-597","post","type-post","status-publish","format-standard","hentry","category-polonia"],"yoast_head":"<!-- This site is optimized with the Yoast SEO plugin v27.4 - https:\/\/yoast.com\/product\/yoast-seo-wordpress\/ -->\n<title>Cosa vedere a Breslavia in 3 giorni - Viaggi Culturali Europa<\/title>\n<meta name=\"description\" content=\"Sapevi che Breslavia \u00e8 stata nominata capitale europea della cultura 2016? Ecco una guida per capire cosa vedere a Breslavia in 3 giorni.\" \/>\n<meta name=\"robots\" content=\"index, follow, max-snippet:-1, max-image-preview:large, max-video-preview:-1\" \/>\n<link rel=\"canonical\" href=\"https:\/\/www.viaggiculturalieuropa.it\/blog\/cosa-vedere-breslavia-3-giorni\/\" \/>\n<meta property=\"og:locale\" content=\"it_IT\" \/>\n<meta property=\"og:type\" content=\"article\" \/>\n<meta property=\"og:title\" content=\"Cosa vedere a Breslavia in 3 giorni - Viaggi Culturali Europa\" \/>\n<meta property=\"og:description\" content=\"Sapevi che Breslavia \u00e8 stata nominata capitale europea della cultura 2016? Ecco una guida per capire cosa vedere a Breslavia in 3 giorni.\" \/>\n<meta property=\"og:url\" content=\"https:\/\/www.viaggiculturalieuropa.it\/blog\/cosa-vedere-breslavia-3-giorni\/\" \/>\n<meta property=\"og:site_name\" content=\"Viaggi Culturali Europa\" \/>\n<meta property=\"article:published_time\" content=\"2016-04-29T14:13:06+00:00\" \/>\n<meta property=\"article:modified_time\" content=\"2017-11-21T12:01:26+00:00\" \/>\n<meta property=\"og:image\" content=\"https:\/\/farm5.staticflickr.com\/4060\/4464521411_a334fa824b_b.jpg\" \/>\n<meta name=\"author\" content=\"Alessandro Paoli\" \/>\n<meta name=\"twitter:card\" content=\"summary_large_image\" \/>\n<meta name=\"twitter:label1\" content=\"Scritto da\" \/>\n\t<meta name=\"twitter:data1\" content=\"Alessandro Paoli\" \/>\n\t<meta name=\"twitter:label2\" content=\"Tempo di lettura stimato\" \/>\n\t<meta name=\"twitter:data2\" content=\"7 minuti\" \/>\n<script type=\"application\/ld+json\" class=\"yoast-schema-graph\">{\"@context\":\"https:\\\/\\\/schema.org\",\"@graph\":[{\"@type\":\"Article\",\"@id\":\"https:\\\/\\\/www.viaggiculturalieuropa.it\\\/blog\\\/cosa-vedere-breslavia-3-giorni\\\/#article\",\"isPartOf\":{\"@id\":\"https:\\\/\\\/www.viaggiculturalieuropa.it\\\/blog\\\/cosa-vedere-breslavia-3-giorni\\\/\"},\"author\":{\"name\":\"Alessandro Paoli\",\"@id\":\"https:\\\/\\\/www.viaggiculturalieuropa.it\\\/blog\\\/#\\\/schema\\\/person\\\/c308935b9c5ce1c1f251a716046a5e77\"},\"headline\":\"Cosa vedere a Breslavia in 3 giorni\",\"datePublished\":\"2016-04-29T14:13:06+00:00\",\"dateModified\":\"2017-11-21T12:01:26+00:00\",\"mainEntityOfPage\":{\"@id\":\"https:\\\/\\\/www.viaggiculturalieuropa.it\\\/blog\\\/cosa-vedere-breslavia-3-giorni\\\/\"},\"wordCount\":1336,\"commentCount\":0,\"publisher\":{\"@id\":\"https:\\\/\\\/www.viaggiculturalieuropa.it\\\/blog\\\/#organization\"},\"image\":{\"@id\":\"https:\\\/\\\/www.viaggiculturalieuropa.it\\\/blog\\\/cosa-vedere-breslavia-3-giorni\\\/#primaryimage\"},\"thumbnailUrl\":\"https:\\\/\\\/farm5.staticflickr.com\\\/4060\\\/4464521411_a334fa824b_b.jpg\",\"articleSection\":[\"Polonia\"],\"inLanguage\":\"it-IT\",\"potentialAction\":[{\"@type\":\"CommentAction\",\"name\":\"Comment\",\"target\":[\"https:\\\/\\\/www.viaggiculturalieuropa.it\\\/blog\\\/cosa-vedere-breslavia-3-giorni\\\/#respond\"]}]},{\"@type\":\"WebPage\",\"@id\":\"https:\\\/\\\/www.viaggiculturalieuropa.it\\\/blog\\\/cosa-vedere-breslavia-3-giorni\\\/\",\"url\":\"https:\\\/\\\/www.viaggiculturalieuropa.it\\\/blog\\\/cosa-vedere-breslavia-3-giorni\\\/\",\"name\":\"Cosa vedere a Breslavia in 3 giorni - Viaggi Culturali Europa\",\"isPartOf\":{\"@id\":\"https:\\\/\\\/www.viaggiculturalieuropa.it\\\/blog\\\/#website\"},\"primaryImageOfPage\":{\"@id\":\"https:\\\/\\\/www.viaggiculturalieuropa.it\\\/blog\\\/cosa-vedere-breslavia-3-giorni\\\/#primaryimage\"},\"image\":{\"@id\":\"https:\\\/\\\/www.viaggiculturalieuropa.it\\\/blog\\\/cosa-vedere-breslavia-3-giorni\\\/#primaryimage\"},\"thumbnailUrl\":\"https:\\\/\\\/farm5.staticflickr.com\\\/4060\\\/4464521411_a334fa824b_b.jpg\",\"datePublished\":\"2016-04-29T14:13:06+00:00\",\"dateModified\":\"2017-11-21T12:01:26+00:00\",\"description\":\"Sapevi che Breslavia \u00e8 stata nominata capitale europea della cultura 2016? Ecco una guida per capire cosa vedere a Breslavia in 3 giorni.\",\"breadcrumb\":{\"@id\":\"https:\\\/\\\/www.viaggiculturalieuropa.it\\\/blog\\\/cosa-vedere-breslavia-3-giorni\\\/#breadcrumb\"},\"inLanguage\":\"it-IT\",\"potentialAction\":[{\"@type\":\"ReadAction\",\"target\":[\"https:\\\/\\\/www.viaggiculturalieuropa.it\\\/blog\\\/cosa-vedere-breslavia-3-giorni\\\/\"]}]},{\"@type\":\"ImageObject\",\"inLanguage\":\"it-IT\",\"@id\":\"https:\\\/\\\/www.viaggiculturalieuropa.it\\\/blog\\\/cosa-vedere-breslavia-3-giorni\\\/#primaryimage\",\"url\":\"https:\\\/\\\/farm5.staticflickr.com\\\/4060\\\/4464521411_a334fa824b_b.jpg\",\"contentUrl\":\"https:\\\/\\\/farm5.staticflickr.com\\\/4060\\\/4464521411_a334fa824b_b.jpg\"},{\"@type\":\"BreadcrumbList\",\"@id\":\"https:\\\/\\\/www.viaggiculturalieuropa.it\\\/blog\\\/cosa-vedere-breslavia-3-giorni\\\/#breadcrumb\",\"itemListElement\":[{\"@type\":\"ListItem\",\"position\":1,\"name\":\"Home\",\"item\":\"https:\\\/\\\/www.viaggiculturalieuropa.it\\\/blog\\\/\"},{\"@type\":\"ListItem\",\"position\":2,\"name\":\"Cosa vedere a Breslavia in 3 giorni\"}]},{\"@type\":\"WebSite\",\"@id\":\"https:\\\/\\\/www.viaggiculturalieuropa.it\\\/blog\\\/#website\",\"url\":\"https:\\\/\\\/www.viaggiculturalieuropa.it\\\/blog\\\/\",\"name\":\"Viaggi Culturali Europa\",\"description\":\"Scovo i luoghi culturali che hanno creato nel tempo le identit\u00e0 europee e li porto a conoscenza di chi ama viaggiare.\",\"publisher\":{\"@id\":\"https:\\\/\\\/www.viaggiculturalieuropa.it\\\/blog\\\/#organization\"},\"potentialAction\":[{\"@type\":\"SearchAction\",\"target\":{\"@type\":\"EntryPoint\",\"urlTemplate\":\"https:\\\/\\\/www.viaggiculturalieuropa.it\\\/blog\\\/?s={search_term_string}\"},\"query-input\":{\"@type\":\"PropertyValueSpecification\",\"valueRequired\":true,\"valueName\":\"search_term_string\"}}],\"inLanguage\":\"it-IT\"},{\"@type\":\"Organization\",\"@id\":\"https:\\\/\\\/www.viaggiculturalieuropa.it\\\/blog\\\/#organization\",\"name\":\"Viaggi Culturali Europa\",\"url\":\"https:\\\/\\\/www.viaggiculturalieuropa.it\\\/blog\\\/\",\"logo\":{\"@type\":\"ImageObject\",\"inLanguage\":\"it-IT\",\"@id\":\"https:\\\/\\\/www.viaggiculturalieuropa.it\\\/blog\\\/#\\\/schema\\\/logo\\\/image\\\/\",\"url\":\"https:\\\/\\\/www.viaggiculturalieuropa.it\\\/blog\\\/wp-content\\\/uploads\\\/2015\\\/08\\\/viaggi_culturali_europa.png\",\"contentUrl\":\"https:\\\/\\\/www.viaggiculturalieuropa.it\\\/blog\\\/wp-content\\\/uploads\\\/2015\\\/08\\\/viaggi_culturali_europa.png\",\"width\":300,\"height\":44,\"caption\":\"Viaggi Culturali Europa\"},\"image\":{\"@id\":\"https:\\\/\\\/www.viaggiculturalieuropa.it\\\/blog\\\/#\\\/schema\\\/logo\\\/image\\\/\"}},{\"@type\":\"Person\",\"@id\":\"https:\\\/\\\/www.viaggiculturalieuropa.it\\\/blog\\\/#\\\/schema\\\/person\\\/c308935b9c5ce1c1f251a716046a5e77\",\"name\":\"Alessandro Paoli\",\"image\":{\"@type\":\"ImageObject\",\"inLanguage\":\"it-IT\",\"@id\":\"https:\\\/\\\/secure.gravatar.com\\\/avatar\\\/a06e1e35af134cbabb249dd93e2e616241fa2788c42ccdd07d6cfa1217a89052?s=96&d=blank&r=g\",\"url\":\"https:\\\/\\\/secure.gravatar.com\\\/avatar\\\/a06e1e35af134cbabb249dd93e2e616241fa2788c42ccdd07d6cfa1217a89052?s=96&d=blank&r=g\",\"contentUrl\":\"https:\\\/\\\/secure.gravatar.com\\\/avatar\\\/a06e1e35af134cbabb249dd93e2e616241fa2788c42ccdd07d6cfa1217a89052?s=96&d=blank&r=g\",\"caption\":\"Alessandro Paoli\"},\"sameAs\":[\"http:\\\/\\\/www.viaggiculturalieuropa.it\"],\"url\":\"https:\\\/\\\/www.viaggiculturalieuropa.it\\\/blog\\\/author\\\/alessandro\\\/\"}]}<\/script>\n<!-- \/ Yoast SEO plugin. -->","yoast_head_json":{"title":"Cosa vedere a Breslavia in 3 giorni - Viaggi Culturali Europa","description":"Sapevi che Breslavia \u00e8 stata nominata capitale europea della cultura 2016? Ecco una guida per capire cosa vedere a Breslavia in 3 giorni.","robots":{"index":"index","follow":"follow","max-snippet":"max-snippet:-1","max-image-preview":"max-image-preview:large","max-video-preview":"max-video-preview:-1"},"canonical":"https:\/\/www.viaggiculturalieuropa.it\/blog\/cosa-vedere-breslavia-3-giorni\/","og_locale":"it_IT","og_type":"article","og_title":"Cosa vedere a Breslavia in 3 giorni - Viaggi Culturali Europa","og_description":"Sapevi che Breslavia \u00e8 stata nominata capitale europea della cultura 2016? Ecco una guida per capire cosa vedere a Breslavia in 3 giorni.","og_url":"https:\/\/www.viaggiculturalieuropa.it\/blog\/cosa-vedere-breslavia-3-giorni\/","og_site_name":"Viaggi Culturali Europa","article_published_time":"2016-04-29T14:13:06+00:00","article_modified_time":"2017-11-21T12:01:26+00:00","og_image":[{"url":"https:\/\/farm5.staticflickr.com\/4060\/4464521411_a334fa824b_b.jpg","type":"","width":"","height":""}],"author":"Alessandro Paoli","twitter_card":"summary_large_image","twitter_misc":{"Scritto da":"Alessandro Paoli","Tempo di lettura stimato":"7 minuti"},"schema":{"@context":"https:\/\/schema.org","@graph":[{"@type":"Article","@id":"https:\/\/www.viaggiculturalieuropa.it\/blog\/cosa-vedere-breslavia-3-giorni\/#article","isPartOf":{"@id":"https:\/\/www.viaggiculturalieuropa.it\/blog\/cosa-vedere-breslavia-3-giorni\/"},"author":{"name":"Alessandro Paoli","@id":"https:\/\/www.viaggiculturalieuropa.it\/blog\/#\/schema\/person\/c308935b9c5ce1c1f251a716046a5e77"},"headline":"Cosa vedere a Breslavia in 3 giorni","datePublished":"2016-04-29T14:13:06+00:00","dateModified":"2017-11-21T12:01:26+00:00","mainEntityOfPage":{"@id":"https:\/\/www.viaggiculturalieuropa.it\/blog\/cosa-vedere-breslavia-3-giorni\/"},"wordCount":1336,"commentCount":0,"publisher":{"@id":"https:\/\/www.viaggiculturalieuropa.it\/blog\/#organization"},"image":{"@id":"https:\/\/www.viaggiculturalieuropa.it\/blog\/cosa-vedere-breslavia-3-giorni\/#primaryimage"},"thumbnailUrl":"https:\/\/farm5.staticflickr.com\/4060\/4464521411_a334fa824b_b.jpg","articleSection":["Polonia"],"inLanguage":"it-IT","potentialAction":[{"@type":"CommentAction","name":"Comment","target":["https:\/\/www.viaggiculturalieuropa.it\/blog\/cosa-vedere-breslavia-3-giorni\/#respond"]}]},{"@type":"WebPage","@id":"https:\/\/www.viaggiculturalieuropa.it\/blog\/cosa-vedere-breslavia-3-giorni\/","url":"https:\/\/www.viaggiculturalieuropa.it\/blog\/cosa-vedere-breslavia-3-giorni\/","name":"Cosa vedere a Breslavia in 3 giorni - Viaggi Culturali Europa","isPartOf":{"@id":"https:\/\/www.viaggiculturalieuropa.it\/blog\/#website"},"primaryImageOfPage":{"@id":"https:\/\/www.viaggiculturalieuropa.it\/blog\/cosa-vedere-breslavia-3-giorni\/#primaryimage"},"image":{"@id":"https:\/\/www.viaggiculturalieuropa.it\/blog\/cosa-vedere-breslavia-3-giorni\/#primaryimage"},"thumbnailUrl":"https:\/\/farm5.staticflickr.com\/4060\/4464521411_a334fa824b_b.jpg","datePublished":"2016-04-29T14:13:06+00:00","dateModified":"2017-11-21T12:01:26+00:00","description":"Sapevi che Breslavia \u00e8 stata nominata capitale europea della cultura 2016? Ecco una guida per capire cosa vedere a Breslavia in 3 giorni.","breadcrumb":{"@id":"https:\/\/www.viaggiculturalieuropa.it\/blog\/cosa-vedere-breslavia-3-giorni\/#breadcrumb"},"inLanguage":"it-IT","potentialAction":[{"@type":"ReadAction","target":["https:\/\/www.viaggiculturalieuropa.it\/blog\/cosa-vedere-breslavia-3-giorni\/"]}]},{"@type":"ImageObject","inLanguage":"it-IT","@id":"https:\/\/www.viaggiculturalieuropa.it\/blog\/cosa-vedere-breslavia-3-giorni\/#primaryimage","url":"https:\/\/farm5.staticflickr.com\/4060\/4464521411_a334fa824b_b.jpg","contentUrl":"https:\/\/farm5.staticflickr.com\/4060\/4464521411_a334fa824b_b.jpg"},{"@type":"BreadcrumbList","@id":"https:\/\/www.viaggiculturalieuropa.it\/blog\/cosa-vedere-breslavia-3-giorni\/#breadcrumb","itemListElement":[{"@type":"ListItem","position":1,"name":"Home","item":"https:\/\/www.viaggiculturalieuropa.it\/blog\/"},{"@type":"ListItem","position":2,"name":"Cosa vedere a Breslavia in 3 giorni"}]},{"@type":"WebSite","@id":"https:\/\/www.viaggiculturalieuropa.it\/blog\/#website","url":"https:\/\/www.viaggiculturalieuropa.it\/blog\/","name":"Viaggi Culturali Europa","description":"Scovo i luoghi culturali che hanno creato nel tempo le identit\u00e0 europee e li porto a conoscenza di chi ama viaggiare.","publisher":{"@id":"https:\/\/www.viaggiculturalieuropa.it\/blog\/#organization"},"potentialAction":[{"@type":"SearchAction","target":{"@type":"EntryPoint","urlTemplate":"https:\/\/www.viaggiculturalieuropa.it\/blog\/?s={search_term_string}"},"query-input":{"@type":"PropertyValueSpecification","valueRequired":true,"valueName":"search_term_string"}}],"inLanguage":"it-IT"},{"@type":"Organization","@id":"https:\/\/www.viaggiculturalieuropa.it\/blog\/#organization","name":"Viaggi Culturali Europa","url":"https:\/\/www.viaggiculturalieuropa.it\/blog\/","logo":{"@type":"ImageObject","inLanguage":"it-IT","@id":"https:\/\/www.viaggiculturalieuropa.it\/blog\/#\/schema\/logo\/image\/","url":"https:\/\/www.viaggiculturalieuropa.it\/blog\/wp-content\/uploads\/2015\/08\/viaggi_culturali_europa.png","contentUrl":"https:\/\/www.viaggiculturalieuropa.it\/blog\/wp-content\/uploads\/2015\/08\/viaggi_culturali_europa.png","width":300,"height":44,"caption":"Viaggi Culturali Europa"},"image":{"@id":"https:\/\/www.viaggiculturalieuropa.it\/blog\/#\/schema\/logo\/image\/"}},{"@type":"Person","@id":"https:\/\/www.viaggiculturalieuropa.it\/blog\/#\/schema\/person\/c308935b9c5ce1c1f251a716046a5e77","name":"Alessandro Paoli","image":{"@type":"ImageObject","inLanguage":"it-IT","@id":"https:\/\/secure.gravatar.com\/avatar\/a06e1e35af134cbabb249dd93e2e616241fa2788c42ccdd07d6cfa1217a89052?s=96&d=blank&r=g","url":"https:\/\/secure.gravatar.com\/avatar\/a06e1e35af134cbabb249dd93e2e616241fa2788c42ccdd07d6cfa1217a89052?s=96&d=blank&r=g","contentUrl":"https:\/\/secure.gravatar.com\/avatar\/a06e1e35af134cbabb249dd93e2e616241fa2788c42ccdd07d6cfa1217a89052?s=96&d=blank&r=g","caption":"Alessandro Paoli"},"sameAs":["http:\/\/www.viaggiculturalieuropa.it"],"url":"https:\/\/www.viaggiculturalieuropa.it\/blog\/author\/alessandro\/"}]}},"_links":{"self":[{"href":"https:\/\/www.viaggiculturalieuropa.it\/blog\/wp-json\/wp\/v2\/posts\/597","targetHints":{"allow":["GET"]}}],"collection":[{"href":"https:\/\/www.viaggiculturalieuropa.it\/blog\/wp-json\/wp\/v2\/posts"}],"about":[{"href":"https:\/\/www.viaggiculturalieuropa.it\/blog\/wp-json\/wp\/v2\/types\/post"}],"author":[{"embeddable":true,"href":"https:\/\/www.viaggiculturalieuropa.it\/blog\/wp-json\/wp\/v2\/users\/2"}],"replies":[{"embeddable":true,"href":"https:\/\/www.viaggiculturalieuropa.it\/blog\/wp-json\/wp\/v2\/comments?post=597"}],"version-history":[{"count":0,"href":"https:\/\/www.viaggiculturalieuropa.it\/blog\/wp-json\/wp\/v2\/posts\/597\/revisions"}],"wp:attachment":[{"href":"https:\/\/www.viaggiculturalieuropa.it\/blog\/wp-json\/wp\/v2\/media?parent=597"}],"wp:term":[{"taxonomy":"category","embeddable":true,"href":"https:\/\/www.viaggiculturalieuropa.it\/blog\/wp-json\/wp\/v2\/categories?post=597"},{"taxonomy":"post_tag","embeddable":true,"href":"https:\/\/www.viaggiculturalieuropa.it\/blog\/wp-json\/wp\/v2\/tags?post=597"}],"curies":[{"name":"wp","href":"https:\/\/api.w.org\/{rel}","templated":true}]}}